{"id":2509,"date":"2024-02-19T15:55:52","date_gmt":"2024-02-19T15:55:52","guid":{"rendered":"https:\/\/jairolibreros.com\/?p=2509"},"modified":"2025-10-22T14:10:26","modified_gmt":"2025-10-22T14:10:26","slug":"crisis-carcelaria-y-violencia-en-choco-y-tulua","status":"publish","type":"post","link":"https:\/\/jairolibreros.com\/?p=2509","title":{"rendered":"Crisis carcelaria y violencia en Choc\u00f3 y Tulu\u00e1"},"content":{"rendered":"<p><span style=\"font-size: 14pt; font-family: tahoma, arial, helvetica, sans-serif;\"><strong>Crisis carcelaria y violencia en Choc\u00f3 y Tulu\u00e1<\/strong><\/span><\/p>\n<p><span style=\"text-decoration: underline; font-family: tahoma, arial, helvetica, sans-serif; font-size: 14pt;\"><strong><a href=\"https:\/\/jairolibreros.com\/?page_id=3689\">Jairo Libreros<\/a><\/strong><\/span><\/p>\n<p><span style=\"font-size: 14pt; font-family: tahoma, arial, helvetica, sans-serif;\"><strong>Jairo Libreros<\/strong>\u00a0panelista Hora20 de Caracol Radio<\/span><\/p>\n<p class=\"p1\"><span style=\"font-size: 14pt; font-family: tahoma, arial, helvetica, sans-serif;\"><b>Paro armado del ELN, \u00bfes momento de abrir el di\u00e1logo a las comunidades?<\/b><\/span><\/p>\n<p class=\"p1\"><span style=\"font-size: 14pt; font-family: tahoma, arial, helvetica, sans-serif;\">Panelistas consideran que es necesario empezar a vincular a las comunidades que sufren el enfrentamiento entre armados y generan afectaciones a los derechos humanos.<\/span><\/p>\n<p><span style=\"font-size: 14pt; font-family: tahoma, arial, helvetica, sans-serif;\"><em>Redacci\u00f3n Hora20 \u00b7 Nicol\u00e1s Llano\u00b7 #Hora20 \u00b7 12.02.2024<\/em><\/span><\/p>\n<p><span style=\"text-decoration: underline; font-size: 14pt; font-family: tahoma, arial, helvetica, sans-serif;\"><a href=\"https:\/\/x.com\/Hora20\/status\/1757197781154832860?s=20\">https:\/\/x.com\/Hora20\/status\/1757197781154832860?s=20<\/a><\/span><\/p>\n<p class=\"p2\"><span style=\"font-size: 14pt; font-family: tahoma, arial, helvetica, sans-serif;\">En Hora20 el an\u00e1lisis a los hechos con los que inicia la semana. Un complejo panorama de orden p\u00fablico en el suroccidente del pa\u00eds, el paro armado que decret\u00f3 el Eln en el Choc\u00f3 al tiempo que se extiende el cese al fuego con esta guerrilla. Tambi\u00e9n el an\u00e1lisis a la violencia registrada durante este fin de semana en Tulu\u00e1. Despu\u00e9s el debate sobre la emergencia carcelaria decretada por el gobierno.<\/span><\/p>\n<p class=\"p2\"><span style=\"font-size: 14pt; font-family: tahoma, arial, helvetica, sans-serif;\">Solo cinco d\u00edas despu\u00e9s de que el Eln y el Gobierno anunciaran la pr\u00f3rroga del cese al fuego, el Frente de Guerra Occidental Omar G\u00f3mez anunci\u00f3 un paro armado indefinido en cinco municipios del Choc\u00f3, este ser\u00eda al menos el sexto paro armado desde diciembre del 2022. En esta ocasi\u00f3n y como ha ocurrido en otros momentos, el Eln denuncia la connivencia entre el paramilitarismo y el clan del Golfo, lo cual, lleva que la organizaci\u00f3n armada no permita la libre movilidad de las personas ni el ingreso de alimentos a la zona decretada que afectar\u00eda unas 27 mil personas bajo el confinamiento. Mientras comandante de las fuerzas militares dice que la situaci\u00f3n est\u00e1 controlada, al\u00edas, Fabi\u00e1n comandante del frente, dice que ellos mantienen el control sobre cinco municipios.<\/span><\/p>\n<p class=\"p2\"><span style=\"font-size: 14pt; font-family: tahoma, arial, helvetica, sans-serif;\">En cuanto al impacto en el cese al fuego que se prorrog\u00f3, estas acciones del Eln son consideradas como una violaci\u00f3n por parte de la Defensor\u00eda y Fuerzas Militares, sin embargo, este paro y las acciones que se desencadenan como el confinamiento y desplazamiento no ser\u00edan motivo de un rompimiento al cese, pues un cese al fuego y no de hostilidades; un escenario que representar\u00eda las dificultades que enfrenta la mesa de negociaci\u00f3n con el Eln.<\/span><\/p>\n<p class=\"p2\"><span style=\"font-size: 14pt; font-family: tahoma, arial, helvetica, sans-serif;\">De otro lado, est\u00e1 el complejo y preocupante panorama de violencia que vivi\u00f3 Tulu\u00e1 este fin de semana. Despu\u00e9s de la captura de alias \u201cNacho\u201d el pasado viernes, durante el s\u00e1bado en la ciudad se desat\u00f3 el caos con la quema de veh\u00edculos y varios ataques sicariales perpetrados por miembros La Inmaculada, una organizaci\u00f3n dedicada al narcotr\u00e1fico, sicariato y extorsi\u00f3n en el centro del Valle del Cauca, de la cual \u201cNacho\u201d es el l\u00edder. Tulu\u00e1 permanece militarizada desde el s\u00e1bado, se decret\u00f3 toque de queda y se esperan soluciones de fondo, pues en el 2023 la ciudad fue blanco de ataques a la justicia, asesinato de un candidato al concejo, de un concejal electo y de amenazas al quien es hoy el alcalde en ejercicio de esa ciudad.<\/span><\/p>\n<p class=\"p2\"><span style=\"font-size: 14pt; font-family: tahoma, arial, helvetica, sans-serif;\"><b>Lo que dicen los panelistas<\/b><\/span><\/p>\n<p class=\"p2\"><span style=\"font-size: 14pt; font-family: tahoma, arial, helvetica, sans-serif;\"><b>Para Jairo Libreros, abogado, profesor universitario y experto en asuntos de seguridad<\/b>, en el escenario actual de violencia el Eln podr\u00eda perder la presencia en el Ca\u00f1\u00f3n de Garrapatas, \u201csi lo pierden, todo el norte del Valle tendr\u00e1 una repercusi\u00f3n muy grande porque el Clan del golfo se apodera del Valle y tendr\u00eda control de la entrada de armas que llegan por el Pac\u00edfico\u201d. Detall\u00f3 que no hay estrategia de seguridad nacional, pero tampoco para el Pac\u00edfico, \u201cah\u00ed se requiere una estrategia porque si el Clan del Golfo se queda con esa zona, la paz total desaparecer\u00eda r\u00e1pidamente\u201d. El experto tambi\u00e9n coment\u00f3 que una de las respuestas debe ser una visi\u00f3n estrat\u00e9gica de Bogot\u00e1 respondiendo al diagn\u00f3stico local, \u201cno hay visi\u00f3n en MinDefensa y MinInterior que tenga en cuenta las din\u00e1micas locales\u201d.<\/span><\/p>\n<p><span style=\"text-decoration: underline; font-size: 14pt; font-family: tahoma, arial, helvetica, sans-serif;\"><a href=\"https:\/\/x.com\/Hora20\/status\/1757217837851054254?s=20\">https:\/\/x.com\/Hora20\/status\/1757217837851054254?s=20<\/a><\/span><\/p>\n<p class=\"p2\"><span style=\"font-size: 14pt; font-family: tahoma, arial, helvetica, sans-serif;\">Sobre el panorama en Tulu\u00e1, dijo que estamos ante una organizaci\u00f3n que no tiene m\u00e1s de 80 personas, en total son unas 200 y tienen 130 capturados, 95 en c\u00e1rcel y 22 de ellos tienen mando sobre las unidades en Tulu\u00e1, \u201cLa Inmaculada tiene mando porque es la primera organizaci\u00f3n que despu\u00e9s de la pandemia, entendi\u00f3 que pod\u00eda apoderarse del espacio p\u00fablico. En la alcald\u00eda anterior no se hizo nada y coparon espacios econ\u00f3micos\u201d.<\/span><\/p>\n<p class=\"p2\"><span style=\"font-size: 14pt; font-family: tahoma, arial, helvetica, sans-serif;\"><b>Mar\u00eda Teresa Ronderos, periodista, columnista en El Espectador y directora del Centro Latinoamericano de Investigaci\u00f3n period\u00edstica<\/b>, plante\u00f3 que hay falta de claridad en paz total, \u201cesa paz no arranc\u00f3 con las comunidades en el centro y se enviaron se\u00f1ales confusas y el Ej\u00e9rcito tampoco sabe d\u00f3nde pararse\u201d. Destac\u00f3 que tal vez esta crisis es positiva porque obliga empezar a pensar c\u00f3mo se resuelven las cosas en la pr\u00e1ctica, \u201cel ELN es perseguido por el clan del Golfo, pero el Ej\u00e9rcito no los puede defender. Hay que ver c\u00f3mo en terreno se pone a la poblaci\u00f3n en el centro\u201d.<\/span><\/p>\n<p class=\"p2\"><span style=\"font-size: 14pt; font-family: tahoma, arial, helvetica, sans-serif;\"><b>Jos\u00e9 F\u00e9lix Lafaurie, presidente de Fedeg\u00e1n, columnista y miembro del equipo negociador del gobierno en los di\u00e1logos con el Eln<\/b>, comparti\u00f3 la narrativa de la gobernadora del Choc\u00f3 de reclamar participaci\u00f3n de la comunidad en el di\u00e1logo con el ELN, \u201cas\u00ed como con las Farc, las v\u00edctimas est\u00e1n en el centro de negociaci\u00f3n, ac\u00e1 en el di\u00e1logo son las comunidades; hay un valor sustantivo y los tres primeros puntos de la agenda es evitar que la violencia afecte a las comunidades\u201d. Detall\u00f3 que vale la pena abrir un espacio en el pr\u00f3ximo ciclo, \u201cen el acuerdo identificamos siete zonas, y el caso del Choc\u00f3 por la disputa territorial necesariamente merece un tratamiento muy especial\u201d.<\/span><\/p>\n<p class=\"p2\"><span style=\"font-size: 14pt; font-family: tahoma, arial, helvetica, sans-serif;\">Agreg\u00f3 que no hay derecho a que cinco d\u00edas despu\u00e9s de los acuerdos de Cuba, se decrete un paro armado, \u201ceso desdice de la capacidad de respuesta del Eln en sus frentes de guerra\u201d. Por \u00faltimo, dijo que la situaci\u00f3n del Choc\u00f3 merece que deba ser la propia gobernadora del Choc\u00f3 la que vaya a la mesa de di\u00e1logo y se lo diga a los delegados del Eln.<\/span><\/p>\n<p class=\"p2\"><span style=\"font-size: 14pt; font-family: tahoma, arial, helvetica, sans-serif;\"><b>Luis Fernando Trejos, polit\u00f3logo, profesor en la Universidad del Norte, experto en asuntos de conflicto y columnista<\/b>, explic\u00f3 que en el Choc\u00f3 desde 2020 hay una guerra entre ELN y AGC, \u201cellos iniciaron un proceso de expansi\u00f3n que tiene casi que desterrado del Choc\u00f3 al ELN y el paro armado es un mecanismo de la guerrilla para frenar esa ofensiva militar\u201d. Resalt\u00f3 que el Estado no aparece como tercero en discordia y no ofrece garant\u00edas de seguridad a la comunidad, \u201cel cese al fuego bilateral es un avance significativo en negociaci\u00f3n, pero toca ver el alcance en territorio donde hay disputas entre armados\u201d, adem\u00e1s, dijo que en la medida que queden zonas grises en los acuerdos con el ELN, la guerrilla se aprovecha de eso y sigue presionando a las comunidades.<\/span><\/p>\n<p class=\"p2\"><span style=\"font-size: 14pt; font-family: tahoma, arial, helvetica, sans-serif;\">Tambi\u00e9n manifest\u00f3 que es determinante poner sobre la mesa si el ELN realmente tiene unidad de mando en todos los frentes de guerra que operan en el pa\u00eds, parece que el Oriental y Occidental son ruedas sueltas de la negociaci\u00f3n\u201d, de hecho, habl\u00f3 de una tesis sobre los tres tipos de ELN: hay un ELN que negocia, otro que no negocia como frentes de guerra Oriental y Occidental y el ELN venezolano, del cual se desconoce cu\u00e1l es su postura frente a la negociaci\u00f3n.<\/span><\/p>\n<p><iframe hcb-fetch-image-from=\"https:\/\/www.youtube.com\/watch?v=X74_w312nSQ\" title=\"HORA 20 - Crisis carcelaria y violencia en Choc\u00f3 y Tulu\u00e1 | Caracol Radio\" width=\"640\" height=\"360\" src=\"https:\/\/www.youtube.com\/embed\/X74_w312nSQ?feature=oembed\" frameborder=\"0\" allow=\"accelerometer; autoplay; clipboard-write; encrypted-media; gyroscope; picture-in-picture; web-share\" referrerpolicy=\"strict-origin-when-cross-origin\" allowfullscreen><\/iframe><\/p>\n<p><span style=\"font-size: 14pt; font-family: tahoma, arial, helvetica, sans-serif;\">El enlace de Hora20 con el audio del an\u00e1lisis es el siguiente:<\/span><\/p>\n<p><span style=\"text-decoration: underline; font-size: 14pt; font-family: tahoma, arial, helvetica, sans-serif;\"><a href=\"https:\/\/caracol.com.co\/2024\/02\/13\/paro-armado-del-eln-es-momento-de-abrir-el-dialogo-a-las-comunidades\/\">https:\/\/caracol.com.co\/2024\/02\/13\/paro-armado-del-eln-es-momento-de-abrir-el-dialogo-a-las-comunidades\/\u00a0<\/a><\/span><\/p>\n<p style=\"text-align: right;\"><span style=\"text-decoration: underline; font-family: tahoma, arial, helvetica, sans-serif; font-size: 14pt;\"><a href=\"https:\/\/jairolibreros.com\/\"><strong>Blog de Jairo Libreros<\/strong><\/a><\/span><\/p>\n","protected":false},"excerpt":{"rendered":"<p>Crisis carcelaria y violencia en Choc\u00f3 y Tulu\u00e1 Jairo Libreros Jairo Libreros\u00a0panelista Hora20 de Caracol Radio Paro armado del ELN, \u00bfes momento de <\/p>\n","protected":false},"author":1,"featured_media":428,"comment_status":"open","ping_status":"open","sticky":false,"template":"","format":"standard","meta":{"om_disable_all_campaigns":false,"_monsterinsights_skip_tracking":false,"_monsterinsights_sitenote_active":false,"_monsterinsights_sitenote_note":"","_monsterinsights_sitenote_category":0,"footnotes":""},"categories":[94,1],"tags":[90,98,53,39],"aioseo_notices":[],"class_list":["post-2509","post","type-post","status-publish","format-standard","has-post-thumbnail","hentry","category-caracol-radio","category-jairo-libreros","tag-seguridad-y-defensa-nacional","tag-derechos-humanos","tag-politicas-publicas","tag-seguridad-ciudadana"],"_links":{"self":[{"href":"https:\/\/jairolibreros.com\/index.php?rest_route=\/wp\/v2\/posts\/2509"}],"collection":[{"href":"https:\/\/jairolibreros.com\/index.php?rest_route=\/wp\/v2\/posts"}],"about":[{"href":"https:\/\/jairolibreros.com\/index.php?rest_route=\/wp\/v2\/types\/post"}],"author":[{"embeddable":true,"href":"https:\/\/jairolibreros.com\/index.php?rest_route=\/wp\/v2\/users\/1"}],"replies":[{"embeddable":true,"href":"https:\/\/jairolibreros.com\/index.php?rest_route=%2Fwp%2Fv2%2Fcomments&post=2509"}],"version-history":[{"count":4,"href":"https:\/\/jairolibreros.com\/index.php?rest_route=\/wp\/v2\/posts\/2509\/revisions"}],"predecessor-version":[{"id":3859,"href":"https:\/\/jairolibreros.com\/index.php?rest_route=\/wp\/v2\/posts\/2509\/revisions\/3859"}],"wp:featuredmedia":[{"embeddable":true,"href":"https:\/\/jairolibreros.com\/index.php?rest_route=\/wp\/v2\/media\/428"}],"wp:attachment":[{"href":"https:\/\/jairolibreros.com\/index.php?rest_route=%2Fwp%2Fv2%2Fmedia&parent=2509"}],"wp:term":[{"taxonomy":"category","embeddable":true,"href":"https:\/\/jairolibreros.com\/index.php?rest_route=%2Fwp%2Fv2%2Fcategories&post=2509"},{"taxonomy":"post_tag","embeddable":true,"href":"https:\/\/jairolibreros.com\/index.php?rest_route=%2Fwp%2Fv2%2Ftags&post=2509"}],"curies":[{"name":"wp","href":"https:\/\/api.w.org\/{rel}","templated":true}]}}