{"id":2525,"date":"2024-02-23T23:45:13","date_gmt":"2024-02-23T23:45:13","guid":{"rendered":"https:\/\/jairolibreros.com\/?p=2525"},"modified":"2025-09-06T01:18:40","modified_gmt":"2025-09-06T01:18:40","slug":"soy-la-voz-de-quienes-rechazamos-armar-a-los-civiles-como-una-decision-para-superar-una-crisis-de-seguridad-publica-o-para-revertir-los-indices-de-percepcion-de-inseguridad","status":"publish","type":"post","link":"https:\/\/jairolibreros.com\/?p=2525","title":{"rendered":"Soy la voz de quienes rechazamos armar a los civiles como una decisi\u00f3n para superar una crisis de seguridad p\u00fablica o para revertir los \u00edndices de percepci\u00f3n de inseguridad"},"content":{"rendered":"<p><span style=\"font-size: 14pt; font-family: tahoma, arial, helvetica, sans-serif;\"><strong>Soy la voz de quienes rechazamos armar a los civiles como una decisi\u00f3n para superar una crisis de seguridad p\u00fablica o para revertir los \u00edndices de percepci\u00f3n de inseguridad<\/strong><\/span><\/p>\n<p><span style=\"text-decoration: underline; font-family: tahoma, arial, helvetica, sans-serif; font-size: 14pt;\"><strong><a href=\"https:\/\/jairolibreros.com\/?page_id=3689\">Jairo Libreros<\/a><\/strong><\/span><\/p>\n<p><span style=\"font-size: 14pt; font-family: tahoma, arial, helvetica, sans-serif;\"><em><a class=\"css-4rbku5 css-18t94o4 css-901oao css-16my406 r-1cvl2hr r-1loqt21 r-poiln3 r-bcqeeo r-1ny4l3l r-1ddef8g r-tjvw6i r-qvutc0\" dir=\"ltr\" role=\"link\" href=\"https:\/\/twitter.com\/hashtag\/SoyLaVoz?src=hashtag_click\">#SoyLaVoz<\/a> \u00b7 La Luci\u00e9rnaga \u00b7 Caracol Radio \u00b7 23.02.2024<\/em><\/span><\/p>\n<p class=\"p1\"><span style=\"font-size: 14pt; font-family: tahoma, arial, helvetica, sans-serif;\">Hola, les habla <strong>Jairo Libreros<\/strong>, profesor de la Universidad Externado de Colombia, y soy la voz de qui\u00e9nes rechazamos armar a los civiles como una decisi\u00f3n para superar una crisis de seguridad p\u00fablica o para revertir los \u00edndices de percepci\u00f3n de inseguridad.<\/span><\/p>\n<p class=\"p1\"><span style=\"font-size: 14pt; font-family: tahoma, arial, helvetica, sans-serif;\">Algunas personalidades gritan a los cuatro vientos que la mejor forma de superar el sicariato, los asaltos a establecimientos comerciales y los atracos callejeros consiste en armar a los civiles, esto es, habilitar salvoconductos con m\u00ednimas barreras de acceso para facilitar el porte de armas, con el \u00fanico prop\u00f3sito de disuadir a los violentos o, en el peor de los casos, para<span class=\"Apple-converted-space\">\u00a0 <\/span>ultimar delincuentes.<\/span><\/p>\n<p class=\"p1\"><span style=\"font-size: 14pt; font-family: tahoma, arial, helvetica, sans-serif;\">Algunos dicen que en EEUU est\u00e1 demostrado que armar a los civiles es una pr\u00e1ctica exitosa, y que esta se puede trasladar a Colombia, digo yo, como si eso fuera reformar un <em>art\u00edculito<\/em>. Esas personalidades oportunistas est\u00e1n equivocadas. En primer lugar, porque el modelo de seguridad norteamericano difiere de principio a fin del modelo constitucional colombiano. Y en segundo lugar, porque no es cierto que esa pr\u00e1ctica disuada a los violentos: el estudio de las tasas de tiroteos demuestra lo contrario.<\/span><\/p>\n<p class=\"p1\"><span style=\"font-size: 14pt; font-family: tahoma, arial, helvetica, sans-serif;\">Y algunos otros afirman que en los pa\u00edses o ciudades donde se flexibiliz\u00f3 el porte de armas inmediatamente cayeron los indicadores de las principales modalidades delictivas cometidas con armas de fuego. Esas personalidades desinformadas tambi\u00e9n est\u00e1n erradas. En Am\u00e9rica Latina no existe estudio alguno que as\u00ed lo acredite.<\/span><\/p>\n<p class=\"p1\"><span style=\"font-size: 14pt; font-family: tahoma, arial, helvetica, sans-serif;\">En conclusi\u00f3n, as\u00ed como le exigimos a las autoridades p\u00fablicas que tomen decisiones con base en la evidencia, igualmente le exigimos a algunas personalidades que hagan lo propio, es decir, que sus propuestas de pol\u00edtica p\u00fablica est\u00e9n acreditadas por investigaciones acad\u00e9micas y, por supuesto, que est\u00e9n desprovistas de sesgos oportunistas y sin distorsiones deliberadas de la realidad, que solo sirven para minar la confianza p\u00fablica y socavar el debate democr\u00e1tico.<\/span><\/p>\n<!--[if lt IE 9]><script>document.createElement('audio');<\/script><![endif]-->\n<audio class=\"wp-audio-shortcode\" id=\"audio-2525-1\" preload=\"none\" style=\"width: 100%;\" controls=\"controls\"><source type=\"audio\/mpeg\" src=\"https:\/\/jairolibreros.com\/wp-content\/uploads\/2024\/02\/AUDIO-2024-02-23-18-40-53.mp3?_=1\" \/><a href=\"https:\/\/jairolibreros.com\/wp-content\/uploads\/2024\/02\/AUDIO-2024-02-23-18-40-53.mp3\">https:\/\/jairolibreros.com\/wp-content\/uploads\/2024\/02\/AUDIO-2024-02-23-18-40-53.mp3<\/a><\/audio>\n<p style=\"text-align: right;\"><span style=\"text-decoration: underline; font-family: tahoma, arial, helvetica, sans-serif; font-size: 14pt;\"><a href=\"https:\/\/jairolibreros.com\/\"><strong>Blog de Jairo Libreros<\/strong><\/a><\/span><\/p>\n","protected":false},"excerpt":{"rendered":"<p>Soy la voz de quienes rechazamos armar a los civiles como una decisi\u00f3n para superar una crisis de seguridad p\u00fablica o para revertir <\/p>\n","protected":false},"author":1,"featured_media":428,"comment_status":"open","ping_status":"open","sticky":false,"template":"","format":"standard","meta":{"om_disable_all_campaigns":false,"_monsterinsights_skip_tracking":false,"_monsterinsights_sitenote_active":false,"_monsterinsights_sitenote_note":"","_monsterinsights_sitenote_category":0,"footnotes":""},"categories":[94,1],"tags":[54,53,39],"aioseo_notices":[],"class_list":["post-2525","post","type-post","status-publish","format-standard","has-post-thumbnail","hentry","category-caracol-radio","category-jairo-libreros","tag-comunicacion-politica","tag-politicas-publicas","tag-seguridad-ciudadana"],"_links":{"self":[{"href":"https:\/\/jairolibreros.com\/index.php?rest_route=\/wp\/v2\/posts\/2525"}],"collection":[{"href":"https:\/\/jairolibreros.com\/index.php?rest_route=\/wp\/v2\/posts"}],"about":[{"href":"https:\/\/jairolibreros.com\/index.php?rest_route=\/wp\/v2\/types\/post"}],"author":[{"embeddable":true,"href":"https:\/\/jairolibreros.com\/index.php?rest_route=\/wp\/v2\/users\/1"}],"replies":[{"embeddable":true,"href":"https:\/\/jairolibreros.com\/index.php?rest_route=%2Fwp%2Fv2%2Fcomments&post=2525"}],"version-history":[{"count":7,"href":"https:\/\/jairolibreros.com\/index.php?rest_route=\/wp\/v2\/posts\/2525\/revisions"}],"predecessor-version":[{"id":3862,"href":"https:\/\/jairolibreros.com\/index.php?rest_route=\/wp\/v2\/posts\/2525\/revisions\/3862"}],"wp:featuredmedia":[{"embeddable":true,"href":"https:\/\/jairolibreros.com\/index.php?rest_route=\/wp\/v2\/media\/428"}],"wp:attachment":[{"href":"https:\/\/jairolibreros.com\/index.php?rest_route=%2Fwp%2Fv2%2Fmedia&parent=2525"}],"wp:term":[{"taxonomy":"category","embeddable":true,"href":"https:\/\/jairolibreros.com\/index.php?rest_route=%2Fwp%2Fv2%2Fcategories&post=2525"},{"taxonomy":"post_tag","embeddable":true,"href":"https:\/\/jairolibreros.com\/index.php?rest_route=%2Fwp%2Fv2%2Ftags&post=2525"}],"curies":[{"name":"wp","href":"https:\/\/api.w.org\/{rel}","templated":true}]}}