{"id":2557,"date":"2024-03-07T01:41:18","date_gmt":"2024-03-07T01:41:18","guid":{"rendered":"https:\/\/jairolibreros.com\/?p=2557"},"modified":"2025-05-03T21:54:07","modified_gmt":"2025-05-03T21:54:07","slug":"la-situacion-judicial-de-salvatore-mancuso","status":"publish","type":"post","link":"https:\/\/jairolibreros.com\/?p=2557","title":{"rendered":"La situaci\u00f3n judicial de Salvatore Mancuso"},"content":{"rendered":"<p><span style=\"font-size: 14pt;\"><strong>La situaci\u00f3n judicial de Salvatore Mancuso<\/strong><\/span><\/p>\n<p><span style=\"font-size: 14pt;\"><strong>Jairo Libreros<\/strong> profesor titular de la Universidad Externado de Colombia<\/span><\/p>\n<p><span style=\"font-size: 14pt;\"><em>DNews \u00b7 05.03.2024<\/em><\/span><\/p>\n<p><span style=\"font-size: 14pt;\">En DNews analic\u00e9 la situaci\u00f3n jur\u00eddica de Salvatore Mancuso y su impacto pol\u00edtico en Colombia:<\/span><\/p>\n<p><iframe hcb-fetch-image-from=\"https:\/\/www.youtube.com\/watch?v=25qQx8zSt7I\" title=\"La situaci\u00f3n judicial de Salvatore Mancuso #DNEWS\" width=\"640\" height=\"360\" src=\"https:\/\/www.youtube.com\/embed\/25qQx8zSt7I?feature=oembed\" frameborder=\"0\" allow=\"accelerometer; autoplay; clipboard-write; encrypted-media; gyroscope; picture-in-picture; web-share\" referrerpolicy=\"strict-origin-when-cross-origin\" allowfullscreen><\/iframe><\/p>\n","protected":false},"excerpt":{"rendered":"<p>La situaci\u00f3n judicial de Salvatore Mancuso Jairo Libreros profesor titular de la Universidad Externado de Colombia DNews \u00b7 05.03.2024 En DNews analic\u00e9 la <\/p>\n","protected":false},"author":1,"featured_media":2347,"comment_status":"open","ping_status":"open","sticky":false,"template":"","format":"standard","meta":{"om_disable_all_campaigns":false,"_monsterinsights_skip_tracking":false,"_monsterinsights_sitenote_active":false,"_monsterinsights_sitenote_note":"","_monsterinsights_sitenote_category":0,"footnotes":""},"categories":[1],"tags":[54,90,39],"aioseo_notices":[],"class_list":["post-2557","post","type-post","status-publish","format-standard","has-post-thumbnail","hentry","category-jairo-libreros","tag-comunicacion-politica","tag-seguridad-y-defensa-nacional","tag-seguridad-ciudadana"],"_links":{"self":[{"href":"https:\/\/jairolibreros.com\/index.php?rest_route=\/wp\/v2\/posts\/2557"}],"collection":[{"href":"https:\/\/jairolibreros.com\/index.php?rest_route=\/wp\/v2\/posts"}],"about":[{"href":"https:\/\/jairolibreros.com\/index.php?rest_route=\/wp\/v2\/types\/post"}],"author":[{"embeddable":true,"href":"https:\/\/jairolibreros.com\/index.php?rest_route=\/wp\/v2\/users\/1"}],"replies":[{"embeddable":true,"href":"https:\/\/jairolibreros.com\/index.php?rest_route=%2Fwp%2Fv2%2Fcomments&post=2557"}],"version-history":[{"count":1,"href":"https:\/\/jairolibreros.com\/index.php?rest_route=\/wp\/v2\/posts\/2557\/revisions"}],"predecessor-version":[{"id":2558,"href":"https:\/\/jairolibreros.com\/index.php?rest_route=\/wp\/v2\/posts\/2557\/revisions\/2558"}],"wp:featuredmedia":[{"embeddable":true,"href":"https:\/\/jairolibreros.com\/index.php?rest_route=\/wp\/v2\/media\/2347"}],"wp:attachment":[{"href":"https:\/\/jairolibreros.com\/index.php?rest_route=%2Fwp%2Fv2%2Fmedia&parent=2557"}],"wp:term":[{"taxonomy":"category","embeddable":true,"href":"https:\/\/jairolibreros.com\/index.php?rest_route=%2Fwp%2Fv2%2Fcategories&post=2557"},{"taxonomy":"post_tag","embeddable":true,"href":"https:\/\/jairolibreros.com\/index.php?rest_route=%2Fwp%2Fv2%2Ftags&post=2557"}],"curies":[{"name":"wp","href":"https:\/\/api.w.org\/{rel}","templated":true}]}}