{"id":2559,"date":"2024-03-13T12:55:05","date_gmt":"2024-03-13T12:55:05","guid":{"rendered":"https:\/\/jairolibreros.com\/?p=2559"},"modified":"2025-09-06T01:22:11","modified_gmt":"2025-09-06T01:22:11","slug":"que-opina-de-todo-el-tramite-de-ayer-que-termino-con-la-eleccion-de-la-dra-luz-adriana-camargo-como-nueva-fiscal-general-de-la-nacion","status":"publish","type":"post","link":"https:\/\/jairolibreros.com\/?p=2559","title":{"rendered":"\u00bfQu\u00e9 opina de todo el tr\u00e1mite de ayer que termin\u00f3 con la elecci\u00f3n de la Dra. Luz Adriana Camargo como nueva fiscal general de la Naci\u00f3n?"},"content":{"rendered":"<p><span style=\"font-size: 14pt;\"><strong>\u00bfQu\u00e9 opina de todo el tr\u00e1mite de ayer que termin\u00f3 con la elecci\u00f3n de la Dra. Luz Adriana Camargo como nueva fiscal general de la Naci\u00f3n?<\/strong><\/span><\/p>\n<p><span style=\"font-size: 14pt;\"><strong>Jairo Libreros<\/strong> profesor titular de la Universidad Externado de Colombia<\/span><\/p>\n<p><span style=\"font-size: 14pt;\"><em>6AM Hoy por Hoy \u00b7 #6AM \u00b7 Caracol Radio \u00b7 13.03.2024<\/em><\/span><\/p>\n<p class=\"p1\"><span style=\"font-size: 14pt;\">Hola Gustavo, buenos d\u00edas\u2026<\/span><\/p>\n<p class=\"p1\"><span style=\"font-size: 14pt;\">Pues\u2026, ces\u00f3 la horrible noche. De un lado, cae el tel\u00f3n de la nefasta fiscal\u00eda de Francisco Barbosa, Martha Mancera y compa\u00f1\u00eda encubierta\u2026, de ah\u00ed no se sabe qui\u00e9n sale peor librado.<\/span><\/p>\n<p class=\"p1\"><span style=\"font-size: 14pt;\">El saldo en rojo en resultados sobre investigaci\u00f3n criminal, en reducci\u00f3n de las tasas de impunidad y en esclarecimiento de los hechos punibles es el legado notorio de quienes se fueron y se van de la c\u00fapula de la fiscal\u00eda.<\/span><\/p>\n<p class=\"p1\"><span style=\"font-size: 14pt;\">De otro lado, se agot\u00f3 el reality -propio de la casa estudio-, que padecimos con las ternas, un marido twitero, el show de los magistrados disque presionad\u00ed\u00ed\u00edsimos por la protesta social, las rondas de votaciones, una renuncia a \u00faltima hora y los eternos conceptos de innumerables juristas sobre la legitimidad, constitucionalidad, legalidad, los precedentes -y no recuerdo cuantas cosas m\u00e1s-, de la elecci\u00f3n de una terna de tres, o una de dos, o una terna de dos y media, porque una candidata renunci\u00f3 pero su carta es inane. Gustavo, esto fue una comedia.<\/span><\/p>\n<p class=\"p1\"><span style=\"font-size: 14pt;\">Por \u00faltimo, lo m\u00e1s importante, el perfil de las mujeres ternadas es intachable. Profesionales especializadas, penalistas, con experiencia acad\u00e9mica, fogueadas nacional e internacionalmente.<\/span><\/p>\n<p class=\"p1\"><span style=\"font-size: 14pt;\">Y la La fiscal\u00eda general qued\u00f3 en mejores manos con la elecci\u00f3n de Luz Adriana Camargo. Su propuesta de gesti\u00f3n institucional transformar\u00e1 el cuestionado b\u00fanker: sin duda, necesitamos una priorizaci\u00f3n con enfoque territorial, an\u00e1lisis criminal con apoyo de la tecnolog\u00eda, fortalecimiento de rutas de atenci\u00f3n a las v\u00edctimas y el redise\u00f1o de los indicadores de gesti\u00f3n estrat\u00e9gica de la entidad. En conclusi\u00f3n, bienvenida y enhorabuena, doctora Camargo.<\/span><\/p>\n<!--[if lt IE 9]><script>document.createElement('audio');<\/script><![endif]-->\n<audio class=\"wp-audio-shortcode\" id=\"audio-2559-1\" preload=\"none\" style=\"width: 100%;\" controls=\"controls\"><source type=\"audio\/mpeg\" src=\"https:\/\/jairolibreros.com\/wp-content\/uploads\/2024\/03\/AUDIO-2024-03-12-15-59-42.m4a?_=1\" \/><a href=\"https:\/\/jairolibreros.com\/wp-content\/uploads\/2024\/03\/AUDIO-2024-03-12-15-59-42.m4a\">https:\/\/jairolibreros.com\/wp-content\/uploads\/2024\/03\/AUDIO-2024-03-12-15-59-42.m4a<\/a><\/audio>\n<p>&nbsp;<\/p>\n","protected":false},"excerpt":{"rendered":"<p>\u00bfQu\u00e9 opina de todo el tr\u00e1mite de ayer que termin\u00f3 con la elecci\u00f3n de la Dra. Luz Adriana Camargo como nueva fiscal general <\/p>\n","protected":false},"author":1,"featured_media":428,"comment_status":"open","ping_status":"open","sticky":false,"template":"","format":"standard","meta":{"om_disable_all_campaigns":false,"_monsterinsights_skip_tracking":false,"_monsterinsights_sitenote_active":false,"_monsterinsights_sitenote_note":"","_monsterinsights_sitenote_category":0,"footnotes":""},"categories":[94,1],"tags":[54],"aioseo_notices":[],"class_list":["post-2559","post","type-post","status-publish","format-standard","has-post-thumbnail","hentry","category-caracol-radio","category-jairo-libreros","tag-comunicacion-politica"],"_links":{"self":[{"href":"https:\/\/jairolibreros.com\/index.php?rest_route=\/wp\/v2\/posts\/2559"}],"collection":[{"href":"https:\/\/jairolibreros.com\/index.php?rest_route=\/wp\/v2\/posts"}],"about":[{"href":"https:\/\/jairolibreros.com\/index.php?rest_route=\/wp\/v2\/types\/post"}],"author":[{"embeddable":true,"href":"https:\/\/jairolibreros.com\/index.php?rest_route=\/wp\/v2\/users\/1"}],"replies":[{"embeddable":true,"href":"https:\/\/jairolibreros.com\/index.php?rest_route=%2Fwp%2Fv2%2Fcomments&post=2559"}],"version-history":[{"count":4,"href":"https:\/\/jairolibreros.com\/index.php?rest_route=\/wp\/v2\/posts\/2559\/revisions"}],"predecessor-version":[{"id":4403,"href":"https:\/\/jairolibreros.com\/index.php?rest_route=\/wp\/v2\/posts\/2559\/revisions\/4403"}],"wp:featuredmedia":[{"embeddable":true,"href":"https:\/\/jairolibreros.com\/index.php?rest_route=\/wp\/v2\/media\/428"}],"wp:attachment":[{"href":"https:\/\/jairolibreros.com\/index.php?rest_route=%2Fwp%2Fv2%2Fmedia&parent=2559"}],"wp:term":[{"taxonomy":"category","embeddable":true,"href":"https:\/\/jairolibreros.com\/index.php?rest_route=%2Fwp%2Fv2%2Fcategories&post=2559"},{"taxonomy":"post_tag","embeddable":true,"href":"https:\/\/jairolibreros.com\/index.php?rest_route=%2Fwp%2Fv2%2Ftags&post=2559"}],"curies":[{"name":"wp","href":"https:\/\/api.w.org\/{rel}","templated":true}]}}