{"id":2565,"date":"2024-03-19T22:12:21","date_gmt":"2024-03-19T22:12:21","guid":{"rendered":"https:\/\/jairolibreros.com\/?p=2565"},"modified":"2025-09-06T01:23:53","modified_gmt":"2025-09-06T01:23:53","slug":"soy-la-voz-de-quienes-estamos-de-acuerdo-con-los-dialogos-con-el-clan-del-golfo","status":"publish","type":"post","link":"https:\/\/jairolibreros.com\/?p=2565","title":{"rendered":"Soy la voz de qui\u00e9nes estamos de acuerdo con los di\u00e1logos con el Clan del Golfo"},"content":{"rendered":"<p><span style=\"font-size: 14pt; font-family: tahoma, arial, helvetica, sans-serif;\"><strong>Soy la voz de qui\u00e9nes estamos de acuerdo con los di\u00e1logos con el Clan del Golfo<\/strong><\/span><\/p>\n<p><span style=\"font-size: 14pt; font-family: tahoma, arial, helvetica, sans-serif;\"><strong>Jairo Libreros<\/strong>\u00a0panelista Hora20 de Caracol Radio<\/span><\/p>\n<p><span style=\"font-size: 14pt; font-family: tahoma, arial, helvetica, sans-serif;\"><em><a class=\"css-4rbku5 css-18t94o4 css-901oao css-16my406 r-1cvl2hr r-1loqt21 r-poiln3 r-bcqeeo r-1ny4l3l r-1ddef8g r-tjvw6i r-qvutc0\" dir=\"ltr\" role=\"link\" href=\"https:\/\/twitter.com\/hashtag\/SoyLaVoz?src=hashtag_click\">#SoyLaVoz<\/a> \u00b7 La Luci\u00e9rnaga \u00b7 Caracol Radio \u00b7 19.03.2024<\/em><\/span><\/p>\n<p class=\"p1\"><span style=\"font-size: 14pt; font-family: tahoma, arial, helvetica, sans-serif;\">Hola, les habla <strong>Jairo Libreros<\/strong>, profesor de la Universidad Externado de Colombia, y soy la voz de qui\u00e9nes estamos de acuerdo con los di\u00e1logos con el Clan del Golfo.<\/span><\/p>\n<p class=\"p1\"><span style=\"font-size: 14pt; font-family: tahoma, arial, helvetica, sans-serif;\">El problema consiste en que no es claro ni preciso, en ese intercambio de la oferta de la Casa de Nari\u00f1o y la aceptaci\u00f3n del Clan del Golfo, si esos di\u00e1logos son para un sometimiento a la justicia o para un acuerdo de paz.<\/span><\/p>\n<p class=\"p1\"><span style=\"font-size: 14pt; font-family: tahoma, arial, helvetica, sans-serif;\">Algunos consideran que el \u00fanico camino posible es el sometimiento a la justicia, porque esa estructura armada no es pol\u00edtica, sino delictiva: viven del narcotr\u00e1fico, del tr\u00e1fico l\u00edcito de migrantes y de armas, de la extorsi\u00f3n, del sicariato, de los confinamientos y de los desplazamientos.<\/span><\/p>\n<p class=\"p1\"><span style=\"font-size: 14pt; font-family: tahoma, arial, helvetica, sans-serif;\">En cambio otros consideran que transformaron su perfil para ser reconocidos como un ej\u00e9rcito irregular y adelantar un acuerdo de paz: posan de combatientes -uniformados y armados-, est\u00e1n agrupados en una unidad central que toma decisiones de comando y ejercen control territorial.<\/span><\/p>\n<p class=\"p1\"><span style=\"font-size: 14pt; font-family: tahoma, arial, helvetica, sans-serif;\">El Clan del Golfo, o los gaitanistas -como ellos se autodenominan-, han sido claros en la comunicaci\u00f3n del perfil que dicen ostentar: son actores armados que buscan el reconocimiento pol\u00edtico para realizar un acuerdo de paz. Y si no es as\u00ed, afirman los gaitanistas, seguir\u00e1n en armas.<\/span><\/p>\n<p class=\"p1\"><span style=\"font-size: 14pt; font-family: tahoma, arial, helvetica, sans-serif;\">En un an\u00e1lisis comparado no vamos a encontrar actores armados con reconocimiento pol\u00edtico que no est\u00e9n involucrados en actos delictivos. En el caso de Colombia, las antiguas FARC estaban vinculadas con el narcotr\u00e1fico, el terrorismo y mil delitos m\u00e1s. Hoy d\u00eda el ELN es una agrupaci\u00f3n de naturaleza mafiosa. Son narcotraficantes y cometen mil delitos m\u00e1s. Y ni hablar de las disidencias de las FARC, sean las de Mordisco o las de M\u00e1rquez, tambi\u00e9n son narcos puros.<\/span><\/p>\n<p class=\"p1\"><span style=\"font-size: 14pt; font-family: tahoma, arial, helvetica, sans-serif;\">En conclusi\u00f3n, si el presidente Petro quiere sacar al Clan del Golfo de la ecuaci\u00f3n de la violencia, del conflicto, de la delincuencia y solucionar la crisis humanitaria que padecen miles de colombianos sometidos a los gaitanistas, solo tiene un camino pol\u00edtico: negociar un acuerdo de paz, tal como actualmente lo hace con otras estructuras armadas, que habilitadas pol\u00edticamente y en una mesa de negociaci\u00f3n de paz siguen dedicadas a la extorsi\u00f3n, a los secuestros, al homicidio y al narcotr\u00e1fico.<\/span><\/p>\n<!--[if lt IE 9]><script>document.createElement('audio');<\/script><![endif]-->\n<audio class=\"wp-audio-shortcode\" id=\"audio-2565-1\" preload=\"none\" style=\"width: 100%;\" controls=\"controls\"><source type=\"audio\/mpeg\" src=\"https:\/\/jairolibreros.com\/wp-content\/uploads\/2024\/03\/AUDIO-2024-03-19-20-30-41.mp3?_=1\" \/><a href=\"https:\/\/jairolibreros.com\/wp-content\/uploads\/2024\/03\/AUDIO-2024-03-19-20-30-41.mp3\">https:\/\/jairolibreros.com\/wp-content\/uploads\/2024\/03\/AUDIO-2024-03-19-20-30-41.mp3<\/a><\/audio>\n","protected":false},"excerpt":{"rendered":"<p>Soy la voz de qui\u00e9nes estamos de acuerdo con los di\u00e1logos con el Clan del Golfo Jairo Libreros\u00a0panelista Hora20 de Caracol Radio #SoyLaVoz <\/p>\n","protected":false},"author":1,"featured_media":428,"comment_status":"open","ping_status":"open","sticky":false,"template":"","format":"standard","meta":{"om_disable_all_campaigns":false,"_monsterinsights_skip_tracking":false,"_monsterinsights_sitenote_active":false,"_monsterinsights_sitenote_note":"","_monsterinsights_sitenote_category":0,"footnotes":""},"categories":[94,1],"tags":[54,90,53,39],"aioseo_notices":[],"class_list":["post-2565","post","type-post","status-publish","format-standard","has-post-thumbnail","hentry","category-caracol-radio","category-jairo-libreros","tag-comunicacion-politica","tag-seguridad-y-defensa-nacional","tag-politicas-publicas","tag-seguridad-ciudadana"],"_links":{"self":[{"href":"https:\/\/jairolibreros.com\/index.php?rest_route=\/wp\/v2\/posts\/2565"}],"collection":[{"href":"https:\/\/jairolibreros.com\/index.php?rest_route=\/wp\/v2\/posts"}],"about":[{"href":"https:\/\/jairolibreros.com\/index.php?rest_route=\/wp\/v2\/types\/post"}],"author":[{"embeddable":true,"href":"https:\/\/jairolibreros.com\/index.php?rest_route=\/wp\/v2\/users\/1"}],"replies":[{"embeddable":true,"href":"https:\/\/jairolibreros.com\/index.php?rest_route=%2Fwp%2Fv2%2Fcomments&post=2565"}],"version-history":[{"count":3,"href":"https:\/\/jairolibreros.com\/index.php?rest_route=\/wp\/v2\/posts\/2565\/revisions"}],"predecessor-version":[{"id":3393,"href":"https:\/\/jairolibreros.com\/index.php?rest_route=\/wp\/v2\/posts\/2565\/revisions\/3393"}],"wp:featuredmedia":[{"embeddable":true,"href":"https:\/\/jairolibreros.com\/index.php?rest_route=\/wp\/v2\/media\/428"}],"wp:attachment":[{"href":"https:\/\/jairolibreros.com\/index.php?rest_route=%2Fwp%2Fv2%2Fmedia&parent=2565"}],"wp:term":[{"taxonomy":"category","embeddable":true,"href":"https:\/\/jairolibreros.com\/index.php?rest_route=%2Fwp%2Fv2%2Fcategories&post=2565"},{"taxonomy":"post_tag","embeddable":true,"href":"https:\/\/jairolibreros.com\/index.php?rest_route=%2Fwp%2Fv2%2Ftags&post=2565"}],"curies":[{"name":"wp","href":"https:\/\/api.w.org\/{rel}","templated":true}]}}