{"id":2575,"date":"2023-12-04T03:04:46","date_gmt":"2023-12-04T03:04:46","guid":{"rendered":"https:\/\/jairolibreros.com\/?p=2575"},"modified":"2025-08-25T01:34:07","modified_gmt":"2025-08-25T01:34:07","slug":"politica-publica-de-seguridad-ciudadana-del-valle-del-cauca","status":"publish","type":"post","link":"https:\/\/jairolibreros.com\/?p=2575","title":{"rendered":"Ideas de pol\u00edtica p\u00fablica de seguridad ciudadana: Gobernaci\u00f3n del Valle del Cauca 2024 &#8211; 2027"},"content":{"rendered":"<p><span style=\"font-family: tahoma, arial, helvetica, sans-serif; font-size: 14pt;\"><strong>Ideas de pol\u00edtica p\u00fablica de seguridad ciudadana: Gobernaci\u00f3n del Valle del Cauca 2024 -2027<\/strong><\/span><\/p>\n<p><span style=\"text-decoration: underline; font-family: tahoma, arial, helvetica, sans-serif; font-size: 14pt;\"><strong><a href=\"https:\/\/jairolibreros.com\/?page_id=3689\">Jairo Libreros<\/a><\/strong><\/span><\/p>\n<p><span style=\"font-family: tahoma, arial, helvetica, sans-serif; font-size: 14pt;\"><em>Cali, Valle del Cauca \u00b7 04.12.2023<\/em><\/span><\/p>\n<p><span style=\"font-size: 14pt; font-family: tahoma, arial, helvetica, sans-serif;\">En la entrega oficial del informe de empalme entre la gobernadora Clara Luz Rold\u00e1n y la gobernadora electa Dilian Francisca Toro, se prioriz\u00f3 el an\u00e1lisis y la discusi\u00f3n de la hoja de ruta 2024 \u00b7 2027. El texto final aprobado -que se formul\u00f3 con base en el Plan de Gobierno* presentado por la Dra. Dilian Francisca Toro- es el siguiente**:<\/span><\/p>\n<p><span style=\"text-decoration: underline; font-size: 14pt; font-family: tahoma, arial, helvetica, sans-serif;\"><a href=\"https:\/\/jairolibreros.com\/wp-content\/uploads\/2023\/12\/Hoja-de-ruta-de-la-seguridad-ciudadana.-Gobernacion-del-Valle-del-Cauca.-Jairo-Libreros.-04.12.2023.pdf\">Hoja de ruta de la seguridad ciudadana. Gobernacio\u0301n del Valle del Cauca. Jairo Libreros. 04.12.2023<\/a><\/span><\/p>\n<p><span style=\"font-family: tahoma, arial, helvetica, sans-serif; font-size: 14pt;\">&#8230;<\/span><\/p>\n<p><span style=\"font-size: 14pt; font-family: tahoma, arial, helvetica, sans-serif;\"><strong>**<\/strong> El 5 de abril de 2024, se realiz\u00f3 un cambio al texto consistente en incluir el logo de la Gobernaci\u00f3n del Valle del Cauca.<\/span><\/p>\n<p><span style=\"font-family: tahoma, arial, helvetica, sans-serif; font-size: 14pt;\">&#8230;<\/span><\/p>\n<p><span style=\"font-family: tahoma, arial, helvetica, sans-serif; font-size: 14pt;\"><strong>Referencias<\/strong><\/span><\/p>\n<p><span style=\"text-decoration: underline; font-family: tahoma, arial, helvetica, sans-serif; font-size: 14pt;\"><a href=\"https:\/\/jairolibreros.com\/wp-content\/uploads\/2023\/12\/Hoja-de-ruta-de-la-seguridad-ciudadana.-Gobernacion-del-Valle-del-Cauca.-Jairo-Libreros.-04.12.2023.pdf\">Hoja de ruta de la seguridad ciudadana. Gobernacio\u0301n del Valle del Cauca. Jairo Libreros. 04.12.2023<\/a><\/span><\/p>\n<p><span style=\"text-decoration: underline; font-family: tahoma, arial, helvetica, sans-serif; font-size: 14pt;\"><a href=\"https:\/\/jairolibreros.com\/wp-content\/uploads\/2025\/03\/Plan-de-Gobierno-Dilian-con-Vos.-Gobernacion-Valle-del-Cauca-2024-2027.-Experiencia-y-Autoridad.-2023.pdf\">Plan de Gobierno Dilian con Vos. Gobernacio\u0301n Valle del Cauca 2024 2027. Experiencia y Autoridad. 2023<\/a><\/span><\/p>\n<p style=\"text-align: right;\"><span style=\"font-family: tahoma, arial, helvetica, sans-serif; font-size: 14pt;\"><a href=\"https:\/\/jairolibreros.com\/\"><strong><span style=\"text-decoration: underline;\">Blog de Jairo Libreros<\/span><\/strong><\/a><\/span><\/p>\n","protected":false},"excerpt":{"rendered":"<p>Ideas de pol\u00edtica p\u00fablica de seguridad ciudadana: Gobernaci\u00f3n del Valle del Cauca 2024 -2027 Jairo Libreros Cali, Valle del Cauca \u00b7 04.12.2023 En <\/p>\n","protected":false},"author":1,"featured_media":425,"comment_status":"open","ping_status":"open","sticky":false,"template":"","format":"standard","meta":{"om_disable_all_campaigns":false,"_monsterinsights_skip_tracking":false,"_monsterinsights_sitenote_active":false,"_monsterinsights_sitenote_note":"","_monsterinsights_sitenote_category":0,"footnotes":""},"categories":[1],"tags":[54,53,39],"aioseo_notices":[],"class_list":["post-2575","post","type-post","status-publish","format-standard","has-post-thumbnail","hentry","category-jairo-libreros","tag-comunicacion-politica","tag-politicas-publicas","tag-seguridad-ciudadana"],"_links":{"self":[{"href":"https:\/\/jairolibreros.com\/index.php?rest_route=\/wp\/v2\/posts\/2575"}],"collection":[{"href":"https:\/\/jairolibreros.com\/index.php?rest_route=\/wp\/v2\/posts"}],"about":[{"href":"https:\/\/jairolibreros.com\/index.php?rest_route=\/wp\/v2\/types\/post"}],"author":[{"embeddable":true,"href":"https:\/\/jairolibreros.com\/index.php?rest_route=\/wp\/v2\/users\/1"}],"replies":[{"embeddable":true,"href":"https:\/\/jairolibreros.com\/index.php?rest_route=%2Fwp%2Fv2%2Fcomments&post=2575"}],"version-history":[{"count":15,"href":"https:\/\/jairolibreros.com\/index.php?rest_route=\/wp\/v2\/posts\/2575\/revisions"}],"predecessor-version":[{"id":3839,"href":"https:\/\/jairolibreros.com\/index.php?rest_route=\/wp\/v2\/posts\/2575\/revisions\/3839"}],"wp:featuredmedia":[{"embeddable":true,"href":"https:\/\/jairolibreros.com\/index.php?rest_route=\/wp\/v2\/media\/425"}],"wp:attachment":[{"href":"https:\/\/jairolibreros.com\/index.php?rest_route=%2Fwp%2Fv2%2Fmedia&parent=2575"}],"wp:term":[{"taxonomy":"category","embeddable":true,"href":"https:\/\/jairolibreros.com\/index.php?rest_route=%2Fwp%2Fv2%2Fcategories&post=2575"},{"taxonomy":"post_tag","embeddable":true,"href":"https:\/\/jairolibreros.com\/index.php?rest_route=%2Fwp%2Fv2%2Ftags&post=2575"}],"curies":[{"name":"wp","href":"https:\/\/api.w.org\/{rel}","templated":true}]}}