{"id":2583,"date":"2024-04-08T21:15:56","date_gmt":"2024-04-08T21:15:56","guid":{"rendered":"https:\/\/jairolibreros.com\/?p=2583"},"modified":"2025-09-04T21:54:28","modified_gmt":"2025-09-04T21:54:28","slug":"seguridad-ciudadana-en-aglomeraciones-de-publico-3","status":"publish","type":"post","link":"https:\/\/jairolibreros.com\/?p=2583","title":{"rendered":"Seguridad ciudadana en aglomeraciones de p\u00fablico"},"content":{"rendered":"<p><span style=\"font-size: 14pt; font-family: tahoma, arial, helvetica, sans-serif;\"><strong>Seguridad ciudadana en aglomeraciones de p\u00fablico<\/strong><\/span><\/p>\n<p><span style=\"font-size: 14pt; font-family: tahoma, arial, helvetica, sans-serif;\"><span style=\"text-decoration: underline;\"><strong><a href=\"https:\/\/jairolibreros.com\/?page_id=3689\">Jairo Libreros<\/a><\/strong><\/span><\/span><\/p>\n<p><span style=\"font-size: 14pt; font-family: tahoma, arial, helvetica, sans-serif;\">La asignatura\u00a0\u00a0<strong>Seguridad ciudadana en aglomeraciones de p\u00fablico<\/strong> de la especializaci\u00f3n en Derecho Deportivo del departamento de Derecho Constitucional de la Universidad Externado de Colombia tiene como objeto estudiar el marco de pol\u00edtica, de regulaci\u00f3n y de gesti\u00f3n administrativa de la seguridad ciudadana en los eventos deportivos que involucran aglomeraciones de p\u00fablico no complejas y en las actividades que involucran aglomeraciones de p\u00fablico complejas.<\/span><\/p>\n<p><span style=\"font-size: 14pt; font-family: tahoma, arial, helvetica, sans-serif;\"><strong>Referencias<\/strong><\/span><\/p>\n<p><span style=\"text-decoration: underline; font-size: 14pt; font-family: tahoma, arial, helvetica, sans-serif;\"><a href=\"https:\/\/jairolibreros.com\/wp-content\/uploads\/2024\/04\/Seguridad-ciudadana-en-glomeraciones-de-pu\u0301blico.-Universidad-Externado-de-Colombia.-Jairo-Libreros.-pdf2024.pdf\">Seguridad ciudadana en glomeraciones de pu\u0301blico. Universidad Externado de Colombia. Jairo Libreros. pdf2024<\/a><\/span><\/p>\n<p><span style=\"font-size: 14pt; font-family: tahoma, arial, helvetica, sans-serif;\"><a href=\"https:\/\/vlex.com.co\/vid\/constitucion-politica-colombia-42867930\"><span style=\"text-decoration: underline;\">Constituci\u00f3n Pol\u00edtica de Colombia<\/span><\/a><\/span><\/p>\n<p><span style=\"text-decoration: underline; font-family: tahoma, arial, helvetica, sans-serif; font-size: 14pt;\"><a href=\"https:\/\/vlex.com.co\/vid\/codigo-nacional-policia-convivencia-663451053\">C\u00f3digo Nacional de Seguridad y Convivencia Ciudadana<\/a><\/span><\/p>\n<p><span style=\"font-size: 14pt; font-family: tahoma, arial, helvetica, sans-serif;\"><a href=\"https:\/\/normograma.info\/defensoria\/Guias_DP_AJ\/compilacion\/g28\/index.html\"><span style=\"text-decoration: underline;\">El derecho al deporte. Gu\u00edas misionales. Defensor\u00eda del Pueblo. 2024<\/span><\/a><\/span><\/p>\n<p><span style=\"text-decoration: underline; font-family: tahoma, arial, helvetica, sans-serif; font-size: 14pt;\"><a href=\"https:\/\/letraslibres.com\/revista\/historia-de-dos-ciudades\/\">Historia de dos ciudades. Hamill, P. Letras Libres. 1999<\/a><\/span><\/p>\n<p><span style=\"text-decoration: underline; font-family: tahoma, arial, helvetica, sans-serif; font-size: 14pt;\"><a href=\"https:\/\/jairolibreros.com\/wp-content\/uploads\/2024\/04\/La-amenaza-del-grupo-terrorista-ISIS-a-los-partidos-de-la-Liga-de-Campeones.-El-Tiempo.-09.04.2024.pdf\">La amenaza del grupo terrorista ISIS a los partidos de la Liga de Campeones. El Tiempo. 09.04.2024<\/a><\/span><\/p>\n<p><span style=\"text-decoration: underline; font-family: tahoma, arial, helvetica, sans-serif; font-size: 14pt;\"><a href=\"https:\/\/jairolibreros.com\/wp-content\/uploads\/2023\/07\/La-Poli%CC%81tica-de-Seguridad-Defensa-y-Convivencia-Ciudadana-Garanti%CC%81as-para-la-Vida-y-la-Paz-2022-2026-Ministerio-de-Defensa-Nacional-2023.-Jairo-Libreros.pdf\">La Pol\u00edtica de Seguridad Defensa y Convivencia Ciudadana Garant\u00edas para la Vida y la Paz 2022-2026 Ministerio de Defensa Nacional 2023. Jairo Libreros<\/a><\/span><\/p>\n<p><span style=\"text-decoration: underline; font-family: tahoma, arial, helvetica, sans-serif; font-size: 14pt;\"><a href=\"https:\/\/jairolibreros.com\/wp-content\/uploads\/2022\/05\/Ley-1270-de-2009-Comisio%CC%81n-Nacional-para-la-Seguridad-Comodidad-y-Convivencia-en-el-Fu%CC%81tbol.pdf\">Ley 1270 de 2009 Comisi\u00f3n Nacional para la Seguridad, Comodidad y Convivencia en el F\u00fatbol<\/a><\/span><\/p>\n<p><span style=\"text-decoration: underline; font-family: tahoma, arial, helvetica, sans-serif; font-size: 14pt;\"><a href=\"https:\/\/jairolibreros.com\/wp-content\/uploads\/2024\/04\/Luces-y-sombras-del-plan-de-accio\u0301n-contra-la-violencia-en-el-fu\u0301tbol-colombiano.-El-Tiempo.-05.04.2024.pdf\">Luces y sombras del plan de accio\u0301n contra la violencia en el fu\u0301tbol colombiano. El Tiempo. 05.04.2024<\/a><\/span><\/p>\n<p><span style=\"text-decoration: underline; font-family: tahoma, arial, helvetica, sans-serif; font-size: 14pt;\"><a href=\"https:\/\/jairolibreros.com\/wp-content\/uploads\/2024\/04\/MinDeporte-prohi\u0301be-ingreso-de-pu\u0301blico-a-estadios-por-incumplir-protocolos-de-seguridad.-Caracol-Radio.-05.04.2024.pdf\">MinDeporte prohi\u0301be ingreso de pu\u0301blico a estadios por incumplir protocolos de seguridad. Caracol Radio. 05.04.2024<\/a><\/span><\/p>\n<p><span style=\"font-family: tahoma, arial, helvetica, sans-serif; font-size: 14pt;\"><a href=\"https:\/\/jairolibreros.com\/wp-content\/uploads\/2024\/04\/Por-mas-territorios-seguros-a-traves-del-deporte.-Defensoria-del-Pueblo.-2024.pdf\"><span style=\"text-decoration: underline;\">Por m\u00e1s territorios seguros a trav\u00e9s del deporte. Defensor\u00eda del Pueblo. 2024<\/span><\/a><\/span><\/p>\n<p><span style=\"text-decoration: underline; font-family: tahoma, arial, helvetica, sans-serif; font-size: 14pt;\"><a href=\"https:\/\/jairolibreros.com\/wp-content\/uploads\/2024\/04\/\u00bfQue-es-el-estatuto-del-aficionado-al-futbol-Defensoria-del-Pueblo.-2024.pdf\">\u00bfQu\u00e9 es el estatuto del aficionado al futbol? Defensor\u00eda del Pueblo. 2024<\/a><br \/>\n<\/span><\/p>\n<p><span style=\"text-decoration: underline; font-family: tahoma, arial, helvetica, sans-serif; font-size: 14pt;\"><a href=\"https:\/\/jairolibreros.com\/wp-content\/uploads\/2022\/05\/Sentencia-T-909-de-2011.pdf\">Sentencia T 909 de 2011<\/a><\/span><\/p>\n<p><span style=\"text-decoration: underline; font-family: tahoma, arial, helvetica, sans-serif; font-size: 14pt;\"><a href=\"https:\/\/jairolibreros.com\/wp-content\/uploads\/2022\/05\/Sentencia-T-030-de-2017.pdf\">Sentencia T 030 de 2017<\/a><\/span><\/p>\n<p><span style=\"text-decoration: underline; font-family: tahoma, arial, helvetica, sans-serif; font-size: 14pt;\"><a href=\"https:\/\/jairolibreros.com\/wp-content\/uploads\/2022\/05\/Sentencia-C-223-de-2017.pdf\">Sentencia C 223 de 2017<\/a><\/span><\/p>\n<p><span style=\"text-decoration: underline; font-family: tahoma, arial, helvetica, sans-serif; font-size: 14pt;\"><a href=\"https:\/\/jairolibreros.com\/wp-content\/uploads\/2022\/05\/Sentencia-C-225-de-2017.pdf\">Sentencia C 225 de 2017<\/a><\/span><\/p>\n<p><span style=\"text-decoration: underline; font-family: tahoma, arial, helvetica, sans-serif; font-size: 14pt;\"><a href=\"https:\/\/jairolibreros.com\/wp-content\/uploads\/2022\/05\/Sentencia-C-082-de-2018.pdf\">Sentencia C 082 de 2018<\/a><\/span><\/p>\n<p><span style=\"text-decoration: underline; font-family: tahoma, arial, helvetica, sans-serif; font-size: 14pt;\"><a href=\"https:\/\/jairolibreros.com\/wp-content\/uploads\/2022\/05\/Sentencia-C-128-de-2018.pdf\">Sentencia C 128 de 2018<\/a><\/span><\/p>\n<p><span style=\"font-size: 14pt; font-family: tahoma, arial, helvetica, sans-serif;\"><strong>Lecturas<\/strong><\/span><\/p>\n<p><span style=\"font-size: 14pt; font-family: tahoma, arial, helvetica, sans-serif;\">Por \u00faltimo, las seis lecturas para la primera sesi\u00f3n del curso son las siguientes: i) La amenaza del grupo terrorista ISIS a los partidos de la Liga de Campeones, ii) MinDeporte proh\u00edbe ingreso de p\u00fablico a estadios por incumplir protocolos de seguridad, iii) Luces y sombras del plan de acci\u00f3n contra la violencia en el f\u00fatbol colombiano, iv) Historia de dos ciudades, v) \u00bfQu\u00e9 es el estatuto del aficionado al f\u00fatbol? y vi) la Sentencia C128 de 2018.<\/span><\/p>\n<p style=\"text-align: right;\"><span style=\"text-decoration: underline; font-family: tahoma, arial, helvetica, sans-serif; font-size: 14pt;\"><a href=\"https:\/\/jairolibreros.com\/\"><strong>Blog de Jairo Libreros<\/strong><\/a><\/span><\/p>\n","protected":false},"excerpt":{"rendered":"<p>Seguridad ciudadana en aglomeraciones de p\u00fablico Jairo Libreros La asignatura\u00a0\u00a0Seguridad ciudadana en aglomeraciones de p\u00fablico de la especializaci\u00f3n en Derecho Deportivo del departamento <\/p>\n","protected":false},"author":1,"featured_media":425,"comment_status":"open","ping_status":"open","sticky":false,"template":"","format":"standard","meta":{"om_disable_all_campaigns":false,"_monsterinsights_skip_tracking":false,"_monsterinsights_sitenote_active":false,"_monsterinsights_sitenote_note":"","_monsterinsights_sitenote_category":0,"footnotes":""},"categories":[1,96],"tags":[44,54,37,53,39],"aioseo_notices":[],"class_list":["post-2583","post","type-post","status-publish","format-standard","has-post-thumbnail","hentry","category-jairo-libreros","category-universidad-externado","tag-elecciones","tag-comunicacion-politica","tag-movilizacion-social","tag-politicas-publicas","tag-seguridad-ciudadana"],"_links":{"self":[{"href":"https:\/\/jairolibreros.com\/index.php?rest_route=\/wp\/v2\/posts\/2583"}],"collection":[{"href":"https:\/\/jairolibreros.com\/index.php?rest_route=\/wp\/v2\/posts"}],"about":[{"href":"https:\/\/jairolibreros.com\/index.php?rest_route=\/wp\/v2\/types\/post"}],"author":[{"embeddable":true,"href":"https:\/\/jairolibreros.com\/index.php?rest_route=\/wp\/v2\/users\/1"}],"replies":[{"embeddable":true,"href":"https:\/\/jairolibreros.com\/index.php?rest_route=%2Fwp%2Fv2%2Fcomments&post=2583"}],"version-history":[{"count":2,"href":"https:\/\/jairolibreros.com\/index.php?rest_route=\/wp\/v2\/posts\/2583\/revisions"}],"predecessor-version":[{"id":3827,"href":"https:\/\/jairolibreros.com\/index.php?rest_route=\/wp\/v2\/posts\/2583\/revisions\/3827"}],"wp:featuredmedia":[{"embeddable":true,"href":"https:\/\/jairolibreros.com\/index.php?rest_route=\/wp\/v2\/media\/425"}],"wp:attachment":[{"href":"https:\/\/jairolibreros.com\/index.php?rest_route=%2Fwp%2Fv2%2Fmedia&parent=2583"}],"wp:term":[{"taxonomy":"category","embeddable":true,"href":"https:\/\/jairolibreros.com\/index.php?rest_route=%2Fwp%2Fv2%2Fcategories&post=2583"},{"taxonomy":"post_tag","embeddable":true,"href":"https:\/\/jairolibreros.com\/index.php?rest_route=%2Fwp%2Fv2%2Ftags&post=2583"}],"curies":[{"name":"wp","href":"https:\/\/api.w.org\/{rel}","templated":true}]}}