{"id":2613,"date":"2024-04-29T14:59:22","date_gmt":"2024-04-29T14:59:22","guid":{"rendered":"https:\/\/jairolibreros.com\/?p=2613"},"modified":"2025-09-06T01:33:48","modified_gmt":"2025-09-06T01:33:48","slug":"como-responde-el-gobierno-a-las-victorias-tempranas-con-las-reformas","status":"publish","type":"post","link":"https:\/\/jairolibreros.com\/?p=2613","title":{"rendered":"\u00bfC\u00f3mo responde el Gobierno a las victorias tempranas con las reformas?"},"content":{"rendered":"<p><span style=\"font-size: 14pt; font-family: tahoma, arial, helvetica, sans-serif;\"><strong>\u00bfC\u00f3mo responde el Gobierno a las victorias tempranas con las reformas?<\/strong><\/span><\/p>\n<p style=\"text-align: left;\"><span style=\"font-size: 14pt; font-family: tahoma, arial, helvetica, sans-serif;\"><strong>Jairo Libreros<\/strong>\u00a0panelista Hora20 de Caracol Radio<\/span><\/p>\n<p class=\"p1\" style=\"text-align: center;\"><span style=\"font-size: 14pt; font-family: tahoma, arial, helvetica, sans-serif;\">Panelistas creen que el presidente apunta al autosaboteo cuando quiere subir el umbral de cotizaci\u00f3n tras la aprobaci\u00f3n en Senado de la reforma pensional. En la salud creen que las EPS ceden ante presi\u00f3n<\/span><\/p>\n<p><span style=\"font-size: 14pt; font-family: tahoma, arial, helvetica, sans-serif;\"><strong>Reformas, estrategias del Gobierno y di\u00e1logos de paz<\/strong><\/span><\/p>\n<p><span style=\"font-size: 14pt; font-family: tahoma, arial, helvetica, sans-serif;\"><em>Redacci\u00f3n Hora20 \u00b7 Nicol\u00e1s Llano\u00b7 #Hora20 \u00b7 25.04.2024<\/em><\/span><\/p>\n<p><span style=\"font-size: 14pt; font-family: tahoma, arial, helvetica, sans-serif;\"><span style=\"text-decoration: underline;\">https:\/\/x.com\/JairoLibreros\/status\/1783656379288268820<\/span>\u00a0<\/span><\/p>\n<p class=\"p1\"><span style=\"font-size: 14pt; font-family: tahoma, arial, helvetica, sans-serif;\">En Hora20 el an\u00e1lisis a una semana que arranc\u00f3 con unas movilizaciones que rechazan al gobierno, pero que en el transcurso han ocurrido hechos como la aprobaci\u00f3n de la Reforma Pensional en segundo debate y el consenso para presentar una Reforma a la Salud 2.0 de la manos de las EPS. Una mirada al panorama pol\u00edtico, de las ideas del Gobierno y de la narrativa del fracaso que se instalar\u00eda. Despu\u00e9s una mirada al golpe que recibi\u00f3 el Estado Mayor en Cauca y al estatus pol\u00edtico que recibir\u00eda la Segunda Marquetalia.<\/span><\/p>\n<p class=\"p1\"><span style=\"font-size: 14pt; font-family: tahoma, arial, helvetica, sans-serif;\">Una fuerte semana de pulsos pol\u00edticos ha vivido el pa\u00eds. Las masivas marchas del pasado domingo en rechazo a las ideas del Gobierno planteaban la necesidad de una reflexi\u00f3n y un cambio de rumbo en el Ejecutivo, sin embargo, solo dos d\u00edas despu\u00e9s el Gobierno empez\u00f3 a tener algunas victorias, las cuales fueron opacadas por el propio Presidente. La primer victoria fue la aprobaci\u00f3n de la Reforma Pensional en segundo debate en el Senado, con otros dos debates pendientes y con los tiempos ajustados, la reforma de pilares plantea cambios de fondo al sistema bajo un umbral de cotizaci\u00f3n de los 2,3 salarios m\u00ednimos. Sin embargo, esa victoria que ha sido celebrada por diversos sectores se vio opacada por el discurso de anoche del presidente en el que asegur\u00f3 que le plantear\u00e1 a la C\u00e1mara de Representantes elevar el umbral a los cuatro salarios m\u00ednimos, lo que, seg\u00fan expertos, dejar\u00eda al sistema de pilares sin efecto.<\/span><\/p>\n<p class=\"p1\"><span style=\"font-size: 14pt; font-family: tahoma, arial, helvetica, sans-serif;\">Estos hechos anteceden el anuncio de anoche: el acuerdo al que llegaron seis EPS, Acemi, Gestarsalud y el Gobierno para presentar una Reforma a la Salud 2.0 en la que a trav\u00e9s de 74 art\u00edculos se confirma el paso de las EPS a las gestoras de salud y vida con roles m\u00e1s claros que en la reforma hundida a hace algunas semanas, como la administraci\u00f3n de riesgo en salud, as\u00ed como unos porcentajes por operaci\u00f3n e indicadores de rendimiento. No obstante, algunos expertos han destacado que incluso esta nueva reforma no abordar\u00eda problemas estructurales que tiene el sistema. Otro de los temas que incluye la reforma son la prohibici\u00f3n de la integraci\u00f3n vertical y el papel de la Adres como el encargado del recaudo, flujo y control de los recursos. Adem\u00e1s, la presentaci\u00f3n de este acuerdo se da un d\u00eda despu\u00e9s de que se levantara pol\u00e9mica en el pa\u00eds por la publicaci\u00f3n de un manual tarifario por parte del Ministerio de Salud en el que se planteaba, habr\u00eda precarizaci\u00f3n de los servicios m\u00e9dicos, de hecho, el ministro Jaramillo calific\u00f3 como supremamente grave lo ocurrido<\/span><\/p>\n<p class=\"p3\"><span style=\"font-size: 14pt; font-family: tahoma, arial, helvetica, sans-serif;\"><b>Lo que dicen los panelistas<\/b><\/span><\/p>\n<p class=\"p1\"><span style=\"font-size: 14pt; font-family: tahoma, arial, helvetica, sans-serif;\"><b>Jairo Libreros, abogado, profesor en la Universidad Externado y experto en asuntos de seguridad<\/b>, explic\u00f3 que vivimos en una monta\u00f1a rusa, una ruta en la que de la subida saltamos a la ca\u00edda, \u201cel Gobierno parece triunfar, pero inmediatamente \u00e9l baja hasta los infiernos\u201d, en ese sentido, dijo que el pa\u00eds necesita tener certezas sobre el presente y el futuro, \u201cme preocupa que de un momento a otro se cambia de rumbo y no respeta los consensos que construye. El comportamiento de Petro est\u00e1 orientado a sabotearse y afectar sus propias iniciativas\u201d. Tambi\u00e9n detall\u00f3 que el perfil del Presidente se lleva por delante las ejecutorias de una administraci\u00f3n que necesita mostrar resultados.<\/span><\/p>\n<p class=\"p1\"><span style=\"font-size: 14pt; font-family: tahoma, arial, helvetica, sans-serif;\">Sobre el acuerdo con las EPS, dijo que es un acuerdo espurio por cuenta del garrote que ha dado el gobierno a las EPS, \u201co aceptan o los sacan del mercado. Pensar que esto tendr\u00e1 un final feliz es algo equivocado\u201d.<\/span><\/p>\n<p class=\"p1\"><span style=\"font-size: 14pt; font-family: tahoma, arial, helvetica, sans-serif;\"><b>Martha Peralta, senadora de la rep\u00fablica por el Pacto Hist\u00f3rico,\u00a0<\/b>reconoci\u00f3 que las marchas del domingo fueron masivas y se deben reconocer, \u201cme agrada que la oposici\u00f3n hoy utilice ese mecanismo de participaci\u00f3n democr\u00e1tico porque llegar al nivel de aprobaci\u00f3n de la pensional ha sido todo un viacrucis\u201d. Sobre ese \u00faltimo punto, dijo que cuando se asumen las causas del Gobierno hay mucho sacrificio y esfuerzo, \u201cnosotros hacemos las cr\u00edticas y buscamos tener el mejor gobierno. Todav\u00eda no se engrana coordinaci\u00f3n para cumplir con promesas de Gobierno\u201d. Destac\u00f3 que s\u00ed es una victoria que despu\u00e9s de las marchas se apruebe la reforma pensional en segundo debate, yo no veo tan grave lo del umbral de 4 salarios m\u00ednimos. Una cosa es lo que pasa en Senado y otra cosa lo de C\u00e1mara, all\u00ed los acuerdos son diferentes\u201d.<\/span><\/p>\n<p class=\"p1\"><span style=\"font-size: 14pt; font-family: tahoma, arial, helvetica, sans-serif;\">Para\u00a0<b>Andr\u00e9s Forero, representante a la C\u00e1mara por el Centro Democr\u00e1tico,\u00a0<\/b>ya el umbral del 2,3 es demasiado alto como para que el Presidente plantee un umbral de 4 salarios. No obstante, dijo que hay que reconocer que acaba subsidios a altas pensiones y la forma de cubrir a adultos mayores, \u201cel Gobierno ten\u00eda a la mano la posibilidad de demostrar un \u00e9xito en materia legislativa porque en este periodo se ha dicho que el Gobierno tiene m\u00e1s dificultades de aprobar proyectos en el Senado que en la C\u00e1mara<b>\u201d.\u00a0<\/b>Tambi\u00e9n dijo que parece que al Presidente le gusta el sentido de \u00e9pica permanente, \u201cal congreso que \u00e9l satanizaba, le termina apoyando con algunas modificaciones la reforma pensional. No se sabe si se le abri\u00f3 el apetito al Presidente\u201d.<\/span><\/p>\n<p class=\"p1\"><span style=\"font-size: 14pt; font-family: tahoma, arial, helvetica, sans-serif;\">Sobre el tema de EPS, dijo que se da a puerta cerrada, \u201cllegan al acuerdo a punta de amenazas o con hechos arbitrarios como las intervenciones que no contaban con actas. Les meten terror, las doblegan y terminan accediendo\u201d.<\/span><\/p>\n<p class=\"p1\"><span style=\"font-size: 14pt; font-family: tahoma, arial, helvetica, sans-serif;\"><b>Andr\u00e9s Caro, abogado, literato, columnista en La Silla Vac\u00eda y candidato a Doctor en Derecho de la Universidad de Yale<\/b>, plante\u00f3 que le daba optimismo el hecho que se aprobara una reforma como la pensional, \u201cel Senado se desmarcaba del escenario de las marchas del domingo y le juega el juego democr\u00e1tico de persuasi\u00f3n\u201d. Remarc\u00f3 que el Presidente niega la faceta transaccional de negociaci\u00f3n y persuasi\u00f3n y vuelve a cerrar el juego y la conversaci\u00f3n al sugerir que la C\u00e1mara debe subir el umbral, \u201ccon esto vemos un presidente radicalizado en sus pretensiones\u201d.<\/span><\/p>\n<p><iframe hcb-fetch-image-from=\"https:\/\/www.youtube.com\/watch?v=W_JTXiX1v_o\" title=\"HORA 20 - Reformas, estrategias del Gobierno y di\u00e1logos de paz\" width=\"640\" height=\"360\" src=\"https:\/\/www.youtube.com\/embed\/W_JTXiX1v_o?feature=oembed\" frameborder=\"0\" allow=\"accelerometer; autoplay; clipboard-write; encrypted-media; gyroscope; picture-in-picture; web-share\" referrerpolicy=\"strict-origin-when-cross-origin\" allowfullscreen><\/iframe><\/p>\n<p><span style=\"font-size: 14pt; font-family: tahoma, arial, helvetica, sans-serif;\">El link con el audio del debate de Hora20 es el siguiente:<\/span><\/p>\n<p><span style=\"font-size: 14pt; font-family: tahoma, arial, helvetica, sans-serif;\"><span style=\"text-decoration: underline;\">https:\/\/caracol.com.co\/2024\/04\/26\/como-responde-el-gobierno-a-las-victorias-tempranas-con-las-reformas\/<\/span>\u00a0<\/span><\/p>\n","protected":false},"excerpt":{"rendered":"<p>\u00bfC\u00f3mo responde el Gobierno a las victorias tempranas con las reformas? Jairo Libreros\u00a0panelista Hora20 de Caracol Radio Panelistas creen que el presidente apunta <\/p>\n","protected":false},"author":1,"featured_media":428,"comment_status":"open","ping_status":"open","sticky":false,"template":"","format":"standard","meta":{"om_disable_all_campaigns":false,"_monsterinsights_skip_tracking":false,"_monsterinsights_sitenote_active":false,"_monsterinsights_sitenote_note":"","_monsterinsights_sitenote_category":0,"footnotes":""},"categories":[94,1],"tags":[54,90,53,39],"aioseo_notices":[],"class_list":["post-2613","post","type-post","status-publish","format-standard","has-post-thumbnail","hentry","category-caracol-radio","category-jairo-libreros","tag-comunicacion-politica","tag-seguridad-y-defensa-nacional","tag-politicas-publicas","tag-seguridad-ciudadana"],"_links":{"self":[{"href":"https:\/\/jairolibreros.com\/index.php?rest_route=\/wp\/v2\/posts\/2613"}],"collection":[{"href":"https:\/\/jairolibreros.com\/index.php?rest_route=\/wp\/v2\/posts"}],"about":[{"href":"https:\/\/jairolibreros.com\/index.php?rest_route=\/wp\/v2\/types\/post"}],"author":[{"embeddable":true,"href":"https:\/\/jairolibreros.com\/index.php?rest_route=\/wp\/v2\/users\/1"}],"replies":[{"embeddable":true,"href":"https:\/\/jairolibreros.com\/index.php?rest_route=%2Fwp%2Fv2%2Fcomments&post=2613"}],"version-history":[{"count":1,"href":"https:\/\/jairolibreros.com\/index.php?rest_route=\/wp\/v2\/posts\/2613\/revisions"}],"predecessor-version":[{"id":4407,"href":"https:\/\/jairolibreros.com\/index.php?rest_route=\/wp\/v2\/posts\/2613\/revisions\/4407"}],"wp:featuredmedia":[{"embeddable":true,"href":"https:\/\/jairolibreros.com\/index.php?rest_route=\/wp\/v2\/media\/428"}],"wp:attachment":[{"href":"https:\/\/jairolibreros.com\/index.php?rest_route=%2Fwp%2Fv2%2Fmedia&parent=2613"}],"wp:term":[{"taxonomy":"category","embeddable":true,"href":"https:\/\/jairolibreros.com\/index.php?rest_route=%2Fwp%2Fv2%2Fcategories&post=2613"},{"taxonomy":"post_tag","embeddable":true,"href":"https:\/\/jairolibreros.com\/index.php?rest_route=%2Fwp%2Fv2%2Ftags&post=2613"}],"curies":[{"name":"wp","href":"https:\/\/api.w.org\/{rel}","templated":true}]}}