{"id":2615,"date":"2024-05-01T20:50:30","date_gmt":"2024-05-01T20:50:30","guid":{"rendered":"https:\/\/jairolibreros.com\/?p=2615"},"modified":"2025-09-04T21:52:53","modified_gmt":"2025-09-04T21:52:53","slug":"contexto-global-de-la-seguridad","status":"publish","type":"post","link":"https:\/\/jairolibreros.com\/?p=2615","title":{"rendered":"Contexto global de la seguridad"},"content":{"rendered":"<p><span style=\"font-family: tahoma, arial, helvetica, sans-serif; font-size: 14pt;\"><strong>Contexto global de la seguridad<\/strong><\/span><\/p>\n<p><span style=\"text-decoration: underline; font-family: tahoma, arial, helvetica, sans-serif; font-size: 14pt;\"><strong><a href=\"https:\/\/jairolibreros.com\/?page_id=3689\">Jairo Libreros<\/a><\/strong><\/span><\/p>\n<p class=\"p1\"><span style=\"font-family: tahoma, arial, helvetica, sans-serif; font-size: 14pt;\"><em>Cesep. Universidad de los Andes<\/em><\/span><\/p>\n<p class=\"p1\"><span style=\"font-family: tahoma, arial, helvetica, sans-serif; font-size: 14pt;\">El objeto del conversatorio en &#8220;Contexto global de la seguridad&#8221; consiste en analizar la seguridad -concepto, industria, discurso- como un eslab\u00f3n infravalorado o estrat\u00e9gico de la pol\u00edtica internacional y propiciar un di\u00e1logo sobre el papel de los tomadores de decisiones de pol\u00edticas p\u00fablicas de seguridad (10 horas).<\/span><\/p>\n<p><span style=\"font-family: tahoma, arial, helvetica, sans-serif; font-size: 14pt;\"><strong>I.<\/strong> <strong>Estudios estrat\u00e9gicos<\/strong><\/span><\/p>\n<p><span style=\"font-family: tahoma, arial, helvetica, sans-serif; font-size: 14pt;\"><strong>1.<\/strong> Historia de la guerra<\/span><\/p>\n<p><span style=\"font-family: tahoma, arial, helvetica, sans-serif; font-size: 14pt;\"><strong>2.<\/strong> Acceso a territorios y mercados\u00a0<\/span><\/p>\n<p><span style=\"font-family: tahoma, arial, helvetica, sans-serif; font-size: 14pt;\"><strong>3.<\/strong> Tecnolog\u00eda armamentista<\/span><\/p>\n<p><span style=\"font-family: tahoma, arial, helvetica, sans-serif; font-size: 14pt;\"><strong>4.<\/strong> Aglomeraciones, movilizaciones y levantamientos<\/span><\/p>\n<p class=\"p1\"><span style=\"font-family: tahoma, arial, helvetica, sans-serif; font-size: 14pt;\"><strong>II.<\/strong> <strong>Fuerzas armadas<\/strong><\/span><\/p>\n<p><span style=\"font-family: tahoma, arial, helvetica, sans-serif; font-size: 14pt;\"><strong>1.<\/strong> Fuerza P\u00fablica<\/span><\/p>\n<p><span style=\"font-family: tahoma, arial, helvetica, sans-serif; font-size: 14pt;\"><strong>2.<\/strong> Empresas de seguridad privada<\/span><\/p>\n<p><span style=\"font-family: tahoma, arial, helvetica, sans-serif; font-size: 14pt;\"><strong>3.<\/strong> Estructuras multicrimen<\/span><\/p>\n<p><span style=\"font-family: tahoma, arial, helvetica, sans-serif; font-size: 14pt;\"><strong>4.<\/strong> Fuerzas alzadas en armas<\/span><\/p>\n<p class=\"p1\"><span style=\"font-family: tahoma, arial, helvetica, sans-serif; font-size: 14pt;\"><strong>III.<\/strong> <strong>Seguridad global<\/strong><\/span><\/p>\n<p><span style=\"font-family: tahoma, arial, helvetica, sans-serif; font-size: 14pt;\"><strong>1.<\/strong> Democracias constitucionales<\/span><\/p>\n<p><span style=\"font-family: tahoma, arial, helvetica, sans-serif; font-size: 14pt;\"><strong>2.<\/strong> Categor\u00edas de pol\u00edtica p\u00fablica<\/span><\/p>\n<p><span style=\"font-family: tahoma, arial, helvetica, sans-serif; font-size: 14pt;\"><strong>3.<\/strong> Incertidumbres, riesgos y oportunidades pol\u00edticas<\/span><\/p>\n<p><span style=\"font-family: tahoma, arial, helvetica, sans-serif; font-size: 14pt;\"><strong>4.<\/strong> Regulaci\u00f3n de roles y misiones<\/span><\/p>\n<p class=\"p1\"><span style=\"font-family: tahoma, arial, helvetica, sans-serif; font-size: 14pt;\"><strong>IV.<\/strong> <strong>Lecturas sugeridas<\/strong><\/span><\/p>\n<p><span style=\"font-family: tahoma, arial, helvetica, sans-serif; font-size: 14pt;\">Ciencia y guerra. El pacto oculto entre la astrof\u00edsica y la industria militar. Tyson, N. Paid\u00f3s. 2019.<\/span><\/p>\n<p><span style=\"font-family: tahoma, arial, helvetica, sans-serif; font-size: 14pt;\">Informe global de riesgos 2024. WEF. 2024:\u00a0<span style=\"text-decoration: underline;\"><a href=\"https:\/\/jairolibreros.com\/wp-content\/uploads\/2024\/05\/The-global-risks-report-2024.-WEF.-2024.pdf\">The global risks report 2024. WEF. 2024<\/a><\/span>\u00a0<\/span><\/p>\n<p><span style=\"font-family: tahoma, arial, helvetica, sans-serif; font-size: 14pt;\">La guerra de los chips. La gran lucha por el dominio mundial. Ariel. Miller, C. 2024.<\/span><\/p>\n<p><span style=\"font-size: 14pt; font-family: tahoma, arial, helvetica, sans-serif;\">Historia de dos ciudades. Hamill, P. Letras Libres. 1999:\u00a0<a href=\"https:\/\/letraslibres.com\/revista\/historia-de-dos-ciudades\/\"><span style=\"text-decoration: underline;\">https:\/\/letraslibres.com\/revista\/historia-de-dos-ciudades\/<\/span><\/a><\/span><\/p>\n<p><span style=\"font-size: 14pt; font-family: tahoma, arial, helvetica, sans-serif;\">Sudam\u00e9rica indignada. Foreign Affairs Latinoam\u00e9rica. 2020:\u00a0<a href=\"https:\/\/revistafal.com\/sudamerica-indignada\/\"><span style=\"text-decoration: underline;\">https:\/\/revistafal.com\/sudamerica-indignada\/<\/span><\/a><\/span><\/p>\n<p><span style=\"font-size: 14pt; font-family: tahoma, arial, helvetica, sans-serif;\">Riesgo pol\u00edtico. Am\u00e9rica Latina. Centro UC, Estudios Internacionales, CEIUC. 2024:\u00a0<a href=\"http:\/\/centroestudiosinternacionales.uc.cl\/images\/publicaciones\/publicaciones-ceiuc\/2024\/Riesgo-Politico-America-Latina-2024_compressed.pdf\"><span style=\"text-decoration: underline;\">http:\/\/centroestudiosinternacionales.uc.cl\/images\/publicaciones\/publicaciones-ceiuc\/2024\/Riesgo-Politico-America-Latina-2024_compressed.pdf<\/span><\/a><\/span><\/p>\n<p><span style=\"font-size: 14pt; font-family: tahoma, arial, helvetica, sans-serif;\">Tendencias de la seguridad en Am\u00e9rica del Sur. Aguirre, M y Frederic, S. FES. 2024:\u00a0<a href=\"https:\/\/library.fes.de\/pdf-files\/bueros\/la-seguridad\/21050.pdf\"><span style=\"text-decoration: underline;\">https:\/\/library.fes.de\/pdf-files\/bueros\/la-seguridad\/21050.pdf<\/span><\/a><\/span><\/p>\n<p><span style=\"font-size: 14pt; font-family: tahoma, arial, helvetica, sans-serif;\">M\u00e1s pruebas de que este realmente es el fin de la historia. The Atlantic. Fukuyama, F. 2022:\u00a0<a href=\"https:\/\/www.theatlantic.com\/ideas\/archive\/2022\/10\/francis-fukuyama-still-end-history\/671761\/?utm_source=twitter&amp;utm_medium=social&amp;utm_campaign=share\"><span style=\"text-decoration: underline;\">https:\/\/www.theatlantic.com\/ideas\/archive\/2022\/10\/francis-fukuyama-still-end-history\/671761\/?utm_source=twitter&amp;utm_medium=social&amp;utm_campaign=share<\/span><\/a><\/span><\/p>\n<p><span style=\"font-size: 14pt; font-family: tahoma, arial, helvetica, sans-serif;\">\u201cPuedo imaginar un mundo sin democracia pero no un mundo sin internet\u201d, Jan Zielonka. Letras Libres. 2024:\u00a0<span style=\"text-decoration: underline;\"><a href=\"https:\/\/letraslibres.com\/revista\/entrevista-a-jan-zielonka-puedo-imaginar-un-mundo-sin-democracia-pero-no-un-mundo-sin-internet\/01\/07\/2023\/\">https:\/\/letraslibres.com\/revista\/entrevista-a-jan-zielonka-puedo-imaginar-un-mundo-sin-democracia-pero-no-un-mundo-sin-internet\/01\/07\/2023\/<\/a><\/span><\/span><\/p>\n<p><span style=\"font-size: 14pt; font-family: tahoma, arial, helvetica, sans-serif;\">Paz total. Los grupos armados ganan con cara y con sello. FIP. 2024:\u00a0<a href=\"https:\/\/ideaspaz.org\/publicaciones\/investigaciones-analisis\/2024-02\/paz-total-los-grupos-armados-ganan-con-cara-y-con-sello\"><span style=\"text-decoration: underline;\">https:\/\/ideaspaz.org\/publicaciones\/investigaciones-analisis\/2024-02\/paz-total-los-grupos-armados-ganan-con-cara-y-con-sello<\/span><\/a><\/span><\/p>\n<p><span style=\"font-size: 14pt; font-family: tahoma, arial, helvetica, sans-serif;\">La inc\u00f3gnita de la paz total \u00bfQu\u00e9 hacer con los gaitanistas? Informe sobre Am\u00e9rica Latina # 105. International Crisis Group. 2024:\u00a0<span style=\"text-decoration: underline;\"><a href=\"https:\/\/www.crisisgroup.org\/es\/latin-america-caribbean\/andes\/colombia\/105-unsolved-crime-total-peace-dealing-colombias-gaitanistas\">https:\/\/www.crisisgroup.org\/es\/latin-america-caribbean\/andes\/colombia\/105-unsolved-crime-total-peace-dealing-colombias-gaitanistas<\/a><\/span><\/span><\/p>\n<p><span style=\"font-size: 14pt; font-family: tahoma, arial, helvetica, sans-serif;\">Un nuevo modelo de eje\u0301rcito. Wagstaff, J. FMI. 2023:\u00a0<span style=\"text-decoration: underline;\"><a href=\"https:\/\/www.imf.org\/es\/Publications\/fandd\/issues\/2023\/12\/Case-Studies-New-model-army-Jeremy-Wagstaff\">https:\/\/www.imf.org\/es\/Publications\/fandd\/issues\/2023\/12\/Case-Studies-New-model-army-Jeremy-Wagstaff<\/a><\/span><\/span><\/p>\n<p><span style=\"font-size: 14pt; font-family: tahoma, arial, helvetica, sans-serif;\">Ucrania es ahora un problema de Europa. Mu\u0308nchau, W. El Pai\u0301s Global. 2024:\u00a0<span style=\"text-decoration: underline;\"><a href=\"https:\/\/elpais.com\/opinion\/2024-04-29\/ucrania-es-ahora-un-problema-de-europa.html\">https:\/\/elpais.com\/opinion\/2024-04-29\/ucrania-es-ahora-un-problema-de-europa.html<\/a><\/span>\u00a0<\/span><\/p>\n<p><span style=\"font-size: 14pt; font-family: tahoma, arial, helvetica, sans-serif;\">Rusia aprende de los errores militares en Ucrania y perfecciona su eje\u0301rcito. El Pai\u0301s Global. 2024:\u00a0<a href=\"https:\/\/elpais.com\/internacional\/2024-04-28\/rusia-aprende-de-los-errores-militares-en-ucrania-y-perfecciona-su-ejercito.html\">https:\/\/elpais.com\/internacional\/2024-04-28\/rusia-aprende-de-los-errores-militares-en-ucrania-y-perfecciona-su-ejercito.html<\/a>\u00a0<\/span><\/p>\n<p><span style=\"font-size: 14pt; font-family: tahoma, arial, helvetica, sans-serif;\">La mayor movilizacio\u0301n desde el comienzo de la guerra de Gaza agita las universidades de Estados Unidos. Sa\u0301nchez-Vallejo, M. El Pai\u0301s Global. 2024:\u00a0<span style=\"text-decoration: underline;\"><a href=\"https:\/\/elpais.com\/internacional\/2024-04-24\/la-mayor-movilizacion-desde-el-comienzo-de-la-guerra-de-gaza-agita-las-universidades-de-estados-unidos.html#:~:text=Los%20campus%20de%20EE%20UU,recorr%C3%ADan%20las%20universidades%20desde%20octubre.\">https:\/\/elpais.com\/internacional\/2024-04-24\/la-mayor-movilizacion-desde-el-comienzo-de-la-guerra-de-gaza-agita-las-universidades-de-estados-unidos.html#:~:text=Los%20campus%20de%20EE%20UU,recorr%C3%ADan%20las%20universidades%20desde%20octubre.<\/a><\/span>\u00a0<\/span><\/p>\n<p><span style=\"font-size: 14pt; font-family: tahoma, arial, helvetica, sans-serif;\">Hama\u0301s propone a Israel un alto el fuego de cinco an\u0303os a cambio de aceptar los dos Estados. De Vega, L. El Pai\u0301s Global. 2024:\u00a0<span style=\"text-decoration: underline;\"><a href=\"https:\/\/elpais.com\/internacional\/2024-04-25\/hamas-propone-a-israel-un-alto-el-fuego-de-cinco-anos-a-cambio-de-aceptar-los-dos-estados.html#:~:text=Ham%C3%A1s%2C%20seg%C3%BAn%20Al%20Hayya%2C%20aceptar%C3%ADa,internacionales%E2%80%9D%20y%20las%20mencionadas%20fronteras.\">https:\/\/elpais.com\/internacional\/2024-04-25\/hamas-propone-a-israel-un-alto-el-fuego-de-cinco-anos-a-cambio-de-aceptar-los-dos-estados.html#:~:text=Ham%C3%A1s%2C%20seg%C3%BAn%20Al%20Hayya%2C%20aceptar%C3%ADa,internacionales%E2%80%9D%20y%20las%20mencionadas%20fronteras.<\/a><\/span>\u00a0<\/span><\/p>\n<p><span style=\"font-size: 14pt; font-family: tahoma, arial, helvetica, sans-serif;\">El Kremlin teme que el atentado terrorista pueda avivar las tensiones \u00e9tnicas en Rusia. Troianovski, A. y Mazaeva, M. New York Times. 2024:\u00a0<span style=\"text-decoration: underline;\"><a href=\"https:\/\/www.nytimes.com\/es\/2024\/03\/28\/espanol\/rusia-atentado-terrorista.html\">https:\/\/www.nytimes.com\/es\/2024\/03\/28\/espanol\/rusia-atentado-terrorista.html<\/a><\/span>\u00a0<\/span><\/p>\n<p><span style=\"font-size: 14pt; font-family: tahoma, arial, helvetica, sans-serif;\">La recesio\u0301n democra\u0301tica de Ame\u0301rica Latina. Informe 2023 Latinobarometro. 2023:\u00a0<a href=\"https:\/\/www.latinobarometro.org\/latContents.jsp\"><span style=\"text-decoration: underline;\">https:\/\/www.latinobarometro.org\/latContents.jsp<\/span><\/a><\/span><\/p>\n<p style=\"text-align: right;\"><span style=\"text-decoration: underline; font-family: tahoma, arial, helvetica, sans-serif; font-size: 14pt;\"><a href=\"https:\/\/jairolibreros.com\/\"><strong>Blog de Jairo Libreros<\/strong><\/a><\/span><\/p>\n","protected":false},"excerpt":{"rendered":"<p>Contexto global de la seguridad Jairo Libreros Cesep. Universidad de los Andes El objeto del conversatorio en &#8220;Contexto global de la seguridad&#8221; consiste <\/p>\n","protected":false},"author":1,"featured_media":2347,"comment_status":"open","ping_status":"open","sticky":false,"template":"","format":"standard","meta":{"om_disable_all_campaigns":false,"_monsterinsights_skip_tracking":false,"_monsterinsights_sitenote_active":false,"_monsterinsights_sitenote_note":"","_monsterinsights_sitenote_category":0,"footnotes":""},"categories":[1,96],"tags":[54,90,64,39],"aioseo_notices":[],"class_list":["post-2615","post","type-post","status-publish","format-standard","has-post-thumbnail","hentry","category-jairo-libreros","category-universidad-externado","tag-comunicacion-politica","tag-seguridad-y-defensa-nacional","tag-politica-internacional","tag-seguridad-ciudadana"],"_links":{"self":[{"href":"https:\/\/jairolibreros.com\/index.php?rest_route=\/wp\/v2\/posts\/2615"}],"collection":[{"href":"https:\/\/jairolibreros.com\/index.php?rest_route=\/wp\/v2\/posts"}],"about":[{"href":"https:\/\/jairolibreros.com\/index.php?rest_route=\/wp\/v2\/types\/post"}],"author":[{"embeddable":true,"href":"https:\/\/jairolibreros.com\/index.php?rest_route=\/wp\/v2\/users\/1"}],"replies":[{"embeddable":true,"href":"https:\/\/jairolibreros.com\/index.php?rest_route=%2Fwp%2Fv2%2Fcomments&post=2615"}],"version-history":[{"count":15,"href":"https:\/\/jairolibreros.com\/index.php?rest_route=\/wp\/v2\/posts\/2615\/revisions"}],"predecessor-version":[{"id":4382,"href":"https:\/\/jairolibreros.com\/index.php?rest_route=\/wp\/v2\/posts\/2615\/revisions\/4382"}],"wp:featuredmedia":[{"embeddable":true,"href":"https:\/\/jairolibreros.com\/index.php?rest_route=\/wp\/v2\/media\/2347"}],"wp:attachment":[{"href":"https:\/\/jairolibreros.com\/index.php?rest_route=%2Fwp%2Fv2%2Fmedia&parent=2615"}],"wp:term":[{"taxonomy":"category","embeddable":true,"href":"https:\/\/jairolibreros.com\/index.php?rest_route=%2Fwp%2Fv2%2Fcategories&post=2615"},{"taxonomy":"post_tag","embeddable":true,"href":"https:\/\/jairolibreros.com\/index.php?rest_route=%2Fwp%2Fv2%2Ftags&post=2615"}],"curies":[{"name":"wp","href":"https:\/\/api.w.org\/{rel}","templated":true}]}}