{"id":2628,"date":"2024-05-06T22:47:14","date_gmt":"2024-05-06T22:47:14","guid":{"rendered":"https:\/\/jairolibreros.com\/?p=2628"},"modified":"2025-09-06T01:40:11","modified_gmt":"2025-09-06T01:40:11","slug":"soy-la-voz-de-quienes-rechazamos-el-estado-de-indefension-de-nuestras-tropas-en-el-pacifico-colombiano","status":"publish","type":"post","link":"https:\/\/jairolibreros.com\/?p=2628","title":{"rendered":"Soy la voz de qui\u00e9nes rechazamos el estado de indefensi\u00f3n de nuestras tropas en el Pac\u00edfico colombiano"},"content":{"rendered":"<p><span style=\"font-size: 14pt; font-family: tahoma, arial, helvetica, sans-serif;\"><strong>Soy la voz de qui\u00e9nes rechazamos el estado de indefensi\u00f3n de nuestras tropas en el Pac\u00edfico colombiano<\/strong><\/span><\/p>\n<p><span style=\"font-size: 14pt; font-family: tahoma, arial, helvetica, sans-serif;\"><strong>Jairo Libreros<\/strong> panelista Hora20 de Caracol Radio<\/span><\/p>\n<p><span style=\"font-size: 14pt; font-family: tahoma, arial, helvetica, sans-serif;\"><em><a class=\"css-4rbku5 css-18t94o4 css-901oao css-16my406 r-1cvl2hr r-1loqt21 r-poiln3 r-bcqeeo r-1ny4l3l r-1ddef8g r-tjvw6i r-qvutc0\" dir=\"ltr\" role=\"link\" href=\"https:\/\/twitter.com\/hashtag\/SoyLaVoz?src=hashtag_click\">#SoyLaVoz<\/a> \u00b7 La Luci\u00e9rnaga \u00b7 Caracol Radio \u00b7 06.05.2024<\/em><\/span><\/p>\n<p class=\"p1\"><span style=\"font-size: 14pt; font-family: tahoma, arial, helvetica, sans-serif;\">Hola, les habla <strong>Jairo Libreros<\/strong>, profesor de la Universidad Externado de Colombia, y soy la voz de qui\u00e9nes rechazamos el estado de indefensi\u00f3n de nuestras tropas en el Pac\u00edfico, atrapadas entre las disidencias de las FARC y la burocracia del ministerio de Defensa Nacional.<\/span><\/p>\n<p class=\"p1\"><span style=\"font-size: 14pt; font-family: tahoma, arial, helvetica, sans-serif;\">La regi\u00f3n colombiana del Pac\u00edfico, esto es, el territorio de los departamentos de Nari\u00f1o, Cauca, Valle del Cauca y Choc\u00f3 ocupa el primer puesto en mayor tasa de homicidios, el primer puesto en mayor tasa de secuestros, el segundo puesto en mayor tasa de extorsiones y el tercer puesto en m\u00e1s l\u00edderes sociales asesinados.<\/span><\/p>\n<p class=\"p1\"><span style=\"font-size: 14pt; font-family: tahoma, arial, helvetica, sans-serif;\">La explicaci\u00f3n a este panorama lamentable, causante de una serie interminable de v\u00edctimas civiles y militares, as\u00ed como de innumerables vulneraciones a nuestra democracia constitucional se encuentra en dos fuentes claramente identificadas.<\/span><\/p>\n<p class=\"p1\"><span style=\"font-size: 14pt; font-family: tahoma, arial, helvetica, sans-serif;\">De un lado, la degradaci\u00f3n de los actores alzados en armas, particularmente las disidencias de las FARC, que en medio de un proceso de negociaci\u00f3n con el Gobierno Nacional cometen delitos de lesa humanidad y cr\u00edmenes de guerra, tales como los desplazamientos, confinamientos, ejecuciones, reclutamiento forzado y la decapitaci\u00f3n de nuestros militares capturados en combate.<\/span><\/p>\n<p class=\"p1\"><span style=\"font-size: 14pt; font-family: tahoma, arial, helvetica, sans-serif;\">Y del otro lado, la incapacidad administrativa, la mara\u00f1a burocr\u00e1tica y la ausencia absoluta de liderazgo civil y estrat\u00e9gico en el ministerio de Defensa, que no logra apoyar, fortalecer y conducir a la Fuerza P\u00fablica en tiempos de paz total para garantizar el control territorial y la vida, integridad y el patrimonio de los ciudadanos.<\/span><\/p>\n<p class=\"p1\"><span style=\"font-size: 14pt; font-family: tahoma, arial, helvetica, sans-serif;\">En conclusi\u00f3n, la paz total sin seguridad es una ficci\u00f3n. Una pol\u00edtica de suma cero, cuyos resultados en el Pac\u00edfico son deficitarios en t\u00e9rminos de vidas humanas, convivencia y tranquilidad ciudadana.<\/span><\/p>\n<!--[if lt IE 9]><script>document.createElement('audio');<\/script><![endif]-->\n<audio class=\"wp-audio-shortcode\" id=\"audio-2628-1\" preload=\"none\" style=\"width: 100%;\" controls=\"controls\"><source type=\"audio\/mpeg\" src=\"https:\/\/jairolibreros.com\/wp-content\/uploads\/2024\/05\/AUDIO-2024-05-06-18-41-24.mp3?_=1\" \/><a href=\"https:\/\/jairolibreros.com\/wp-content\/uploads\/2024\/05\/AUDIO-2024-05-06-18-41-24.mp3\">https:\/\/jairolibreros.com\/wp-content\/uploads\/2024\/05\/AUDIO-2024-05-06-18-41-24.mp3<\/a><\/audio>\n","protected":false},"excerpt":{"rendered":"<p>Soy la voz de qui\u00e9nes rechazamos el estado de indefensi\u00f3n de nuestras tropas en el Pac\u00edfico colombiano Jairo Libreros panelista Hora20 de Caracol <\/p>\n","protected":false},"author":1,"featured_media":428,"comment_status":"open","ping_status":"open","sticky":false,"template":"","format":"standard","meta":{"om_disable_all_campaigns":false,"_monsterinsights_skip_tracking":false,"_monsterinsights_sitenote_active":false,"_monsterinsights_sitenote_note":"","_monsterinsights_sitenote_category":0,"footnotes":""},"categories":[94,1],"tags":[90,53,39],"aioseo_notices":[],"class_list":["post-2628","post","type-post","status-publish","format-standard","has-post-thumbnail","hentry","category-caracol-radio","category-jairo-libreros","tag-seguridad-y-defensa-nacional","tag-politicas-publicas","tag-seguridad-ciudadana"],"_links":{"self":[{"href":"https:\/\/jairolibreros.com\/index.php?rest_route=\/wp\/v2\/posts\/2628"}],"collection":[{"href":"https:\/\/jairolibreros.com\/index.php?rest_route=\/wp\/v2\/posts"}],"about":[{"href":"https:\/\/jairolibreros.com\/index.php?rest_route=\/wp\/v2\/types\/post"}],"author":[{"embeddable":true,"href":"https:\/\/jairolibreros.com\/index.php?rest_route=\/wp\/v2\/users\/1"}],"replies":[{"embeddable":true,"href":"https:\/\/jairolibreros.com\/index.php?rest_route=%2Fwp%2Fv2%2Fcomments&post=2628"}],"version-history":[{"count":3,"href":"https:\/\/jairolibreros.com\/index.php?rest_route=\/wp\/v2\/posts\/2628\/revisions"}],"predecessor-version":[{"id":3392,"href":"https:\/\/jairolibreros.com\/index.php?rest_route=\/wp\/v2\/posts\/2628\/revisions\/3392"}],"wp:featuredmedia":[{"embeddable":true,"href":"https:\/\/jairolibreros.com\/index.php?rest_route=\/wp\/v2\/media\/428"}],"wp:attachment":[{"href":"https:\/\/jairolibreros.com\/index.php?rest_route=%2Fwp%2Fv2%2Fmedia&parent=2628"}],"wp:term":[{"taxonomy":"category","embeddable":true,"href":"https:\/\/jairolibreros.com\/index.php?rest_route=%2Fwp%2Fv2%2Fcategories&post=2628"},{"taxonomy":"post_tag","embeddable":true,"href":"https:\/\/jairolibreros.com\/index.php?rest_route=%2Fwp%2Fv2%2Ftags&post=2628"}],"curies":[{"name":"wp","href":"https:\/\/api.w.org\/{rel}","templated":true}]}}