{"id":2647,"date":"2024-05-17T21:23:42","date_gmt":"2024-05-17T21:23:42","guid":{"rendered":"https:\/\/jairolibreros.com\/?p=2647"},"modified":"2025-09-06T01:48:46","modified_gmt":"2025-09-06T01:48:46","slug":"soy-la-voz-de-quienes-reprochamos-la-incompetencia-de-los-tomadores-de-decisiones-de-seguridad-personal-del-autodenominado-gobierno-del-cambio","status":"publish","type":"post","link":"https:\/\/jairolibreros.com\/?p=2647","title":{"rendered":"Soy la voz de quienes reprochamos la incompetencia de los tomadores de decisiones de seguridad personal del gobierno del cambio"},"content":{"rendered":"<p><span style=\"font-size: 14pt; font-family: tahoma, arial, helvetica, sans-serif;\"><strong>Soy la voz de quienes reprochamos la incompetencia de los tomadores de decisiones de seguridad personal del gobierno del cambio<\/strong><\/span><\/p>\n<p><span style=\"font-size: 14pt; font-family: tahoma, arial, helvetica, sans-serif;\"><strong>Jairo Libreros<\/strong>\u00a0panelista Hora20 de Caracol Radio<\/span><\/p>\n<p><span style=\"font-size: 14pt; font-family: tahoma, arial, helvetica, sans-serif;\"><em><a class=\"css-4rbku5 css-18t94o4 css-901oao css-16my406 r-1cvl2hr r-1loqt21 r-poiln3 r-bcqeeo r-1ny4l3l r-1ddef8g r-tjvw6i r-qvutc0\" dir=\"ltr\" role=\"link\" href=\"https:\/\/twitter.com\/hashtag\/SoyLaVoz?src=hashtag_click\">#SoyLaVoz<\/a> \u00b7 La Luci\u00e9rnaga \u00b7 Caracol Radio \u00b7 17.05.2024<\/em><\/span><\/p>\n<p class=\"p1\"><span style=\"font-size: 14pt; font-family: tahoma, arial, helvetica, sans-serif;\">Hola, les habla <strong>Jairo Libreros<\/strong>, profesor de la Universidad Externado de Colombia, y soy la voz de qui\u00e9nes reprochamos la incompetencia de los tomadores de decisiones de seguridad personal del autodenominado gobierno del cambio.<\/span><\/p>\n<p class=\"p1\"><span style=\"font-size: 14pt; font-family: tahoma, arial, helvetica, sans-serif;\">\u00a1Cambio! \u00bfCu\u00e1l cambio? Para nadie era un secreto que un sector de la sociedad colombiana usa y abusa de los esquemas de protecci\u00f3n del Estado como un mecanismo de asenso social. No se puede generalizar, pero en ese combo de arribistas entran pol\u00edticos, empresarios, altos funcionarios, exservidores p\u00fablicos, profesores, periodistas y l\u00edderes de los m\u00e1s variados matices.<span class=\"Apple-converted-space\">\u00a0<\/span><\/span><\/p>\n<p class=\"p1\"><span style=\"font-size: 14pt; font-family: tahoma, arial, helvetica, sans-serif;\">Y la direcci\u00f3n de la Unidad Nacional de Protecci\u00f3n del gobierno del cambio no ha desmontado esos esquemas, y por ese motivo, y por su propia incompetencia, no protege a qui\u00e9nes si tienen derecho a recibir seguridad por su nivel de riesgo excepcional derivado del grado de exposici\u00f3n social que asumen por los cargos p\u00fablicos que desempe\u00f1an.<\/span><\/p>\n<p class=\"p1\"><span style=\"font-size: 14pt; font-family: tahoma, arial, helvetica, sans-serif;\">Por ejemplo, el caso del homicidio del coronel \u00c9lmer Fern\u00e1ndez, director de la c\u00e1rcel La Modelo de Bogot\u00e1. Ese <em>pimponeo<\/em> macabro de responsabilidades entre una solicitud de protecci\u00f3n -cierta o inexistente- entre el director de Protecci\u00f3n y el director nacional del INPEC es inaceptable. No era necesaria la solicitud ni el estudio t\u00e9cnico de seguridad para asignarle un esquema de protecci\u00f3n: era evidente la presunci\u00f3n constitucional de riesgo extraordinario o extremo que afrontaba el coronel Fernandez como director de La Modelo, quien desde el d\u00eda de su posesi\u00f3n ten\u00eda que estar protegido por un esquema de seguridad.<\/span><\/p>\n<p class=\"p1\"><span style=\"font-size: 14pt; font-family: tahoma, arial, helvetica, sans-serif;\">En conclusi\u00f3n, si el gobierno del presidente Gustavo Petro quiere ser considerado un gobierno del cambio, puede convertir esta tragedia en una oportunidad. Reestructure la Unidad Nacional de Protecci\u00f3n y nombre como director a un petrista, pero que ese petrista sea competente; y liquide en t\u00e9rminos administrativos el INPEC y a esos ochenta y dos sindicatos que se apropiaron de la vida, del cuerpo y del alma de la guardia penitenciaria.<\/span><\/p>\n<!--[if lt IE 9]><script>document.createElement('audio');<\/script><![endif]-->\n<audio class=\"wp-audio-shortcode\" id=\"audio-2647-1\" preload=\"none\" style=\"width: 100%;\" controls=\"controls\"><source type=\"audio\/mpeg\" src=\"https:\/\/jairolibreros.com\/wp-content\/uploads\/2024\/05\/AUDIO-2024-05-17-18-54-42.mp3?_=1\" \/><a href=\"https:\/\/jairolibreros.com\/wp-content\/uploads\/2024\/05\/AUDIO-2024-05-17-18-54-42.mp3\">https:\/\/jairolibreros.com\/wp-content\/uploads\/2024\/05\/AUDIO-2024-05-17-18-54-42.mp3<\/a><\/audio>\n","protected":false},"excerpt":{"rendered":"<p>Soy la voz de quienes reprochamos la incompetencia de los tomadores de decisiones de seguridad personal del gobierno del cambio Jairo Libreros\u00a0panelista Hora20 <\/p>\n","protected":false},"author":1,"featured_media":428,"comment_status":"open","ping_status":"open","sticky":false,"template":"","format":"standard","meta":{"om_disable_all_campaigns":false,"_monsterinsights_skip_tracking":false,"_monsterinsights_sitenote_active":false,"_monsterinsights_sitenote_note":"","_monsterinsights_sitenote_category":0,"footnotes":""},"categories":[94,1],"tags":[53,39],"aioseo_notices":[],"class_list":["post-2647","post","type-post","status-publish","format-standard","has-post-thumbnail","hentry","category-caracol-radio","category-jairo-libreros","tag-politicas-publicas","tag-seguridad-ciudadana"],"_links":{"self":[{"href":"https:\/\/jairolibreros.com\/index.php?rest_route=\/wp\/v2\/posts\/2647"}],"collection":[{"href":"https:\/\/jairolibreros.com\/index.php?rest_route=\/wp\/v2\/posts"}],"about":[{"href":"https:\/\/jairolibreros.com\/index.php?rest_route=\/wp\/v2\/types\/post"}],"author":[{"embeddable":true,"href":"https:\/\/jairolibreros.com\/index.php?rest_route=\/wp\/v2\/users\/1"}],"replies":[{"embeddable":true,"href":"https:\/\/jairolibreros.com\/index.php?rest_route=%2Fwp%2Fv2%2Fcomments&post=2647"}],"version-history":[{"count":3,"href":"https:\/\/jairolibreros.com\/index.php?rest_route=\/wp\/v2\/posts\/2647\/revisions"}],"predecessor-version":[{"id":3390,"href":"https:\/\/jairolibreros.com\/index.php?rest_route=\/wp\/v2\/posts\/2647\/revisions\/3390"}],"wp:featuredmedia":[{"embeddable":true,"href":"https:\/\/jairolibreros.com\/index.php?rest_route=\/wp\/v2\/media\/428"}],"wp:attachment":[{"href":"https:\/\/jairolibreros.com\/index.php?rest_route=%2Fwp%2Fv2%2Fmedia&parent=2647"}],"wp:term":[{"taxonomy":"category","embeddable":true,"href":"https:\/\/jairolibreros.com\/index.php?rest_route=%2Fwp%2Fv2%2Fcategories&post=2647"},{"taxonomy":"post_tag","embeddable":true,"href":"https:\/\/jairolibreros.com\/index.php?rest_route=%2Fwp%2Fv2%2Ftags&post=2647"}],"curies":[{"name":"wp","href":"https:\/\/api.w.org\/{rel}","templated":true}]}}