{"id":2668,"date":"2024-06-07T13:31:05","date_gmt":"2024-06-07T13:31:05","guid":{"rendered":"https:\/\/jairolibreros.com\/?p=2668"},"modified":"2025-10-22T14:11:33","modified_gmt":"2025-10-22T14:11:33","slug":"dialogos-con-la-segunda-marquetalia-y-reclamos-de-organizaciones-contrastes-de-la-violencia-y-la-paz","status":"publish","type":"post","link":"https:\/\/jairolibreros.com\/?p=2668","title":{"rendered":"Di\u00e1logos con la Segunda Marquetalia y reclamos de organizaciones: contrastes de la violencia y la paz"},"content":{"rendered":"<p><span style=\"font-size: 14pt; font-family: tahoma, arial, helvetica, sans-serif;\"><strong>Di\u00e1logos con la Segunda Marquetalia y reclamos de organizaciones: contrastes de la violencia y la paz<\/strong><\/span><\/p>\n<p class=\"p1\" style=\"text-align: center;\"><span style=\"font-size: 14pt; font-family: tahoma, arial, helvetica, sans-serif;\">Panelistas creen que crisis en seguridad se ha profundizado, que el di\u00e1logo con Iv\u00e1n M\u00e1rquez ser\u00e1 dif\u00edcil ante las barreras constitucionales y creen que la movilizaci\u00f3n busca ejercer presi\u00f3n por v\u00edas no institucionales<\/span><\/p>\n<p><span style=\"font-size: 14pt; font-family: tahoma, arial, helvetica, sans-serif;\"><strong>Jairo Libreros<\/strong>\u00a0panelista Hora20 de Caracol Radio<\/span><\/p>\n<p><span style=\"font-size: 14pt; font-family: tahoma, arial, helvetica, sans-serif;\"><em>Redacci\u00f3n Hora20 \u00b7 Nicol\u00e1s Llano\u00b7 #Hora20 \u00b7 05.06.2024\u00a0<\/em><\/span><\/p>\n<p><span style=\"font-size: 14pt; font-family: tahoma, arial, helvetica, sans-serif;\"><span style=\"text-decoration: underline;\"><a href=\"https:\/\/x.com\/Hora20\/status\/1798503588521734452\">https:\/\/x.com\/Hora20\/status\/1798503588521734452<\/a><\/span>\u00a0<\/span><\/p>\n<p class=\"p1\"><span style=\"font-size: 14pt; font-family: tahoma, arial, helvetica, sans-serif;\">En el debate de Hora20 el an\u00e1lisis al panorama de derechos humanos en el pa\u00eds a partir de un informe de la Defensor\u00eda del Pueblo sobre los contrastes de la violencia y una radiograf\u00eda a la presencia de armados. El debate lo que refleja este informe a la luz de otros hechos como el inicio de la negociaci\u00f3n con la Segunda Marquetalia y la movilizaci\u00f3n del\u00a0<a href=\"https:\/\/caracol.com.co\/2024\/06\/05\/una-constituyente-no-esta-planteada-en-dialogos-con-disidencias-de-ivan-marquez-a-novoa\/\"><span class=\"s1\">Congreso de los Pueblos que ha generado bloqueos en varias zonas del pa\u00eds reclamando el desmonte del paramilitarismo.<\/span><\/a><span class=\"Apple-converted-space\">\u00a0<\/span><\/span><\/p>\n<p class=\"p3\"><span style=\"font-size: 14pt; font-family: tahoma, arial, helvetica, sans-serif;\"><b>Lo que dicen los panelistas<\/b><\/span><\/p>\n<p class=\"p1\"><span style=\"font-size: 14pt; font-family: tahoma, arial, helvetica, sans-serif;\"><b>Elizabeth Dickinson, analista senior para Colombia de International Crisis Group,\u00a0<\/b>se\u00f1al\u00f3 que la confusi\u00f3n en territorio tiene que ver con ceses y falta de \u00f3rdenes claras por parte del Ministerio de Defensa sobre c\u00f3mo tratar amenazas, \u201clas tropas dicen que est\u00e1n desmotivadas porque no ven estrategia\u201d. Resalt\u00f3 que la preocupaci\u00f3n debe ser tambi\u00e9n de largo plazo, \u201clos grupos armados cada vez utilizan pr\u00e1cticas como reclutamiento de menores,\u00a0<a href=\"https:\/\/caracol.com.co\/2024\/04\/24\/avanza-reconocimiento-politico-de-la-segunda-marquetalia-por-parte-del-gobierno\/\"><span class=\"s1\">estamos por perder una generaci\u00f3n de j\u00f3venes por estar en las filas\u201d.<\/span><\/a><\/span><\/p>\n<p class=\"p1\"><span style=\"font-size: 14pt; font-family: tahoma, arial, helvetica, sans-serif;\">En cuanto a los reclamos del Congreso de los Pueblos, dijo que es un mensaje de la sociedad civil, \u201ccon este gobierno los reclamos se hacen con ruido, en Cauca se dice que para hacer cumplir acuerdos de un paro hay que hacer otro paro.\u00a0<a href=\"https:\/\/caracol.com.co\/2024\/05\/17\/gobierno-reconoce-nuevos-disidentes-de-segunda-marquetalia-en-negociaciones-de-paz\/\"><span class=\"s1\">Es un incentivo para este tipo de acciones\u201d.<\/span><\/a><\/span><\/p>\n<p class=\"p1\"><span style=\"font-size: 14pt; font-family: tahoma, arial, helvetica, sans-serif;\"><b>Para Mar\u00eda Victoria Llorente, directora ejecutiva de la Fundaci\u00f3n Ideas para la Paz,\u00a0<\/b>el informe de la Defensor\u00eda confirma algunos an\u00e1lisis sobre c\u00f3mo se ha visto un retroceso importante en t\u00e9rminos de avance de estos grupos armados, aunque reconociendo que es un proceso que viene desde desmovilizaci\u00f3n de Farc, \u201cseg\u00fan los reportes del 2024, parece darse una aceleraci\u00f3n en el proceso de avance de los grupos armados y de su influencia a nivel territorial de manera preocupante\u201d. En cuanto a lo relacionado con la Segunda Marquetalia, dijo es una foto del pasado muy impactante, \u201c<a href=\"https:\/\/caracol.com.co\/2024\/05\/04\/otty-patino-hablo-sobre-dialogos-con-la-segunda-marquetalia-y-sobre-el-proceso-en-narino\/\"><span class=\"s1\">el Gobierno puede negociar con el que quiera, otra cosa es que hay barreras de constitucionalidad frente a ese proceso\u201d.<\/span><\/a><\/span><\/p>\n<p class=\"p1\"><span style=\"font-size: 14pt; font-family: tahoma, arial, helvetica, sans-serif;\">Sobre lo que ocurre con el Congreso de los Pueblos, dijo que si bien hay gente muy afectada por lo que est\u00e1 pasando y quieren que pare la violencia, \u201cac\u00e1 hay una cosa clara y hablan solo de paramilitarismo cuando hay mucha poblaci\u00f3n afectada por el EMC. Francamente es bien sabido que el Congreso de los Pueblos de alguna manera tiene una cercan\u00eda con el ELN, es un grupo de 600 organizaciones sociales que tienen afinidades con el<a href=\"https:\/\/caracol.com.co\/2024\/02\/29\/quienes-son-los-delegados-de-la-segunda-marquetalia-para-los-dialogos-de-paz\/\"><span class=\"s1\">\u00a0ELN y comparten de manera clara agendas pol\u00edticas con esta organizaci\u00f3n\u201d.<\/span><\/a><\/span><\/p>\n<p class=\"p1\"><span style=\"font-size: 14pt; font-family: tahoma, arial, helvetica, sans-serif;\"><b>Jairo Libreros, abogado, profesor universitario y experto en asuntos de seguridad,\u00a0<\/b>se\u00f1al\u00f3 que los ceses tienen responsabilidad en la crisis humanitaria, \u201cestos ceses terminaron siendo patente de corso que permiti\u00f3 a los armados consolidarse en el territorio.\u00a0<a href=\"https:\/\/caracol.com.co\/2024\/05\/17\/admiten-demanda-contra-la-norma-que-otorga-estatus-politico-a-la-segunda-marquetalia\/\"><span class=\"s1\">No es control social, se trata de consolidaci\u00f3n como grupos hegem\u00f3nicos\u201d.\u00a0<\/span><\/a>Manifest\u00f3 que los ceses son la claudicaci\u00f3n de operaciones estrat\u00e9gicas, t\u00e1cticas y en operaciones de inteligencia que nos lleva a un Estado que no tiene la capacidad de anticiparse a lo que ocurre\u201d.<\/span><\/p>\n<p class=\"p1\"><span style=\"font-size: 14pt; font-family: tahoma, arial, helvetica, sans-serif;\">Frente al uso de la movilizaci\u00f3n social, dijo que, tras el paro del 2021, se entiende a la movilizaci\u00f3n como un mecanismo de presi\u00f3n para esquivar la institucionalidad, \u201ces un mecanismo por la bulla que hace, instrumentalizada por bases del ELN u otra organizaci\u00f3n.\u00a0<a href=\"https:\/\/caracol.com.co\/2024\/04\/23\/se-ultiman-detalles-para-la-mesa-de-dialogos-entre-gobierno-y-segunda-marquetalia\/\"><span class=\"s1\">Mordisco tiene gente haciendo protesta social y todos tienen esa apuesta por la movilizaci\u00f3n social,<\/span><\/a>\u00a0lo cual pone a poblaci\u00f3n a estar monitoreada por sectores, como objetivo militar por otros y todas hacen bulla para demostrar que el tr\u00e1mite respetuoso del Estado de derecho no se cumple y que la \u00fanica forma es protesta social no en un movimiento de soberan\u00eda popular que se expresa en las proclamas; se busca es esquivar el procedimiento establecido\u201d.<\/span><\/p>\n<p class=\"p1\"><span style=\"font-size: 14pt; font-family: tahoma, arial, helvetica, sans-serif;\"><b>Gustavo Duncan, Ph.D. en Ciencias Pol\u00edticas, profesor en la Universidad EAFIT y columnista en El Tiempo,\u00a0<\/b>plante\u00f3 que as\u00ed en la parte estrat\u00e9gica en seguridad no parece ir para ning\u00fan lado, parece que los ceses tampoco van para ning\u00fan lado como consecuci\u00f3n de paz, \u201c<a href=\"https:\/\/caracol.com.co\/2024\/03\/26\/golpe-a-la-segunda-marquetalia-capturan-a-11-disidentes-farc-en-5-municipios\/\"><span class=\"s1\">parece que las negociaciones van hacia el tema de proyecto constituyente con grandes transformaciones<\/span><\/a>. La paz con grupos armados se comienza a volver una motivaci\u00f3n para que sea parte de un proceso constituyente\u201d.<\/span><\/p>\n<p class=\"p1\"><span style=\"font-size: 14pt; font-family: tahoma, arial, helvetica, sans-serif;\">Tambi\u00e9n dijo que hay improvisaci\u00f3n en negociaciones como la de la Segunda Marquetalia, \u201cel acuerdo es tra\u00eddo de los cabellos y es como un plan C,\u00a0<a href=\"https:\/\/caracol.com.co\/2024\/04\/02\/segunda-marquetalia-gobierno-ya-solicito-levantar-ordenes-de-captura-de-negociadores\/\"><span class=\"s1\">pero si se compara esta agenda de M\u00e1rquez con la del ELN, esta parece mucho m\u00e1s viable; la del ELN\u00a0<\/span><\/a>abarca lo divino y lo humano\u201d.<\/span><\/p>\n<p><iframe hcb-fetch-image-from=\"https:\/\/www.youtube.com\/watch?v=YDl_x7d3seQ\" title=\"DEBATE HORA 20:Panorama de los derechos humanos en Colombia\" width=\"640\" height=\"360\" src=\"https:\/\/www.youtube.com\/embed\/YDl_x7d3seQ?feature=oembed\" frameborder=\"0\" allow=\"accelerometer; autoplay; clipboard-write; encrypted-media; gyroscope; picture-in-picture; web-share\" referrerpolicy=\"strict-origin-when-cross-origin\" allowfullscreen><\/iframe><\/p>\n<p><span style=\"font-size: 14pt; font-family: tahoma, arial, helvetica, sans-serif;\">El link con el audio del debate de Hora20 es el siguiente:<\/span><\/p>\n<p><span style=\"font-size: 14pt; font-family: tahoma, arial, helvetica, sans-serif;\"><a href=\"https:\/\/caracol.com.co\/2024\/06\/06\/dialogos-con-la-segunda-marquetalia-y-reclamos-de-organizaciones-contrastes-de-la-violencia-y-la-paz\/\"><span style=\"text-decoration: underline;\">https:\/\/caracol.com.co\/2024\/06\/06\/dialogos-con-la-segunda-marquetalia-y-reclamos-de-organizaciones-contrastes-de-la-violencia-y-la-paz\/<\/span><\/a>\u00a0<\/span><\/p>\n","protected":false},"excerpt":{"rendered":"<p>Di\u00e1logos con la Segunda Marquetalia y reclamos de organizaciones: contrastes de la violencia y la paz Panelistas creen que crisis en seguridad se <\/p>\n","protected":false},"author":1,"featured_media":428,"comment_status":"open","ping_status":"open","sticky":false,"template":"","format":"standard","meta":{"om_disable_all_campaigns":false,"_monsterinsights_skip_tracking":false,"_monsterinsights_sitenote_active":false,"_monsterinsights_sitenote_note":"","_monsterinsights_sitenote_category":0,"footnotes":""},"categories":[94,1],"tags":[54,90,98,97,37,53,39],"aioseo_notices":[],"class_list":["post-2668","post","type-post","status-publish","format-standard","has-post-thumbnail","hentry","category-caracol-radio","category-jairo-libreros","tag-comunicacion-politica","tag-seguridad-y-defensa-nacional","tag-derechos-humanos","tag-inteligencia-estrategica","tag-movilizacion-social","tag-politicas-publicas","tag-seguridad-ciudadana"],"_links":{"self":[{"href":"https:\/\/jairolibreros.com\/index.php?rest_route=\/wp\/v2\/posts\/2668"}],"collection":[{"href":"https:\/\/jairolibreros.com\/index.php?rest_route=\/wp\/v2\/posts"}],"about":[{"href":"https:\/\/jairolibreros.com\/index.php?rest_route=\/wp\/v2\/types\/post"}],"author":[{"embeddable":true,"href":"https:\/\/jairolibreros.com\/index.php?rest_route=\/wp\/v2\/users\/1"}],"replies":[{"embeddable":true,"href":"https:\/\/jairolibreros.com\/index.php?rest_route=%2Fwp%2Fv2%2Fcomments&post=2668"}],"version-history":[{"count":1,"href":"https:\/\/jairolibreros.com\/index.php?rest_route=\/wp\/v2\/posts\/2668\/revisions"}],"predecessor-version":[{"id":4408,"href":"https:\/\/jairolibreros.com\/index.php?rest_route=\/wp\/v2\/posts\/2668\/revisions\/4408"}],"wp:featuredmedia":[{"embeddable":true,"href":"https:\/\/jairolibreros.com\/index.php?rest_route=\/wp\/v2\/media\/428"}],"wp:attachment":[{"href":"https:\/\/jairolibreros.com\/index.php?rest_route=%2Fwp%2Fv2%2Fmedia&parent=2668"}],"wp:term":[{"taxonomy":"category","embeddable":true,"href":"https:\/\/jairolibreros.com\/index.php?rest_route=%2Fwp%2Fv2%2Fcategories&post=2668"},{"taxonomy":"post_tag","embeddable":true,"href":"https:\/\/jairolibreros.com\/index.php?rest_route=%2Fwp%2Fv2%2Ftags&post=2668"}],"curies":[{"name":"wp","href":"https:\/\/api.w.org\/{rel}","templated":true}]}}