{"id":2837,"date":"2024-12-03T20:10:31","date_gmt":"2024-12-03T20:10:31","guid":{"rendered":"https:\/\/jairolibreros.com\/?p=2837"},"modified":"2025-09-06T02:03:53","modified_gmt":"2025-09-06T02:03:53","slug":"innovacion-y-seguridad-ciudadana-motores-de-la-transformacion-de-los-negocios-y-la-sociedad","status":"publish","type":"post","link":"https:\/\/jairolibreros.com\/?p=2837","title":{"rendered":"Innovaci\u00f3n y seguridad ciudadana: motores de la transformaci\u00f3n de los negocios y la sociedad"},"content":{"rendered":"<p><span style=\"font-family: tahoma, arial, helvetica, sans-serif; font-size: 14pt;\"><strong>Innovaci\u00f3n y seguridad ciudadana: motores de la transformaci\u00f3n de los negocios y la sociedad<\/strong><\/span><\/p>\n<p><span style=\"text-decoration: underline; font-family: tahoma, arial, helvetica, sans-serif; font-size: 14pt;\"><strong><a href=\"https:\/\/jairolibreros.com\/?page_id=3689\">Jairo Libreros<\/a><\/strong><\/span><\/p>\n<p><span style=\"font-family: tahoma, arial, helvetica, sans-serif; font-size: 14pt;\"><img fetchpriority=\"high\" decoding=\"async\" class=\"size-medium wp-image-2850 alignleft\" src=\"https:\/\/jairolibreros.com\/wp-content\/uploads\/2024\/12\/F15A37AF-B94C-4F0A-9198-DFB32731DC4A_1_105_c-300x225.jpeg\" alt=\"\" width=\"300\" height=\"225\" srcset=\"https:\/\/jairolibreros.com\/wp-content\/uploads\/2024\/12\/F15A37AF-B94C-4F0A-9198-DFB32731DC4A_1_105_c-300x225.jpeg 300w, https:\/\/jairolibreros.com\/wp-content\/uploads\/2024\/12\/F15A37AF-B94C-4F0A-9198-DFB32731DC4A_1_105_c-768x576.jpeg 768w, https:\/\/jairolibreros.com\/wp-content\/uploads\/2024\/12\/F15A37AF-B94C-4F0A-9198-DFB32731DC4A_1_105_c.jpeg 1024w\" sizes=\"(max-width: 300px) 100vw, 300px\" \/><\/span><\/p>\n<p><span style=\"font-family: tahoma, arial, helvetica, sans-serif; font-size: 14pt;\"><em>Medell\u00edn, 24.11.2024 \u00b7 Valora Analitik \u00b7 El Colombiano \u00b7 Ruta N \u00b7 MINSAIT -una compa\u00f1\u00eda de INDRA-<\/em><\/span><\/p>\n<p><span style=\"font-family: tahoma, arial, helvetica, sans-serif; font-size: 14pt;\"><em> <span class=\"r-18u37iz\"><a class=\"css-1jxf684 r-bcqeeo r-1ttztb7 r-qvutc0 r-poiln3 r-1ny4l3l r-1ddef8g r-tjvw6i r-1loqt21\" dir=\"ltr\" role=\"link\" href=\"https:\/\/twitter.com\/hashtag\/Ciberseguridad?src=hashtag_click\"><span style=\"text-decoration: underline;\">#Ciberseguridad<\/span><\/a><\/span><\/em><\/span><\/p>\n<p><span style=\"font-family: tahoma, arial, helvetica, sans-serif; font-size: 14pt;\">En el &#8220;Gran foro Innovaci\u00f3n y seguridad ciudadana: motores de la transformaci\u00f3n de los negocios y la sociedad&#8221; present\u00e9 una ponencia sobre &#8220;Las regiones desde una perspectiva de seguridad y defensa nacional&#8221;. El link del gran foro es el siguiente:<\/span><\/p>\n<p><iframe hcb-fetch-image-from=\"https:\/\/www.youtube.com\/live\/OTRuF9qlBWk\" title=\"EN VIVO\ud83d\udd34: Gran Foro de Innovaci\u00f3n y Seguridad.\" width=\"640\" height=\"360\" src=\"https:\/\/www.youtube.com\/embed\/OTRuF9qlBWk?feature=oembed\" frameborder=\"0\" allow=\"accelerometer; autoplay; clipboard-write; encrypted-media; gyroscope; picture-in-picture; web-share\" referrerpolicy=\"strict-origin-when-cross-origin\" allowfullscreen><\/iframe><\/p>\n<p style=\"text-align: right;\"><span style=\"text-decoration: underline; font-family: tahoma, arial, helvetica, sans-serif; font-size: 14pt;\"><a href=\"https:\/\/jairolibreros.com\/\"><strong>Blog de Jairo Libreros<\/strong><\/a><\/span><\/p>\n","protected":false},"excerpt":{"rendered":"<p>Innovaci\u00f3n y seguridad ciudadana: motores de la transformaci\u00f3n de los negocios y la sociedad Jairo Libreros Medell\u00edn, 24.11.2024 \u00b7 Valora Analitik \u00b7 El <\/p>\n","protected":false},"author":1,"featured_media":2347,"comment_status":"open","ping_status":"open","sticky":false,"template":"","format":"standard","meta":{"om_disable_all_campaigns":false,"_monsterinsights_skip_tracking":false,"_monsterinsights_sitenote_active":false,"_monsterinsights_sitenote_note":"","_monsterinsights_sitenote_category":0,"footnotes":""},"categories":[1,96],"tags":[90,53,39],"aioseo_notices":[],"class_list":["post-2837","post","type-post","status-publish","format-standard","has-post-thumbnail","hentry","category-jairo-libreros","category-universidad-externado","tag-seguridad-y-defensa-nacional","tag-politicas-publicas","tag-seguridad-ciudadana"],"_links":{"self":[{"href":"https:\/\/jairolibreros.com\/index.php?rest_route=\/wp\/v2\/posts\/2837"}],"collection":[{"href":"https:\/\/jairolibreros.com\/index.php?rest_route=\/wp\/v2\/posts"}],"about":[{"href":"https:\/\/jairolibreros.com\/index.php?rest_route=\/wp\/v2\/types\/post"}],"author":[{"embeddable":true,"href":"https:\/\/jairolibreros.com\/index.php?rest_route=\/wp\/v2\/users\/1"}],"replies":[{"embeddable":true,"href":"https:\/\/jairolibreros.com\/index.php?rest_route=%2Fwp%2Fv2%2Fcomments&post=2837"}],"version-history":[{"count":11,"href":"https:\/\/jairolibreros.com\/index.php?rest_route=\/wp\/v2\/posts\/2837\/revisions"}],"predecessor-version":[{"id":3824,"href":"https:\/\/jairolibreros.com\/index.php?rest_route=\/wp\/v2\/posts\/2837\/revisions\/3824"}],"wp:featuredmedia":[{"embeddable":true,"href":"https:\/\/jairolibreros.com\/index.php?rest_route=\/wp\/v2\/media\/2347"}],"wp:attachment":[{"href":"https:\/\/jairolibreros.com\/index.php?rest_route=%2Fwp%2Fv2%2Fmedia&parent=2837"}],"wp:term":[{"taxonomy":"category","embeddable":true,"href":"https:\/\/jairolibreros.com\/index.php?rest_route=%2Fwp%2Fv2%2Fcategories&post=2837"},{"taxonomy":"post_tag","embeddable":true,"href":"https:\/\/jairolibreros.com\/index.php?rest_route=%2Fwp%2Fv2%2Ftags&post=2837"}],"curies":[{"name":"wp","href":"https:\/\/api.w.org\/{rel}","templated":true}]}}