{"id":2880,"date":"2025-01-31T16:12:14","date_gmt":"2025-01-31T16:12:14","guid":{"rendered":"https:\/\/jairolibreros.com\/?p=2880"},"modified":"2025-09-18T01:23:22","modified_gmt":"2025-09-18T01:23:22","slug":"soy-la-voz-de-quienes-celebramos-el-nombramiento-de-la-doctora-laura-sarabia-como-ministra-de-relaciones-exteriores","status":"publish","type":"post","link":"https:\/\/jairolibreros.com\/?p=2880","title":{"rendered":"Soy la voz de qui\u00e9nes celebramos el nombramiento de la doctora Laura Sarabia como ministra de Relaciones Exteriores"},"content":{"rendered":"<p><span style=\"font-family: tahoma, arial, helvetica, sans-serif; font-size: 14pt;\"><strong>Soy la voz de qui\u00e9nes celebramos el nombramiento de la doctora Laura Sarabia como ministra de Relaciones Exteriores<\/strong><\/span><\/p>\n<p><span style=\"font-family: tahoma, arial, helvetica, sans-serif; font-size: 14pt;\"><em><a class=\"css-4rbku5 css-18t94o4 css-901oao css-16my406 r-1cvl2hr r-1loqt21 r-poiln3 r-bcqeeo r-1ny4l3l r-1ddef8g r-tjvw6i r-qvutc0\" dir=\"ltr\" role=\"link\" href=\"https:\/\/twitter.com\/hashtag\/SoyLaVoz?src=hashtag_click\">#SoyLaVoz<\/a> \u00b7 La Luci\u00e9rnaga \u00b7 Caracol Radio \u00b7 29.01.2025<\/em><\/span><\/p>\n<!--[if lt IE 9]><script>document.createElement('audio');<\/script><![endif]-->\n<audio class=\"wp-audio-shortcode\" id=\"audio-2880-1\" preload=\"none\" style=\"width: 100%;\" controls=\"controls\"><source type=\"audio\/mpeg\" src=\"https:\/\/jairolibreros.com\/wp-content\/uploads\/2025\/01\/AUDIO-2025-01-29-19-55-08.mp3?_=1\" \/><a href=\"https:\/\/jairolibreros.com\/wp-content\/uploads\/2025\/01\/AUDIO-2025-01-29-19-55-08.mp3\">https:\/\/jairolibreros.com\/wp-content\/uploads\/2025\/01\/AUDIO-2025-01-29-19-55-08.mp3<\/a><\/audio>\n<p>&nbsp;<\/p>\n<p class=\"p1\"><span style=\"font-family: tahoma, arial, helvetica, sans-serif; font-size: 14pt;\">Hola, les habla <b>Jairo Libreros<\/b>, profesor de la Universidad Externado de Colombia, y soy la voz de qui\u00e9nes celebramos a rabiar, y por defecto, el nombramiento de la doctora Laura Sarabia como ministra de Relaciones Exteriores.<span class=\"Apple-converted-space\">\u00a0<\/span><\/span><\/p>\n<p class=\"p1\"><span style=\"font-family: tahoma, arial, helvetica, sans-serif; font-size: 14pt;\">Hagamos memoria. En 1986, el expresidente Alfonso L\u00f3pez impulsaba la candidatura presidencial de Virgilio Barco, y cada vez que era consultado por los periodistas sobre qui\u00e9n deb\u00eda asumir las banderas del Partido Liberal, L\u00f3pez contestaba lo siguiente: \u00bfsi no es Barco, qui\u00e9n?<\/span><\/p>\n<p class=\"p1\"><span style=\"font-family: tahoma, arial, helvetica, sans-serif; font-size: 14pt;\">Hoy dia el tema de fondo no es si la doctora Laura est\u00e1 preparada o no para asumir el cargo. Tampoco si la ministra Sarabia tiene la experiencia m\u00ednima necesaria para asumir tama\u00f1o desaf\u00edo. Ese no es el est\u00e1ndar. El patr\u00f3n de referencia es otro. Necesitamos en el Palacio de San Carlos una Canciller que funja como coordinadora de disciplina para manejar los vaivenes emocionales del presidente Gustavo Petro.<\/span><\/p>\n<p class=\"p1\"><span style=\"font-family: tahoma, arial, helvetica, sans-serif; font-size: 14pt;\">Lo estrat\u00e9gico no son los logros y resultados de la pol\u00edtica exterior, sino la disminuci\u00f3n y contenci\u00f3n preventiva de los da\u00f1os que produce el presidente Petro v\u00eda redes sociales. Y la \u00fanica persona que tiene la capacidad de hablar con \u00e9l las 24 horas al d\u00eda, los 7 d\u00edas a la semana, y de hablarle duro, es Laura Sarabia.<\/span><\/p>\n<p class=\"p1\"><span style=\"font-family: tahoma, arial, helvetica, sans-serif; font-size: 14pt;\">En conclusi\u00f3n, parafraseando al expresidente L\u00f3pez: \u00bfsi no es Laura, quien?<\/span><\/p>\n<p style=\"text-align: right;\"><span style=\"font-family: tahoma, arial, helvetica, sans-serif; font-size: 14pt;\"><a href=\"https:\/\/jairolibreros.com\/\"><strong><span style=\"text-decoration: underline;\">Blog de Jairo Libreros<\/span><\/strong><\/a><\/span><\/p>\n","protected":false},"excerpt":{"rendered":"<p>Soy la voz de qui\u00e9nes celebramos el nombramiento de la doctora Laura Sarabia como ministra de Relaciones Exteriores #SoyLaVoz \u00b7 La Luci\u00e9rnaga \u00b7 <\/p>\n","protected":false},"author":1,"featured_media":428,"comment_status":"open","ping_status":"open","sticky":false,"template":"","format":"standard","meta":{"om_disable_all_campaigns":false,"_monsterinsights_skip_tracking":false,"_monsterinsights_sitenote_active":false,"_monsterinsights_sitenote_note":"","_monsterinsights_sitenote_category":0,"footnotes":""},"categories":[94,1],"tags":[54,64,53],"aioseo_notices":[],"class_list":["post-2880","post","type-post","status-publish","format-standard","has-post-thumbnail","hentry","category-caracol-radio","category-jairo-libreros","tag-comunicacion-politica","tag-politica-internacional","tag-politicas-publicas"],"_links":{"self":[{"href":"https:\/\/jairolibreros.com\/index.php?rest_route=\/wp\/v2\/posts\/2880"}],"collection":[{"href":"https:\/\/jairolibreros.com\/index.php?rest_route=\/wp\/v2\/posts"}],"about":[{"href":"https:\/\/jairolibreros.com\/index.php?rest_route=\/wp\/v2\/types\/post"}],"author":[{"embeddable":true,"href":"https:\/\/jairolibreros.com\/index.php?rest_route=\/wp\/v2\/users\/1"}],"replies":[{"embeddable":true,"href":"https:\/\/jairolibreros.com\/index.php?rest_route=%2Fwp%2Fv2%2Fcomments&post=2880"}],"version-history":[{"count":4,"href":"https:\/\/jairolibreros.com\/index.php?rest_route=\/wp\/v2\/posts\/2880\/revisions"}],"predecessor-version":[{"id":4648,"href":"https:\/\/jairolibreros.com\/index.php?rest_route=\/wp\/v2\/posts\/2880\/revisions\/4648"}],"wp:featuredmedia":[{"embeddable":true,"href":"https:\/\/jairolibreros.com\/index.php?rest_route=\/wp\/v2\/media\/428"}],"wp:attachment":[{"href":"https:\/\/jairolibreros.com\/index.php?rest_route=%2Fwp%2Fv2%2Fmedia&parent=2880"}],"wp:term":[{"taxonomy":"category","embeddable":true,"href":"https:\/\/jairolibreros.com\/index.php?rest_route=%2Fwp%2Fv2%2Fcategories&post=2880"},{"taxonomy":"post_tag","embeddable":true,"href":"https:\/\/jairolibreros.com\/index.php?rest_route=%2Fwp%2Fv2%2Ftags&post=2880"}],"curies":[{"name":"wp","href":"https:\/\/api.w.org\/{rel}","templated":true}]}}