{"id":2927,"date":"2025-02-12T00:41:20","date_gmt":"2025-02-12T00:41:20","guid":{"rendered":"https:\/\/jairolibreros.com\/?p=2927"},"modified":"2025-09-19T01:22:57","modified_gmt":"2025-09-19T01:22:57","slug":"pereira-y-dosquebradas-estarian-en-la-mira-del-clan-del-golfo","status":"publish","type":"post","link":"https:\/\/jairolibreros.com\/?p=2927","title":{"rendered":"Pereira y Dosquebradas estar\u00edan en la mira del Clan del Golfo"},"content":{"rendered":"<p class=\"p1\"><span style=\"font-family: tahoma, arial, helvetica, sans-serif; font-size: 14pt;\"><strong>Pereira y Dosquebradas estar\u00edan en la mira del Clan del Golfo<\/strong><\/span><\/p>\n<p class=\"p2\"><span style=\"font-family: tahoma, arial, helvetica, sans-serif; font-size: 14pt;\"><i>Pereira \u00b7 Caracol Radio \u00b7 Manuel D\u00edaz Vel\u00e1zquez \u00b7 15.01.2025<\/i><\/span><\/p>\n<p class=\"p1\"><span style=\"font-family: tahoma, arial, helvetica, sans-serif; font-size: 14pt;\"><strong>El consultor pol\u00edtico y experto en seguridad ciudadana<\/strong>, alert\u00f3 sobre el preocupante panorama que enfrenta el Eje Cafetero debido al accionar de este grupo criminal.<\/span><\/p>\n<p class=\"p1\"><span style=\"font-family: tahoma, arial, helvetica, sans-serif; font-size: 14pt;\"><b>Jairo Libreros <\/b>se\u00f1al\u00f3 que Pereira podr\u00eda convertirse en un punto estrat\u00e9gico para las operaciones log\u00edsticas del Clan del Golfo, con el objetivo de expandirse hacia el Valle del Cauca, una regi\u00f3n codiciada por su potencial en rentas ilegales.<\/span><\/p>\n<p class=\"p1\"><span style=\"font-family: tahoma, arial, helvetica, sans-serif; font-size: 14pt;\"><strong>El experto<\/strong> tambi\u00e9n indic\u00f3 que el Clan del Golfo consolid\u00f3 su control sobre el ca\u00f1\u00f3n de Las Garrapatas hace cuatro a\u00f1os, una zona clave para el tr\u00e1fico de drogas, la entrada de armas y la movilizaci\u00f3n de sus estructuras criminales.<\/span><\/p>\n<p class=\"p1\"><span style=\"font-family: tahoma, arial, helvetica, sans-serif; font-size: 14pt;\">El ca\u00f1\u00f3n de Las Garrapatas est\u00e1 ubicado entre los departamentos de Risaralda y Choc\u00f3, en la vertiente occidental de la cordillera. Es una zona monta\u00f1osa y selv\u00e1tica que conecta a los municipios como Ap\u00eda y Pueblo Rico en Risaralda con \u00e1reas del Choc\u00f3.<\/span><\/p>\n<p class=\"p1\"><span style=\"font-family: tahoma, arial, helvetica, sans-serif; font-size: 14pt;\">Pero, <strong>seg\u00fan Libreros<\/strong>, el inter\u00e9s mayor de esta organizaci\u00f3n es el Valle del Cauca, una regi\u00f3n estrat\u00e9gica por su econom\u00eda robusta, siete grandes ciudades y salida al mar. Seg\u00fan, all\u00ed ya los esperan otros actores armados como las disidencias de las FARC.<span class=\"Apple-converted-space\">\u00a0<\/span><\/span><\/p>\n<p class=\"p1\"><span style=\"font-family: tahoma, arial, helvetica, sans-serif; font-size: 14pt;\">Aprovech\u00f3 para hacer un llamado a los gobiernos locales, departamentales y al nacional, para coordinar acciones inmediatas que frenen el avance de esta estructura.<\/span><\/p>\n<p class=\"p1\"><span style=\"font-family: tahoma, arial, helvetica, sans-serif; font-size: 14pt;\"><strong>Libreros<\/strong> dijo que la seguridad en Pereira y Dosquebradas est\u00e1 en juego, y que las autoridades tienen la responsabilidad de actuar antes de que esta amenaza se consolide en la regi\u00f3n.<\/span><\/p>\n<p class=\"p3\"><span style=\"font-family: tahoma, arial, helvetica, sans-serif; font-size: 14pt;\"><span style=\"text-decoration: underline;\"><a href=\"https:\/\/caracol.com.co\/2025\/01\/15\/pereira-y-dosquebradas-estarian-en-la-mira-del-clan-del-golfo-jairo-libreros\/\">https:\/\/caracol.com.co\/2025\/01\/15\/pereira-y-dosquebradas-estarian-en-la-mira-del-clan-del-golfo-jairo-libreros\/<\/a><\/span><span class=\"s1\"><span class=\"Apple-converted-space\">\u00a0<\/span><\/span><\/span><\/p>\n<p style=\"text-align: right;\"><span style=\"text-decoration: underline; font-size: 14pt; font-family: tahoma, arial, helvetica, sans-serif;\"><a href=\"https:\/\/jairolibreros.com\/\"><strong>Blog de Jairo Libreros<\/strong><\/a><\/span><\/p>\n","protected":false},"excerpt":{"rendered":"<p>Pereira y Dosquebradas estar\u00edan en la mira del Clan del Golfo Pereira \u00b7 Caracol Radio \u00b7 Manuel D\u00edaz Vel\u00e1zquez \u00b7 15.01.2025 El consultor <\/p>\n","protected":false},"author":1,"featured_media":428,"comment_status":"open","ping_status":"open","sticky":false,"template":"","format":"standard","meta":{"om_disable_all_campaigns":false,"_monsterinsights_skip_tracking":false,"_monsterinsights_sitenote_active":false,"_monsterinsights_sitenote_note":"","_monsterinsights_sitenote_category":0,"footnotes":""},"categories":[94,1],"tags":[90,53,39],"aioseo_notices":[],"class_list":["post-2927","post","type-post","status-publish","format-standard","has-post-thumbnail","hentry","category-caracol-radio","category-jairo-libreros","tag-seguridad-y-defensa-nacional","tag-politicas-publicas","tag-seguridad-ciudadana"],"_links":{"self":[{"href":"https:\/\/jairolibreros.com\/index.php?rest_route=\/wp\/v2\/posts\/2927"}],"collection":[{"href":"https:\/\/jairolibreros.com\/index.php?rest_route=\/wp\/v2\/posts"}],"about":[{"href":"https:\/\/jairolibreros.com\/index.php?rest_route=\/wp\/v2\/types\/post"}],"author":[{"embeddable":true,"href":"https:\/\/jairolibreros.com\/index.php?rest_route=\/wp\/v2\/users\/1"}],"replies":[{"embeddable":true,"href":"https:\/\/jairolibreros.com\/index.php?rest_route=%2Fwp%2Fv2%2Fcomments&post=2927"}],"version-history":[{"count":6,"href":"https:\/\/jairolibreros.com\/index.php?rest_route=\/wp\/v2\/posts\/2927\/revisions"}],"predecessor-version":[{"id":4664,"href":"https:\/\/jairolibreros.com\/index.php?rest_route=\/wp\/v2\/posts\/2927\/revisions\/4664"}],"wp:featuredmedia":[{"embeddable":true,"href":"https:\/\/jairolibreros.com\/index.php?rest_route=\/wp\/v2\/media\/428"}],"wp:attachment":[{"href":"https:\/\/jairolibreros.com\/index.php?rest_route=%2Fwp%2Fv2%2Fmedia&parent=2927"}],"wp:term":[{"taxonomy":"category","embeddable":true,"href":"https:\/\/jairolibreros.com\/index.php?rest_route=%2Fwp%2Fv2%2Fcategories&post=2927"},{"taxonomy":"post_tag","embeddable":true,"href":"https:\/\/jairolibreros.com\/index.php?rest_route=%2Fwp%2Fv2%2Ftags&post=2927"}],"curies":[{"name":"wp","href":"https:\/\/api.w.org\/{rel}","templated":true}]}}