{"id":2931,"date":"2025-02-12T19:10:59","date_gmt":"2025-02-12T19:10:59","guid":{"rendered":"https:\/\/jairolibreros.com\/?p=2931"},"modified":"2025-09-19T01:21:48","modified_gmt":"2025-09-19T01:21:48","slug":"petro-rearma-su-gobierno-lograran-sus-nuevos-ministros-dar-resultados-a-18-meses-del-fin-de-su-mandato","status":"publish","type":"post","link":"https:\/\/jairolibreros.com\/?p=2931","title":{"rendered":"Petro rearma su Gobierno: \u00bflograr\u00e1n sus nuevos ministros dar resultados a 18 meses del fin de su mandato?"},"content":{"rendered":"<p class=\"p1\"><span style=\"font-family: tahoma, arial, helvetica, sans-serif; font-size: 14pt;\"><strong><span class=\"s1\">Petro rearma su Gobierno: \u00bflograr\u00e1n sus nuevos ministros dar resultados a 18 meses del fin de su mandato?<\/span><\/strong><\/span><\/p>\n<p class=\"p1\"><span class=\"s4\" style=\"font-family: tahoma, arial, helvetica, sans-serif; font-size: 14pt;\"><i>Cali, Valle del Cauca \u00b7 CNN en Espa\u00f1ol \u00b7 Andrea G\u00f3mez \u00b7 12.02.2025<\/i><\/span><\/p>\n<p class=\"p1\"><span style=\"font-family: tahoma, arial, helvetica, sans-serif; font-size: 14pt;\"><span class=\"s2\">Para <\/span><strong><span class=\"s1\">Jairo Libreros<\/span><span class=\"s2\">, <\/span><span class=\"s1\">docente de la Universidad Externado y analista pol\u00edtico<\/span><\/strong><span class=\"s2\"><strong>,<\/strong> \u201clos ministros que est\u00e1n saliendo o que ya se fueron \u2014y el gabinete, en t\u00e9rminos generales\u2014 no estaban en capacidad de garantizar la materializaci\u00f3n de los proyectos de reforma que hac\u00edan tr\u00e1nsito en el Gobierno\u201d.<\/span><\/span><\/p>\n<p class=\"p1\"><span style=\"font-family: tahoma, arial, helvetica, sans-serif; font-size: 14pt;\"><strong><span class=\"s1\">Libreros<\/span><\/strong><span class=\"s2\"> considera que \u201cesta ser\u00eda la oportunidad de refrescar el gabinete, siempre y cuando se integren con partidos pol\u00edticos de gobierno o independientes que hagan parte de una coalici\u00f3n amplia\u201d.<\/span><\/span><\/p>\n<p class=\"p1\"><span style=\"font-family: tahoma, arial, helvetica, sans-serif; font-size: 14pt;\"><span class=\"s2\">Si se logra esa coalici\u00f3n, \u201cse puede esperar un mejor resultado en las pol\u00edticas p\u00fablicas y en los proyectos de ley\u201d, <strong>explic\u00f3 <\/strong><\/span><strong><span class=\"s1\">Libreros<\/span><\/strong><span class=\"s2\"><strong> a CNN<\/strong>.<\/span><\/span><\/p>\n<p class=\"p1\"><span class=\"s2\" style=\"font-family: tahoma, arial, helvetica, sans-serif; font-size: 14pt;\">Para el analista, si el Gobierno de Petro \u201cse radicaliza\u201d \u2014es decir, si adopta posturas m\u00e1s extremas y solo suma a su grupo pol\u00edtico, excluyendo a otros partidos para formar una coalici\u00f3n\u2014 \u201cno hay forma de garantizar una estabilidad pol\u00edtica y mucho menos sacar adelante las reformas sociales. Ser\u00eda imposible\u201d, concluy\u00f3.<\/span><\/p>\n<p class=\"p1\"><span class=\"s2\" style=\"font-family: tahoma, arial, helvetica, sans-serif; font-size: 14pt;\">El link de CNN en Espa\u00f1ol con el an\u00e1lisis es el siguiente:<\/span><\/p>\n<p class=\"p1\"><span class=\"s3\" style=\"font-family: tahoma, arial, helvetica, sans-serif; font-size: 14pt;\"><a href=\"https:\/\/cnnespanol.cnn.com\/2025\/02\/12\/colombia\/analisis-petro-rearma-gobierno-nuevos-ministros-resultados-18-meses-fin-mandato-orix\"><span style=\"text-decoration: underline;\">https:\/\/cnnespanol.cnn.com\/2025\/02\/12\/colombia\/analisis-petro-rearma-gobierno-nuevos-ministros-resultados-18-meses-fin-mandato-orix<\/span><\/a><\/span><\/p>\n<p style=\"text-align: right;\"><span style=\"text-decoration: underline;\"><span style=\"font-family: tahoma, arial, helvetica, sans-serif; font-size: 14pt;\"><a href=\"https:\/\/jairolibreros.com\/\"><strong>Blog de Jairo Libreros<\/strong><\/a><\/span><\/span><\/p>\n","protected":false},"excerpt":{"rendered":"<p>Petro rearma su Gobierno: \u00bflograr\u00e1n sus nuevos ministros dar resultados a 18 meses del fin de su mandato? Cali, Valle del Cauca \u00b7 <\/p>\n","protected":false},"author":1,"featured_media":425,"comment_status":"open","ping_status":"open","sticky":false,"template":"","format":"standard","meta":{"om_disable_all_campaigns":false,"_monsterinsights_skip_tracking":false,"_monsterinsights_sitenote_active":false,"_monsterinsights_sitenote_note":"","_monsterinsights_sitenote_category":0,"footnotes":""},"categories":[1],"tags":[44,54,53],"aioseo_notices":[],"class_list":["post-2931","post","type-post","status-publish","format-standard","has-post-thumbnail","hentry","category-jairo-libreros","tag-elecciones","tag-comunicacion-politica","tag-politicas-publicas"],"_links":{"self":[{"href":"https:\/\/jairolibreros.com\/index.php?rest_route=\/wp\/v2\/posts\/2931"}],"collection":[{"href":"https:\/\/jairolibreros.com\/index.php?rest_route=\/wp\/v2\/posts"}],"about":[{"href":"https:\/\/jairolibreros.com\/index.php?rest_route=\/wp\/v2\/types\/post"}],"author":[{"embeddable":true,"href":"https:\/\/jairolibreros.com\/index.php?rest_route=\/wp\/v2\/users\/1"}],"replies":[{"embeddable":true,"href":"https:\/\/jairolibreros.com\/index.php?rest_route=%2Fwp%2Fv2%2Fcomments&post=2931"}],"version-history":[{"count":9,"href":"https:\/\/jairolibreros.com\/index.php?rest_route=\/wp\/v2\/posts\/2931\/revisions"}],"predecessor-version":[{"id":4663,"href":"https:\/\/jairolibreros.com\/index.php?rest_route=\/wp\/v2\/posts\/2931\/revisions\/4663"}],"wp:featuredmedia":[{"embeddable":true,"href":"https:\/\/jairolibreros.com\/index.php?rest_route=\/wp\/v2\/media\/425"}],"wp:attachment":[{"href":"https:\/\/jairolibreros.com\/index.php?rest_route=%2Fwp%2Fv2%2Fmedia&parent=2931"}],"wp:term":[{"taxonomy":"category","embeddable":true,"href":"https:\/\/jairolibreros.com\/index.php?rest_route=%2Fwp%2Fv2%2Fcategories&post=2931"},{"taxonomy":"post_tag","embeddable":true,"href":"https:\/\/jairolibreros.com\/index.php?rest_route=%2Fwp%2Fv2%2Ftags&post=2931"}],"curies":[{"name":"wp","href":"https:\/\/api.w.org\/{rel}","templated":true}]}}