{"id":2974,"date":"2025-02-27T16:27:42","date_gmt":"2025-02-27T16:27:42","guid":{"rendered":"https:\/\/jairolibreros.com\/?p=2974"},"modified":"2025-09-19T01:12:00","modified_gmt":"2025-09-19T01:12:00","slug":"fracaso-la-paz-total-de-petro","status":"publish","type":"post","link":"https:\/\/jairolibreros.com\/?p=2974","title":{"rendered":"\u00bfFracas\u00f3 la paz total de Petro?"},"content":{"rendered":"<p class=\"p1\"><span style=\"font-family: tahoma, arial, helvetica, sans-serif; font-size: 14pt;\"><strong>\u00bfFracas\u00f3 la paz total de Petro?<\/strong><\/span><\/p>\n<p class=\"p1\"><span style=\"font-family: tahoma, arial, helvetica, sans-serif; font-size: 14pt;\"><em>Publimetro \u00b7 Kewin Alarc\u00f3n \u00b7 27.02.2025<\/em><\/span><\/p>\n<p class=\"p1\"><span style=\"font-family: tahoma, arial, helvetica, sans-serif; font-size: 14pt;\"><strong>Experto analiz\u00f3 la pol\u00edtica de seguridad del Gobierno Nacional<\/strong>: <strong>Jairo Libreros<\/strong><\/span><\/p>\n<p class=\"p1\"><span style=\"font-family: tahoma, arial, helvetica, sans-serif; font-size: 14pt;\">1- \u00bfCu\u00e1l es su percepci\u00f3n de seguridad en lo que va este gobierno del presidente Gustavo Petro?<\/span><\/p>\n<!--[if lt IE 9]><script>document.createElement('audio');<\/script><![endif]-->\n<audio class=\"wp-audio-shortcode\" id=\"audio-2974-1\" preload=\"none\" style=\"width: 100%;\" controls=\"controls\"><source type=\"audio\/mpeg\" src=\"https:\/\/jairolibreros.com\/wp-content\/uploads\/2025\/02\/AUDIO-2025-02-26-12-52-53.m4a?_=1\" \/><a href=\"https:\/\/jairolibreros.com\/wp-content\/uploads\/2025\/02\/AUDIO-2025-02-26-12-52-53.m4a\">https:\/\/jairolibreros.com\/wp-content\/uploads\/2025\/02\/AUDIO-2025-02-26-12-52-53.m4a<\/a><\/audio>\n<p class=\"p1\"><span style=\"font-family: tahoma, arial, helvetica, sans-serif; font-size: 14pt;\">2- El presidente Petro ha basado sus cifras en materia de seguridad teniendo en cuenta los homicidios, este es un buen indicador para hacer el an\u00e1lisis?<\/span><\/p>\n<audio class=\"wp-audio-shortcode\" id=\"audio-2974-2\" preload=\"none\" style=\"width: 100%;\" controls=\"controls\"><source type=\"audio\/mpeg\" src=\"https:\/\/jairolibreros.com\/wp-content\/uploads\/2025\/02\/AUDIO-2025-02-26-12-56-04.m4a?_=2\" \/><a href=\"https:\/\/jairolibreros.com\/wp-content\/uploads\/2025\/02\/AUDIO-2025-02-26-12-56-04.m4a\">https:\/\/jairolibreros.com\/wp-content\/uploads\/2025\/02\/AUDIO-2025-02-26-12-56-04.m4a<\/a><\/audio>\n<p class=\"p1\"><span style=\"font-family: tahoma, arial, helvetica, sans-serif; font-size: 14pt;\">3- El ministro de Defensa asegur\u00f3 que la situaci\u00f3n de orden p\u00fablico en el pa\u00eds no \u201ctan dram\u00e1tica\u201d \u00bfes as\u00ed?<\/span><\/p>\n<audio class=\"wp-audio-shortcode\" id=\"audio-2974-3\" preload=\"none\" style=\"width: 100%;\" controls=\"controls\"><source type=\"audio\/mpeg\" src=\"https:\/\/jairolibreros.com\/wp-content\/uploads\/2025\/02\/AUDIO-2025-02-26-12-58-53.m4a?_=3\" \/><a href=\"https:\/\/jairolibreros.com\/wp-content\/uploads\/2025\/02\/AUDIO-2025-02-26-12-58-53.m4a\">https:\/\/jairolibreros.com\/wp-content\/uploads\/2025\/02\/AUDIO-2025-02-26-12-58-53.m4a<\/a><\/audio>\n<p class=\"p1\"><span style=\"font-family: tahoma, arial, helvetica, sans-serif; font-size: 14pt;\">4- \u00bfLos grupos armados le han dado la espalda a La Paz total de Petro?<\/span><\/p>\n<audio class=\"wp-audio-shortcode\" id=\"audio-2974-4\" preload=\"none\" style=\"width: 100%;\" controls=\"controls\"><source type=\"audio\/mpeg\" src=\"https:\/\/jairolibreros.com\/wp-content\/uploads\/2025\/02\/AUDIO-2025-02-26-13-00-54.m4a?_=4\" \/><a href=\"https:\/\/jairolibreros.com\/wp-content\/uploads\/2025\/02\/AUDIO-2025-02-26-13-00-54.m4a\">https:\/\/jairolibreros.com\/wp-content\/uploads\/2025\/02\/AUDIO-2025-02-26-13-00-54.m4a<\/a><\/audio>\n<p class=\"p1\"><span style=\"font-family: tahoma, arial, helvetica, sans-serif; font-size: 14pt;\">El presidente Gustavo Petro ha sido enf\u00e1tico en que durante su gobierno, la seguridad ha sido un \u00e9xito.<\/span><\/p>\n<p class=\"p1\"><span style=\"font-family: tahoma, arial, helvetica, sans-serif; font-size: 14pt;\">El presidente Gustavo Petro ha sido enf\u00e1tico en que la seguridad durante gobierno ha mejorado, compar\u00e1ndola con las administraciones de Uribe, Duque y Gaviria;\u00a0sin embargo, sectores empresariales y la oposici\u00f3n le critican su \u201cfracaso\u201d en la pol\u00edtica de \u201cPaz total\u201d.<\/span><\/p>\n<p class=\"p1\"><span style=\"font-family: tahoma, arial, helvetica, sans-serif; font-size: 14pt;\">El Consejo Gremial en los \u00faltimos d\u00edas sac\u00f3 un comunicado manifestando su profunda preocupaci\u00f3n por la situaci\u00f3n de seguridad que vive el pa\u00eds, donde seg\u00fan la corporaci\u00f3n, hay una oleada de violencia que se ha recrudecido en varias regiones del pa\u00eds,\u00a0haciendo \u00e9nfasis del conflicto que se vive en el Catatumbo, el Cauca y el Choc\u00f3.<\/span><\/p>\n<p class=\"p1\"><span style=\"font-family: tahoma, arial, helvetica, sans-serif; font-size: 14pt;\">Esta asociaci\u00f3n que re\u00fane sectores empresariales, le hizo un llamado urgente al Gobierno Nacional para que proteja a los colombianos.<\/span><\/p>\n<p class=\"p1\"><span style=\"font-family: tahoma, arial, helvetica, sans-serif; font-size: 14pt;\">\u201cHacemos un llamado urgente al Ministerio de Defensa y a las dem\u00e1s autoridades pertinentes, para que se tomen las acciones necesarias para garantizar la seguridad en todo el territorio nacional. La presencia activa y decidida del\u00a0Estado es crucial para que estos actos de violencia no queden impunes y para asegurar que los ciudadanos puedan vivir<b>\u00a0<\/b>y trabajar en un entorno libre de temor y violencia\u201d, dice el texto.<\/span><\/p>\n<p class=\"p1\"><span style=\"font-family: tahoma, arial, helvetica, sans-serif; font-size: 14pt;\"><em><strong>Petro pidi\u00f3 no \u201cdesinformar\u201d y mostr\u00f3 sus cifras de seguridad<\/strong><\/em><\/span><\/p>\n<p class=\"p1\"><span style=\"font-family: tahoma, arial, helvetica, sans-serif; font-size: 14pt;\">Ante el llamado del Consejo Gremial, tanto el presidente Gustavo Petro como el ministro de Defensa, Iv\u00e1n Vel\u00e1squez, desestimaron lo dicho por los empresarios. El mandatario fue tajante al afirmar que est\u00e1n \u201cdesinformando<b>\u201d<\/b>, comparando su gobierno con el de Iv\u00e1n Duque.<\/span><\/p>\n<p class=\"p1\"><span style=\"font-family: tahoma, arial, helvetica, sans-serif; font-size: 14pt;\">\u201cSi la violencia se mide por tasa de homicidios, entonces, los dos \u00faltimos a\u00f1os se ha reducido en Colombia, respecto a la que dej\u00f3 Duque el \u00faltimo a\u00f1o. Aunque el presidente quiere reducirla m\u00e1s; el promedio nacional es mejor que el del a\u00f1o 2022 y en regiones como Medell\u00edn y la mayor parte del pa\u00eds es muy exitoso el fin de la violencia.<\/span><\/p>\n<p class=\"p1\"><span style=\"font-family: tahoma, arial, helvetica, sans-serif; font-size: 14pt;\">As\u00ed que el Consejo Gremial est\u00e1 desinformando a la opini\u00f3n p\u00fablica de Colombia.\u00a0Les pido dejar de ser contraevidentes. La paz de Colombia necesita datos objetivos y seriedad\u201d, escribi\u00f3 Petro en sus redes sociales.<\/span><\/p>\n<p class=\"p1\"><span style=\"font-family: tahoma, arial, helvetica, sans-serif; font-size: 14pt;\">Por su parte, Vel\u00e1squez se uni\u00f3 a lo dicho por el presidente, manifestando que se hizo \u201cdrama\u201d de la situaci\u00f3n.<\/span><\/p>\n<p class=\"p1\"><span style=\"font-family: tahoma, arial, helvetica, sans-serif; font-size: 14pt;\">\u201cLo que se muestra es efectivamente como lo dice el se\u00f1or presidente: episodios de violencia que se presentan en algunos territorios,\u00a0pero no es de esa manera tan dram\u00e1tica como se ha planteado<b>\u00a0<\/b>esa situaci\u00f3n de orden p\u00fablico\u201d, se\u00f1al\u00f3 el jefe de la cartera de Defensa.<\/span><\/p>\n<p class=\"p1\"><span style=\"font-family: tahoma, arial, helvetica, sans-serif; font-size: 14pt;\"><b>\u00bfSi ha disminuido la violencia en Colombia como lo dice Petro?<\/b><\/span><\/p>\n<p class=\"p1\"><span style=\"font-family: tahoma, arial, helvetica, sans-serif; font-size: 14pt;\">El presidente Petro ha basado su tesis en que la seguridad durante su gobierno ha mejorado, teniendo como indicador los homicidios por cada 100 mil habitantes. All\u00ed hizo la comparaci\u00f3n de su administraci\u00f3n con las presidencias de Gaviria y \u00c1lvaro Uribe de acuerdo a un informe de la Polic\u00eda Nacional, el Dane y Medicina Legal.<\/span><\/p>\n<p class=\"p1\"><span style=\"font-family: tahoma, arial, helvetica, sans-serif; font-size: 14pt;\">El estudio mostr\u00f3 que en el gobierno de Gaviria, la tasa promedio de homicidios por 100 mil habitantes se aproximaba al 70%, respecto a los dos periodos de Uribe,\u00a0fue del 40%; la administraci\u00f3n de Petro seg\u00fan el informe,\u00a0tuvo una tasa del 25%.<\/span><\/p>\n<p class=\"p1\"><span style=\"font-family: tahoma, arial, helvetica, sans-serif; font-size: 14pt;\">La Fundaci\u00f3n Ideas para la Paz por su parte, tuvo sus reparos ante lo mostrado por el presidente, m\u00e1s espec\u00edficamente sobre el indicador de homicidios.\u201c<\/span><\/p>\n<p class=\"p1\"><span style=\"font-family: tahoma, arial, helvetica, sans-serif; font-size: 14pt;\">Medir la seguridad s\u00f3lo con homicidios es un error<b>.<\/b>\u00a0Aunque es un indicador clave, la transformaci\u00f3n del conflicto en Colombia muestra que se queda corto en reflejar las afectaciones humanitarias\u201d, advirti\u00f3 la FIP, quien a\u00f1adi\u00f3 violencias masivas y el control territorial, como un punto a tener en cuenta:<\/span><\/p>\n<p class=\"p1\"><span style=\"font-family: tahoma, arial, helvetica, sans-serif; font-size: 14pt;\">\u201cLa violencia masiva es visible en las zonas que se disputan los grupos armados. Por el contrario, la violencia por el control territorial (extorsiones, confinamiento, violencia selectiva) pasa desapercibida en las zonas que dominan los grupos\u201d.<\/span><\/p>\n<p class=\"p1\"><span style=\"font-family: tahoma, arial, helvetica, sans-serif; font-size: 14pt;\">La Fundaci\u00f3n se refiri\u00f3 tambi\u00e9n a los datos suministrados por Petro. \u201cDesde el primer gobierno de Alvaro Uribe hasta el segundo de Juan Manuel Santos, la tendencia general fue la reducci\u00f3n en los homicidios. Con Ivan Duque el promedio anual aument\u00f3 a 12.953 homicidios respecto al periodo de Santos. En el gobierno de<a href=\"https:\/\/x.com\/petrogustavo\"><span class=\"s1\">\u00a0<\/span><\/a>Gustavo Petro se evidencia un ligero incremento\u201d, detall\u00f3 la entidad.<\/span><\/p>\n<p class=\"p1\"><span style=\"font-family: tahoma, arial, helvetica, sans-serif; font-size: 14pt;\">Sobre el tema, Publimetro dialog\u00f3 con el experto <a href=\"https:\/\/jairolibreros.com\/?page_id=2\"><strong><span style=\"text-decoration: underline;\">Jairo Libreros<\/span><\/strong><\/a>, <b>profesor titular de seguridad y defensa nacional de la Universidad Externado de Colombia<\/b>, quien dio su opini\u00f3n.<\/span><\/p>\n<p class=\"p1\"><span style=\"font-family: tahoma, arial, helvetica, sans-serif; font-size: 14pt;\">\u201cConsidero que la seguridad en la administraci\u00f3n de Petro es cr\u00edtica. Por un lado, porque si uno constata los estudios,<b>\u00a0la percepci\u00f3n de inseguridad gira en torno del 83 y 84% al 93%.<\/b>\u00a0Los colombianos consideran que las condiciones en las ciudades o centros urbanos es muy delicada. Por otro lado, nunca tuvimos en lo que va de la presidencia de Petro, una pol\u00edtica p\u00fablica de seguridad. Si uno mira cu\u00e1l fue el comportamiento de las operaciones militares o policiales en contra del crimen organizado, nunca hubo el impacto esperado\u201d, dijo el docente.<\/span><\/p>\n<p class=\"p1\"><span style=\"font-family: tahoma, arial, helvetica, sans-serif; font-size: 14pt;\">No obstante <strong>Jairo Libreros<\/strong> est\u00e1 de acuerdo con la medici\u00f3n que hace Petro de seguridad, basada en los homicidios por cada 100 mil habitantes, pero deja\u00a0<b>claro que no se puede tener en cuenta la variable del conflicto armado.<\/b><\/span><\/p>\n<p class=\"p1\"><span style=\"font-family: tahoma, arial, helvetica, sans-serif; font-size: 14pt;\">\u201cDesde que se estandariz\u00f3 la tasa de homicidios por cada 100 mil habitantes, siempre se ha generado una controversia para saber si es suficiente para tener una lectura clara y precisa de lo que ocurre en t\u00e9rminos de violencia en una ciudad o pa\u00eds. Gustele o no, la tasa de homicidios si es el principal indicador, p<b>ero esa medida se cre\u00f3 para contextos en donde el conflicto armado no haga parte de la variable a ser estudiada<\/b>\u201d, explic\u00f3 el especialista en seguridad.<\/span><\/p>\n<p class=\"p1\"><span style=\"font-family: tahoma, arial, helvetica, sans-serif; font-size: 14pt;\">En lo que tiene que ver con la pol\u00edtica de \u2018Paz total\u2019 del presidente Petro y la espalda que le han dado los grupos armados, <strong>Libreros<\/strong> es enf\u00e1tico en que han sido \u201cdesleales\u201d con una voluntad del mandatario de sentarse a dialogar.<\/span><\/p>\n<p class=\"p1\"><span style=\"font-family: tahoma, arial, helvetica, sans-serif; font-size: 14pt;\">\u201cLos actores armados, especialmente el ELN y las disidencias de \u2018Iv\u00e1n Mordisco\u2019 han sido desleales con la voluntad de paz del presidente Gustavo Petro. Pero el gobierno tambi\u00e9n tiene una responsabilidad grande, porque en los temas de orden p\u00fablico, es el gobierno quien debe garantizar la seguridad nacional. El tema real es que hubo un fracaso, ya que no hubo plan, no hubo estrategia ni articulaci\u00f3n\u201d, concluy\u00f3 Libreros.<\/span><\/p>\n<p class=\"p1\"><span style=\"font-family: tahoma, arial, helvetica, sans-serif; font-size: 14pt;\">El link del texto de Publimetro es el siguiente:<\/span><\/p>\n<p class=\"p4\"><span style=\"font-family: tahoma, arial, helvetica, sans-serif; font-size: 14pt;\"><span style=\"text-decoration: underline;\"><a href=\"https:\/\/www.publimetro.co\/noticias\/2025\/02\/27\/fracaso-la-paz-total-de-petro-experto-analizo-la-politica-de-seguridad-del-gobierno-nacional\/\">https:\/\/www.publimetro.co\/noticias\/2025\/02\/27\/fracaso-la-paz-total-de-petro-experto-analizo-la-politica-de-seguridad-del-gobierno-nacional\/<\/a><\/span><span class=\"s2\"><span class=\"Apple-converted-space\">\u00a0<\/span><\/span><\/span><\/p>\n<p style=\"text-align: right;\"><span style=\"text-decoration: underline;\"><span style=\"font-family: tahoma, arial, helvetica, sans-serif; font-size: 14pt;\"><a href=\"https:\/\/jairolibreros.com\/\"><strong>Blog de Jairo Libreros<\/strong><\/a><\/span><\/span><\/p>\n","protected":false},"excerpt":{"rendered":"<p>\u00bfFracas\u00f3 la paz total de Petro? Publimetro \u00b7 Kewin Alarc\u00f3n \u00b7 27.02.2025 Experto analiz\u00f3 la pol\u00edtica de seguridad del Gobierno Nacional: Jairo Libreros <\/p>\n","protected":false},"author":1,"featured_media":2347,"comment_status":"open","ping_status":"open","sticky":false,"template":"","format":"standard","meta":{"om_disable_all_campaigns":false,"_monsterinsights_skip_tracking":false,"_monsterinsights_sitenote_active":false,"_monsterinsights_sitenote_note":"","_monsterinsights_sitenote_category":0,"footnotes":""},"categories":[1],"tags":[54,90,53,39],"aioseo_notices":[],"class_list":["post-2974","post","type-post","status-publish","format-standard","has-post-thumbnail","hentry","category-jairo-libreros","tag-comunicacion-politica","tag-seguridad-y-defensa-nacional","tag-politicas-publicas","tag-seguridad-ciudadana"],"_links":{"self":[{"href":"https:\/\/jairolibreros.com\/index.php?rest_route=\/wp\/v2\/posts\/2974"}],"collection":[{"href":"https:\/\/jairolibreros.com\/index.php?rest_route=\/wp\/v2\/posts"}],"about":[{"href":"https:\/\/jairolibreros.com\/index.php?rest_route=\/wp\/v2\/types\/post"}],"author":[{"embeddable":true,"href":"https:\/\/jairolibreros.com\/index.php?rest_route=\/wp\/v2\/users\/1"}],"replies":[{"embeddable":true,"href":"https:\/\/jairolibreros.com\/index.php?rest_route=%2Fwp%2Fv2%2Fcomments&post=2974"}],"version-history":[{"count":5,"href":"https:\/\/jairolibreros.com\/index.php?rest_route=\/wp\/v2\/posts\/2974\/revisions"}],"predecessor-version":[{"id":4656,"href":"https:\/\/jairolibreros.com\/index.php?rest_route=\/wp\/v2\/posts\/2974\/revisions\/4656"}],"wp:featuredmedia":[{"embeddable":true,"href":"https:\/\/jairolibreros.com\/index.php?rest_route=\/wp\/v2\/media\/2347"}],"wp:attachment":[{"href":"https:\/\/jairolibreros.com\/index.php?rest_route=%2Fwp%2Fv2%2Fmedia&parent=2974"}],"wp:term":[{"taxonomy":"category","embeddable":true,"href":"https:\/\/jairolibreros.com\/index.php?rest_route=%2Fwp%2Fv2%2Fcategories&post=2974"},{"taxonomy":"post_tag","embeddable":true,"href":"https:\/\/jairolibreros.com\/index.php?rest_route=%2Fwp%2Fv2%2Ftags&post=2974"}],"curies":[{"name":"wp","href":"https:\/\/api.w.org\/{rel}","templated":true}]}}