{"id":298,"date":"2021-07-22T15:19:11","date_gmt":"2021-07-22T15:19:11","guid":{"rendered":"https:\/\/jairolibreros.com\/?p=298"},"modified":"2025-09-06T22:40:51","modified_gmt":"2025-09-06T22:40:51","slug":"seguridad-y-politicas-publicas","status":"publish","type":"post","link":"https:\/\/jairolibreros.com\/?p=298","title":{"rendered":"Seguridad y Defensa Nacional"},"content":{"rendered":"<p><span style=\"font-size: 14pt; font-family: tahoma, arial, helvetica, sans-serif;\"><strong>Seguridad y Defensa Nacional<\/strong><\/span><\/p>\n<p><span style=\"text-decoration: underline; font-family: tahoma, arial, helvetica, sans-serif; font-size: 14pt;\"><strong><a href=\"https:\/\/jairolibreros.com\/?page_id=3689\">Jairo Libreros<\/a><\/strong><\/span><\/p>\n<p><span style=\"font-size: 14pt; font-family: tahoma, arial, helvetica, sans-serif;\">La asignatura en <strong>Seguridad y Defensa Nacional<\/strong> de la Escuela de Gobierno tiene como objeto estudiar la gesti\u00f3n de las pol\u00edticas p\u00fablicas dise\u00f1adas para garantizar la seguridad p\u00fablica de la poblaci\u00f3n, la seguridad personal de las v\u00edctimas, la estabilidad pol\u00edtica de la democracia y la soberan\u00eda nacional en Am\u00e9rica Latina.<\/span><\/p>\n<p><span style=\"font-size: 14pt; font-family: tahoma, arial, helvetica, sans-serif;\"><a href=\"https:\/\/jairolibreros.com\/wp-content\/uploads\/2022\/05\/Convencio\u0301n-de-la-Habana.pdf\"><span style=\"text-decoration: underline;\">Convencio\u0301n de la Habana<\/span><\/a><\/span><\/p>\n<p><span style=\"font-size: 14pt; font-family: tahoma, arial, helvetica, sans-serif;\"><a href=\"https:\/\/jairolibreros.com\/wp-content\/uploads\/2021\/07\/Decreto-003-de-2021-Estatuto-de-reaccio\u0301n-uso-y-verificacio\u0301n-de-la-fuerza.pdf\"><span style=\"text-decoration: underline;\">Decreto 003 de 2021, Estatuto de reaccio\u0301n, uso y verificacio\u0301n de la fuerza<\/span><\/a><\/span><\/p>\n<p><span style=\"font-size: 14pt; font-family: tahoma, arial, helvetica, sans-serif;\"><a href=\"https:\/\/jairolibreros.com\/wp-content\/uploads\/2021\/07\/Seguridad-Ciudadana-con-Rostro-Humano-PNUD.pdf\"><span style=\"text-decoration: underline;\">Seguridad Ciudadana con Rostro Humano, PNUD<\/span><\/a><\/span><\/p>\n<p><span style=\"font-size: 14pt; font-family: tahoma, arial, helvetica, sans-serif;\"><a href=\"https:\/\/jairolibreros.com\/wp-content\/uploads\/2021\/07\/Seguridad-ciudadana.-Lecciones-fundamentales-CAF-2019.pdf\"><span style=\"text-decoration: underline;\">Seguridad ciudadana. Lecciones fundamentales, CAF 2019<\/span><\/a><\/span><\/p>\n<p><span style=\"font-size: 14pt; font-family: tahoma, arial, helvetica, sans-serif;\"><a href=\"https:\/\/jairolibreros.com\/wp-content\/uploads\/2021\/07\/Carta-Democra\u0301tica-Interamericana.pdf\"><span style=\"text-decoration: underline;\">Carta Democra\u0301tica Interamericana<\/span><\/a><\/span><\/p>\n<p><span style=\"font-size: 14pt; font-family: tahoma, arial, helvetica, sans-serif;\">Godson, R. y Vergara, J. (2008). <em>Seguridad democr\u00e1tica para las Am\u00e9ricas. Inteligencia requerida<\/em>. Conocimiento en Red.<\/span><\/p>\n<p style=\"text-align: right;\"><span style=\"text-decoration: underline; font-family: tahoma, arial, helvetica, sans-serif; font-size: 14pt;\"><a href=\"https:\/\/jairolibreros.com\/\"><strong>Blog de Jairo Libreros<\/strong><\/a><\/span><\/p>\n","protected":false},"excerpt":{"rendered":"<p>Seguridad y Defensa Nacional Jairo Libreros La asignatura en Seguridad y Defensa Nacional de la Escuela de Gobierno tiene como objeto estudiar la <\/p>\n","protected":false},"author":1,"featured_media":425,"comment_status":"open","ping_status":"open","sticky":false,"template":"","format":"standard","meta":{"om_disable_all_campaigns":false,"_monsterinsights_skip_tracking":false,"_monsterinsights_sitenote_active":false,"_monsterinsights_sitenote_note":"","_monsterinsights_sitenote_category":0,"footnotes":""},"categories":[1,96],"tags":[54,90,97,53],"aioseo_notices":[],"class_list":["post-298","post","type-post","status-publish","format-standard","has-post-thumbnail","hentry","category-jairo-libreros","category-universidad-externado","tag-comunicacion-politica","tag-seguridad-y-defensa-nacional","tag-inteligencia-estrategica","tag-politicas-publicas"],"_links":{"self":[{"href":"https:\/\/jairolibreros.com\/index.php?rest_route=\/wp\/v2\/posts\/298"}],"collection":[{"href":"https:\/\/jairolibreros.com\/index.php?rest_route=\/wp\/v2\/posts"}],"about":[{"href":"https:\/\/jairolibreros.com\/index.php?rest_route=\/wp\/v2\/types\/post"}],"author":[{"embeddable":true,"href":"https:\/\/jairolibreros.com\/index.php?rest_route=\/wp\/v2\/users\/1"}],"replies":[{"embeddable":true,"href":"https:\/\/jairolibreros.com\/index.php?rest_route=%2Fwp%2Fv2%2Fcomments&post=298"}],"version-history":[{"count":12,"href":"https:\/\/jairolibreros.com\/index.php?rest_route=\/wp\/v2\/posts\/298\/revisions"}],"predecessor-version":[{"id":3791,"href":"https:\/\/jairolibreros.com\/index.php?rest_route=\/wp\/v2\/posts\/298\/revisions\/3791"}],"wp:featuredmedia":[{"embeddable":true,"href":"https:\/\/jairolibreros.com\/index.php?rest_route=\/wp\/v2\/media\/425"}],"wp:attachment":[{"href":"https:\/\/jairolibreros.com\/index.php?rest_route=%2Fwp%2Fv2%2Fmedia&parent=298"}],"wp:term":[{"taxonomy":"category","embeddable":true,"href":"https:\/\/jairolibreros.com\/index.php?rest_route=%2Fwp%2Fv2%2Fcategories&post=298"},{"taxonomy":"post_tag","embeddable":true,"href":"https:\/\/jairolibreros.com\/index.php?rest_route=%2Fwp%2Fv2%2Ftags&post=298"}],"curies":[{"name":"wp","href":"https:\/\/api.w.org\/{rel}","templated":true}]}}