{"id":2992,"date":"2025-03-06T01:52:56","date_gmt":"2025-03-06T01:52:56","guid":{"rendered":"https:\/\/jairolibreros.com\/?p=2992"},"modified":"2025-09-19T01:07:36","modified_gmt":"2025-09-19T01:07:36","slug":"soy-la-voz-de-quienes-exigimos-una-evaluacion-independiente-al-registro-de-las-modalidades-delictivas-de-mayor-impacto-social","status":"publish","type":"post","link":"https:\/\/jairolibreros.com\/?p=2992","title":{"rendered":"Soy la voz de qui\u00e9nes exigimos una evaluaci\u00f3n independiente al registro de las modalidades delictivas de mayor impacto social"},"content":{"rendered":"<p><span style=\"font-size: 14pt; font-family: tahoma, arial, helvetica, sans-serif;\"><strong>Soy la voz de qui\u00e9nes exigimos una evaluaci\u00f3n independiente al registro de las modalidades delictivas de mayor impacto social<\/strong><\/span><\/p>\n<p><span style=\"font-size: 14pt; font-family: tahoma, arial, helvetica, sans-serif;\"><em><a class=\"css-4rbku5 css-18t94o4 css-901oao css-16my406 r-1cvl2hr r-1loqt21 r-poiln3 r-bcqeeo r-1ny4l3l r-1ddef8g r-tjvw6i r-qvutc0\" dir=\"ltr\" role=\"link\" href=\"https:\/\/twitter.com\/hashtag\/SoyLaVoz?src=hashtag_click\"><span style=\"font-family: tahoma, arial, helvetica, sans-serif; font-size: 14pt;\">#SoyLaVoz<\/span><\/a><span style=\"font-family: tahoma, arial, helvetica, sans-serif; font-size: 14pt;\"> \u00b7 La Luci\u00e9rnaga \u00b7 Caracol Radio \u00b7 05.03.2025<\/span><\/em><\/span><\/p>\n<!--[if lt IE 9]><script>document.createElement('audio');<\/script><![endif]-->\n<audio class=\"wp-audio-shortcode\" id=\"audio-2992-1\" preload=\"none\" style=\"width: 100%;\" controls=\"controls\"><source type=\"audio\/mpeg\" src=\"https:\/\/jairolibreros.com\/wp-content\/uploads\/2025\/03\/SLV-JAIRO-LIBREROS-05-MAR.mp3?_=1\" \/><a href=\"https:\/\/jairolibreros.com\/wp-content\/uploads\/2025\/03\/SLV-JAIRO-LIBREROS-05-MAR.mp3\">https:\/\/jairolibreros.com\/wp-content\/uploads\/2025\/03\/SLV-JAIRO-LIBREROS-05-MAR.mp3<\/a><\/audio>\n<p class=\"p1\"><span style=\"font-size: 14pt; font-family: tahoma, arial, helvetica, sans-serif;\">Hola, les habla <b>Jairo Libreros<\/b>, profesor de la Universidad Externado de Colombia, y soy la voz de qui\u00e9nes exigimos una evaluaci\u00f3n independiente al registro de las modalidades delictivas de mayor impacto social, de manera especial, de la serie estad\u00edstica de los homicidios.<\/span><\/p>\n<p class=\"p1\"><span style=\"font-size: 14pt; font-family: tahoma, arial, helvetica, sans-serif;\">La calidad de la informaci\u00f3n, la exactitud de los datos y la confiabilidad de las fuentes oficiales de los \u00edndices delictivos comprometen la efectividad de las pol\u00edticas p\u00fablicas de seguridad ciudadana.<\/span><\/p>\n<p class=\"p1\"><span style=\"font-size: 14pt; font-family: tahoma, arial, helvetica, sans-serif;\">El acumulado de objeciones sobre la metodolog\u00eda estad\u00edstica es inocultable. Se rompi\u00f3 la confianza en el registro t\u00e9cnico. El da\u00f1o est\u00e1 hecho. El prestigio que rodeaba la pulcritud en el manejo num\u00e9rico de la seguridad es cosa del pasado.<\/span><\/p>\n<p class=\"p1\"><span style=\"font-size: 14pt; font-family: tahoma, arial, helvetica, sans-serif;\">Pero no todo est\u00e1 perdido. Tampoco\u2026 Tampoco\u2026 S\u00ed, el gobierno del cambio, en un par de plumazos metodol\u00f3gicos ech\u00f3 por la borda esfuerzos que tomaron d\u00e9cadas en la construcci\u00f3n de los indicadores de seguridad.<\/span><\/p>\n<p class=\"p1\"><span style=\"font-size: 14pt; font-family: tahoma, arial, helvetica, sans-serif;\">Sin embargo, existe una soluci\u00f3n. Una misi\u00f3n internacional de expertos de Naciones Unidas -con la participaci\u00f3n de colombianos-, quienes se encargar\u00e1n de revertir el fiasco, corregir el rumbo y salvar la impericia t\u00e9cnica de la Casa de Nari\u00f1o.<\/span><\/p>\n<p style=\"text-align: right;\"><span style=\"text-decoration: underline; font-size: 14pt; font-family: tahoma, arial, helvetica, sans-serif;\"><a href=\"https:\/\/jairolibreros.com\/\"><strong>Blog de Jairo Libreros<\/strong><\/a><\/span><\/p>\n","protected":false},"excerpt":{"rendered":"<p>Soy la voz de qui\u00e9nes exigimos una evaluaci\u00f3n independiente al registro de las modalidades delictivas de mayor impacto social #SoyLaVoz \u00b7 La Luci\u00e9rnaga <\/p>\n","protected":false},"author":1,"featured_media":428,"comment_status":"open","ping_status":"open","sticky":false,"template":"","format":"standard","meta":{"om_disable_all_campaigns":false,"_monsterinsights_skip_tracking":false,"_monsterinsights_sitenote_active":false,"_monsterinsights_sitenote_note":"","_monsterinsights_sitenote_category":0,"footnotes":""},"categories":[94,1],"tags":[54,53,39],"aioseo_notices":[],"class_list":["post-2992","post","type-post","status-publish","format-standard","has-post-thumbnail","hentry","category-caracol-radio","category-jairo-libreros","tag-comunicacion-politica","tag-politicas-publicas","tag-seguridad-ciudadana"],"_links":{"self":[{"href":"https:\/\/jairolibreros.com\/index.php?rest_route=\/wp\/v2\/posts\/2992"}],"collection":[{"href":"https:\/\/jairolibreros.com\/index.php?rest_route=\/wp\/v2\/posts"}],"about":[{"href":"https:\/\/jairolibreros.com\/index.php?rest_route=\/wp\/v2\/types\/post"}],"author":[{"embeddable":true,"href":"https:\/\/jairolibreros.com\/index.php?rest_route=\/wp\/v2\/users\/1"}],"replies":[{"embeddable":true,"href":"https:\/\/jairolibreros.com\/index.php?rest_route=%2Fwp%2Fv2%2Fcomments&post=2992"}],"version-history":[{"count":4,"href":"https:\/\/jairolibreros.com\/index.php?rest_route=\/wp\/v2\/posts\/2992\/revisions"}],"predecessor-version":[{"id":4653,"href":"https:\/\/jairolibreros.com\/index.php?rest_route=\/wp\/v2\/posts\/2992\/revisions\/4653"}],"wp:featuredmedia":[{"embeddable":true,"href":"https:\/\/jairolibreros.com\/index.php?rest_route=\/wp\/v2\/media\/428"}],"wp:attachment":[{"href":"https:\/\/jairolibreros.com\/index.php?rest_route=%2Fwp%2Fv2%2Fmedia&parent=2992"}],"wp:term":[{"taxonomy":"category","embeddable":true,"href":"https:\/\/jairolibreros.com\/index.php?rest_route=%2Fwp%2Fv2%2Fcategories&post=2992"},{"taxonomy":"post_tag","embeddable":true,"href":"https:\/\/jairolibreros.com\/index.php?rest_route=%2Fwp%2Fv2%2Ftags&post=2992"}],"curies":[{"name":"wp","href":"https:\/\/api.w.org\/{rel}","templated":true}]}}