{"id":3025,"date":"2025-03-09T16:07:21","date_gmt":"2025-03-09T16:07:21","guid":{"rendered":"https:\/\/jairolibreros.com\/?p=3025"},"modified":"2025-09-22T18:01:29","modified_gmt":"2025-09-22T18:01:29","slug":"primera-cumbre-de-seguridad-regional-del-pacifico","status":"publish","type":"post","link":"https:\/\/jairolibreros.com\/?p=3025","title":{"rendered":"I Cumbre de Seguridad Regional del Pac\u00edfico (i)"},"content":{"rendered":"<p><span style=\"font-family: tahoma, arial, helvetica, sans-serif; font-size: 14pt;\"><strong>I Cumbre de Seguridad Regional del Pac\u00edfico (i)<\/strong><\/span><\/p>\n<p class=\"p1\"><span style=\"font-size: 14pt; font-family: tahoma, arial, helvetica, sans-serif;\"><em>Cali \u00b7 Gobernaci\u00f3n del Valle del Cauca \u00b7 09.03.2025<\/em><\/span><\/p>\n<p><span style=\"font-size: 14pt; font-family: tahoma, arial, helvetica, sans-serif;\">En el segundo semestre de 2023, \u00e9poca de la campa\u00f1a electoral, el diagn\u00f3stico de seguridad y orden p\u00fablico en el Valle del Cauca y en la regi\u00f3n Pac\u00edfico era un tablero de control atiborrado de marcas rojas en seguridad p\u00fablica, convivencia ciudadana, seguridad personal y defensa nacional.<\/span><\/p>\n<p><span style=\"font-size: 14pt; font-family: tahoma, arial, helvetica, sans-serif;\">La posici\u00f3n geogr\u00e1fica del Valle del Cauca estaba comprometida por diferentes fen\u00f3menos de violencia, conflictividad y criminalidad propios de una din\u00e1mica de conflicto armado, incrementada por una crisis de seguridad caracterizada por la p\u00e9rdida del control territorial y del espacio p\u00fablico urbano, y directamente influenciada por las condiciones nacionales de inequidad social -en una medici\u00f3n del Banco Mundial (2023), Colombia se ubicada en el segundo puesto de los pa\u00edses m\u00e1s inequitativos del mundo-.<\/span><\/p>\n<p><span style=\"font-size: 14pt; font-family: tahoma, arial, helvetica, sans-serif;\">El multicrimen avanzaba a pasos agigantados por cuenta de las fallas de la pol\u00edtica de paz total, y en medio de una oleada de cr\u00edticas por una aparente inacci\u00f3n de las fuerzas militares.<\/span><\/p>\n<p><span style=\"font-size: 14pt; font-family: tahoma, arial, helvetica, sans-serif;\">A manera de s\u00edntesis, el diagn\u00f3stico en cifras no era el mejor. De un lado, en el plano nacional el Valle del Cauca ocupa el segundo puesto en mayor tasa de homicidios, el quinto puesto en mayor tasa de secuestros, el sexto puesto en mayor tasa de extorsiones y el cuarto puesto en m\u00e1s l\u00edderes sociales asesinados. Y en el plano regional -Valle del Cauca, Choco, Cauca y Nari\u00f1o-, el Pac\u00edfico ocupa el primer puesto en mayor tasa de homicidios, el primer puesto en mayor tasa de secuestros, el segundo puesto en mayor tasa de extorsiones y el tercer puesto en m\u00e1s l\u00edderes sociales asesinados.<\/span><\/p>\n<p><span style=\"font-size: 14pt; font-family: tahoma, arial, helvetica, sans-serif;\">Y de otro lado, el ELN y las disidencias de las FARC realizan operaciones militares, actos terroristas y ejerce control territorial y social en m\u00faltiples lugares del Pac\u00edfico, esto es, en el Cauca, en Choc\u00f3, en Nari\u00f1o y en el Valle del Cauca. Y el Clan del Golfo, estructuras del crimen transnacional y diversas bandas delictivas locales ejercen control del espacio p\u00fablico y son responsables de la comisi\u00f3n de las principales modalidades delictivas de mayor impacto social, especialmente en ciudades como Buenaventura, Tulu\u00e1 y Jamund\u00ed, tri\u00e1ngulo de riesgo excepcional que compromete a los vallecaucanos, a Cali como distrito y al Valle del Cauca como departamento.<\/span><\/p>\n<p><span style=\"font-size: 14pt; font-family: tahoma, arial, helvetica, sans-serif;\">En otras palabras, la violencia desatada en Choc\u00f3 se traduce en problemas humanitarios en el Valle del Cauca. Las incursiones armadas del ELN en el Cauca vibran en el Valle. Los negocios ilegales de las disidencias de las FARC en Nari\u00f1o alimentan la violencia en el Cauca. Y por supuesto, el multicrimen del Valle del Cauca impacta en Nari\u00f1o, en Cauca y en Choc\u00f3.<\/span><\/p>\n<p><span style=\"font-size: 14pt; font-family: tahoma, arial, helvetica, sans-serif;\">Por ello, en el Plan de Gobierno de la candidata Dilian Francisca Toro -inscrito en la Registradur\u00eda Nacional-, se estipul\u00f3 que en su gobierno departamental en el Valle del Cauca liderar\u00eda como<\/span><\/p>\n<figure id=\"attachment_3083\" aria-describedby=\"caption-attachment-3083\" style=\"width: 169px\" class=\"wp-caption alignright\"><img fetchpriority=\"high\" decoding=\"async\" class=\"size-medium wp-image-3083\" src=\"https:\/\/jairolibreros.com\/wp-content\/uploads\/2025\/03\/47E1C7E1-9C0E-4630-9399-9C68F032F9E4_1_201_a-169x300.jpeg\" alt=\"\" width=\"169\" height=\"300\" srcset=\"https:\/\/jairolibreros.com\/wp-content\/uploads\/2025\/03\/47E1C7E1-9C0E-4630-9399-9C68F032F9E4_1_201_a-169x300.jpeg 169w, https:\/\/jairolibreros.com\/wp-content\/uploads\/2025\/03\/47E1C7E1-9C0E-4630-9399-9C68F032F9E4_1_201_a-576x1024.jpeg 576w, https:\/\/jairolibreros.com\/wp-content\/uploads\/2025\/03\/47E1C7E1-9C0E-4630-9399-9C68F032F9E4_1_201_a-768x1366.jpeg 768w, https:\/\/jairolibreros.com\/wp-content\/uploads\/2025\/03\/47E1C7E1-9C0E-4630-9399-9C68F032F9E4_1_201_a.jpeg 828w\" sizes=\"(max-width: 169px) 100vw, 169px\" \/><figcaption id=\"caption-attachment-3083\" class=\"wp-caption-text\"><span style=\"font-size: 14pt; font-family: tahoma, arial, helvetica, sans-serif;\">Plan de Gobierno Dilian con Vos. 2023<\/span><\/figcaption><\/figure>\n<p><span style=\"font-size: 14pt; font-family: tahoma, arial, helvetica, sans-serif;\">gobernadora una alianza pac\u00edfico por la seguridad, &#8220;&#8230;<em>como un mecanismo de incidencia colectiva y articulada entre las gobernaciones de Nari\u00f1o, Cauca, Valle y Choc\u00f3 en materia de seguridad con el gobierno nacional, ya que los problemas de seguridad de esta regi\u00f3n est\u00e1n interconectados<\/em>&#8221; (Plan de Gobierno Dilian con Vos, 2023).<\/span><\/p>\n<p><span style=\"font-size: 14pt; font-family: tahoma, arial, helvetica, sans-serif;\">En el mes de noviembre de 2023, el proceso de empalme entra la administraci\u00f3n saliente y la entrante en el Valle del Cauca, se realiz\u00f3 un an\u00e1lisis paralelo que permitiera establecer las capacidades administrativas del departamento para liderar un proyecto regional de seguridad en la regi\u00f3n Pac\u00edfico, en coordinaci\u00f3n con los gobiernos de Cauca, Choc\u00f3 y Nari\u00f1o.<\/span><\/p>\n<p><span style=\"font-size: 14pt; font-family: tahoma, arial, helvetica, sans-serif;\">El 12 de diciembre de 2023, en la reuni\u00f3n convocada por el presidente Gustavo Petro en Casa de Nari\u00f1o con los gobernadores de la oposici\u00f3n -esa fue la calificaci\u00f3n oficial del Gobierno Nacional a los mandatarios elegidos el 29 de octubre de 2023, que seg\u00fan su propia versi\u00f3n no apoyaban las ideas petristas-, la gobernadora Dilian Francisca Toro le propuso al presidente Petro que de manera concertada formularan la <strong>estrategia de seguridad regional del Pac\u00edfico<\/strong>. El Presidente de Colombia afirm\u00f3 que ve\u00eda com buenos ojos la iniciativa, y que ese eventual encuentro se podr\u00eda adelantar en el mes de enero de 2024.<\/span><\/p>\n<figure id=\"attachment_3081\" aria-describedby=\"caption-attachment-3081\" style=\"width: 300px\" class=\"wp-caption alignleft\"><img decoding=\"async\" class=\"size-medium wp-image-3081\" src=\"https:\/\/jairolibreros.com\/wp-content\/uploads\/2025\/03\/Casa-de-Narino.-12.12.2023-300x200.jpg\" alt=\"\" width=\"300\" height=\"200\" srcset=\"https:\/\/jairolibreros.com\/wp-content\/uploads\/2025\/03\/Casa-de-Narino.-12.12.2023-300x200.jpg 300w, https:\/\/jairolibreros.com\/wp-content\/uploads\/2025\/03\/Casa-de-Narino.-12.12.2023-1024x683.jpg 1024w, https:\/\/jairolibreros.com\/wp-content\/uploads\/2025\/03\/Casa-de-Narino.-12.12.2023-768x512.jpg 768w, https:\/\/jairolibreros.com\/wp-content\/uploads\/2025\/03\/Casa-de-Narino.-12.12.2023-1536x1024.jpg 1536w, https:\/\/jairolibreros.com\/wp-content\/uploads\/2025\/03\/Casa-de-Narino.-12.12.2023-2048x1365.jpg 2048w\" sizes=\"(max-width: 300px) 100vw, 300px\" \/><figcaption id=\"caption-attachment-3081\" class=\"wp-caption-text\"><span style=\"font-family: tahoma, arial, helvetica, sans-serif; font-size: 14pt;\">Casa de Narin\u0303o. Encuentro de Gobernadores. Infopresidencia. 12.12.2023<\/span><\/figcaption><\/figure>\n<p><span style=\"font-size: 14pt; font-family: tahoma, arial, helvetica, sans-serif;\">Entretanto la gobernaci\u00f3n del Valle del Cauca avanz\u00f3 en el dise\u00f1o de la <span style=\"text-decoration: underline;\"><a href=\"https:\/\/jairolibreros.com\/?p=2575\">hoja de ruta de seguridad ciudadana<\/a><\/span>, documento de pol\u00edtica p\u00fablica que determin\u00f3 en su cap\u00edtulo de proyectos especiales la fomulaci\u00f3n de una <strong>estrategia de seguridad regional del Pac\u00edfico<\/strong>, as\u00ed como con su plan departamental de desarrollo, en el cual se plasm\u00f3 la alianza de los departamentos del Pac\u00edfico como una de las metas del cuatrienio, el cual defini\u00f3 como uno de sus logros formular la <strong>Estrategia de Seguridad Regional del Pac\u00edfico<\/strong>\u00a0(Plan de Desarrollo Liderazgo que Transforma 2024-2027).<\/span><\/p>\n<p><span style=\"font-family: tahoma, arial, helvetica, sans-serif; font-size: 14pt;\">Pese a la insistencia de la Gobernaci\u00f3n del Valle del Cauca, esa idea de pol\u00edtica p\u00fablica no se materializ\u00f3. En los cinco consejos de seguridad realizados en Cali y Tulu\u00e1, en tres reuniones en el Ministerio de Defensa Nacional y en dos reuniones en el Ministerio del Interior la respuesta siempre fue la misma: evaluaremos la iniciativa.<\/span><\/p>\n<p><span style=\"font-family: tahoma, arial, helvetica, sans-serif; font-size: 14pt;\">El punto de inflexi\u00f3n que le dio brios a la iniciativa de una alianza por la seguridad regional del Pac\u00edfico fue el cambio de titular en la cartera de Defensa Nacional y la reciente oleada de violencia que azota al Pac\u00edfico. De un lado, el nombramiento del general Pedro S\u00e1nchez como Mindefensa abri\u00f3 un espacio renovado de interlocuci\u00f3n; y del otro lado, el recrudecimiento de la fractura del orden p\u00fablico en los departamentos de Cauca, Choc\u00f3, Nari\u00f1o y Valle del Cauca abonaron el terreno para sentar a la mesa a los gobiernos territoriales con el Gobierno Nacional.<\/span><\/p>\n<p><span style=\"font-family: tahoma, arial, helvetica, sans-serif; font-size: 14pt;\">La Gobernaci\u00f3n del Valle del Cauca lider\u00f3 la convocatoria de los gobernadores acompa\u00f1ados por alcaldes municipales y distritales y congresistas del Pac\u00edfico, as\u00ed como del ministro de Defensa S\u00e1nchez, del director de la Unidad Nacional de Protecci\u00f3n Augusto Rodr\u00edguez y del general Carlos Triana, director de la Polic\u00eda Nacional, y del almirante Francisco Cubides, comandante de las Fuerzas Militares.<\/span><\/p>\n<p><span style=\"font-family: tahoma, arial, helvetica, sans-serif; font-size: 14pt;\">El encuentro &#8220;<strong>I Cumbre de Seguridad Regional del Pac\u00edfico<\/strong>&#8221; se dise\u00f1\u00f3 como un escenario de discusi\u00f3n en donde se confirmara o no se confirmara el diagn\u00f3stico de problemas regionales, los riesgos compartidos, las necesidades comunes -capacidades, tiempos de respuesta, pie de fuerza, dificultades judiciales y un largo etc\u00e9tera de iniciativas fracasadas, desplantes e indiferencias de la Casa de Nari\u00f1o-, as\u00ed como los reclamos, preocupaciones y narrativas compartidas en la voz de los cuatro gobernadores de Cauca, Choc\u00f3, Nari\u00f1o y Valle del Cauca para identificar las ideas de pol\u00edtica p\u00fablica necesarias para dise\u00f1ar una <strong>Estrategia de Seguridad Regional del Pac\u00edfico<\/strong>, y que esta contar\u00e1 con el apoyo t\u00e9cnico y pol\u00edtico y el liderazgo del Gobierno Nacional.<\/span><\/p>\n<p><span style=\"font-family: tahoma, arial, helvetica, sans-serif; font-size: 14pt;\">Para tal efecto, se plantearon dos paneles -y se invit\u00f3 a la Oficina Regional de las Naciones Unidas contra la Droga y el Delito, que entrar\u00eda como validador y moderador de las conversaciones-. El primero, con la participaci\u00f3n de los cuatro gobernadores del Pac\u00edfico. <\/span><span style=\"font-family: tahoma, arial, helvetica, sans-serif; font-size: 14pt;\">Las preguntas orientadoras del panel son las siguientes:<\/span><\/p>\n<ul>\n<li class=\"p1\"><span style=\"font-size: 14pt; font-family: tahoma, arial, helvetica, sans-serif;\">\u00bfCu\u00e1les son los principales problemas de seguridad de su departamento con incidencia en la regi\u00f3n Pac\u00edfico?<\/span><\/li>\n<li><span style=\"font-family: tahoma, arial, helvetica, sans-serif; font-size: 14pt;\">\u00bfC\u00f3mo solucionamos el diagn\u00f3stico regional? \u00bfQu\u00e9 proponen en t\u00e9rminos de lineamientos de pol\u00edtica p\u00fablica?<\/span><\/li>\n<\/ul>\n<p><span style=\"font-family: tahoma, arial, helvetica, sans-serif; font-size: 14pt;\">Esas preguntas surgieron de la propuesta metodol\u00f3gica presentada por la Gobernaci\u00f3n del Valle del Cauca, la cual se trabaj\u00f3 con los equipos de asesores de las gobernaciones del Pac\u00edfico. La idea es diligenciar una matriz de pol\u00edtica p\u00fablica, y con base en los resultados, preparar las intervenciones de las gobernadoras y de los gobernadores del Pac\u00edfico.<\/span><\/p>\n<p><span style=\"font-family: tahoma, arial, helvetica, sans-serif; font-size: 14pt;\">Y el segundo panel, con la participaci\u00f3n del Ministerio de Defensa Nacional, la Polic\u00eda Nacional, las Fuerzas Militares y la Unidad Nacional de Protecci\u00f3n, cuyos titulares se enfocar\u00edan en las siguientes preguntas orientadoras:<\/span><\/p>\n<ul>\n<li class=\"p1\"><span style=\"font-family: tahoma, arial, helvetica, sans-serif; font-size: 14pt;\">\u00bfLas ideas de fortalecimiento de las capacidades instaladas afectan el diagn\u00f3stico? \u00bfQu\u00e9 hace falta?<\/span><\/li>\n<li class=\"p1\"><span style=\"font-family: tahoma, arial, helvetica, sans-serif; font-size: 14pt;\">\u00bfLos planes, programas y proyectos de seguridad p\u00fablica, convivencia ciudadana y paz y seguridad territorial se pueden integrar en una estrategia de seguridad regional del Pac\u00edfico? \u00bfQu\u00e9 hace falta?<\/span><\/li>\n<\/ul>\n<p><span style=\"font-family: tahoma, arial, helvetica, sans-serif; font-size: 14pt;\">La matriz de pol\u00edtica p\u00fablica es la siguiente:<\/span><\/p>\n<p><span style=\"text-decoration: underline; font-family: tahoma, arial, helvetica, sans-serif; font-size: 14pt;\"><a href=\"https:\/\/jairolibreros.com\/wp-content\/uploads\/2025\/03\/I-Cumbre-de-Seguridad-Regional-del-Pacifico.-Gobernacion-del-Valle-del-Cauca.-Jairo-Libreros.-02.03.2025.pdf\">I Cumbre de Seguridad Regional del Paci\u0301fico. Gobernacio\u0301n del Valle del Cauca. Jairo Libreros. 02.03.2025<\/a><\/span><\/p>\n<p><span style=\"font-family: tahoma, arial, helvetica, sans-serif; font-size: 14pt;\">La Cumbre est\u00e1 citada en el Centro de Gesti\u00f3n de Emergencias y Seguridad, CGES, de Buga, Valle del Cauca, el pr\u00f3ximo 28 de marzo de 2025:<\/span><\/p>\n<p class=\"p1\"><span style=\"font-size: 14pt; font-family: tahoma, arial, helvetica, sans-serif;\"><strong><u>Agenda de la Cumbre<\/u><\/strong><\/span><\/p>\n<p><span style=\"font-size: 14pt; font-family: tahoma, arial, helvetica, sans-serif;\"><strong>Agenda privada<\/strong><\/span><\/p>\n<p><span style=\"font-size: 14pt; font-family: tahoma, arial, helvetica, sans-serif;\"><strong>Registro de participantes<\/strong><\/span><\/p>\n<p><span style=\"font-family: tahoma, arial, helvetica, sans-serif; font-size: 14pt;\"><strong>Instalaci\u00f3n<\/strong><\/span><\/p>\n<p><span style=\"font-family: tahoma, arial, helvetica, sans-serif; font-size: 14pt;\">Dra. Dilian Francisca Toro Torres, gobernadora del Valle del Cauca<\/span><\/p>\n<p><span style=\"font-family: tahoma, arial, helvetica, sans-serif; font-size: 14pt;\">General Pedro S\u00e1nchez, ministro de Defensa Nacional<\/span><\/p>\n<p><span style=\"font-family: tahoma, arial, helvetica, sans-serif; font-size: 14pt;\"><strong>Panel \u201cLos desaf\u00edos de la seguridad regional del Pac\u00edfico\u201d<\/strong><\/span><\/p>\n<p><span style=\"font-family: tahoma, arial, helvetica, sans-serif; font-size: 14pt;\">Dr. Jorge Octavio Guzm\u00e1n Guti\u00e9rrez, gobernador de Cauca<\/span><\/p>\n<p><span style=\"font-family: tahoma, arial, helvetica, sans-serif; font-size: 14pt;\">Dra. Nubia Carolina C\u00f3rdoba Curi, gobernadora de Choco<\/span><\/p>\n<p><span style=\"font-family: tahoma, arial, helvetica, sans-serif; font-size: 14pt;\">Dr. Luis Alfonso Escobar Jaramillo, gobernador de Nari\u00f1o<\/span><\/p>\n<p><span style=\"font-family: tahoma, arial, helvetica, sans-serif; font-size: 14pt;\">Dra. Dilian Francisca Toro Torres, gobernadora del Valle del Cauca<\/span><\/p>\n<p><span style=\"font-family: tahoma, arial, helvetica, sans-serif; font-size: 14pt;\">Moderador Dr. Diego Quintero, coordinador regional de crimen<\/span><\/p>\n<p><span style=\"font-family: tahoma, arial, helvetica, sans-serif; font-size: 14pt;\">organizado para los Andes y el Cono Sur, Am\u00e9rica Latina, UNODC<\/span><\/p>\n<p><span style=\"font-family: tahoma, arial, helvetica, sans-serif; font-size: 14pt;\"><strong>Panel \u201cLa articulaci\u00f3n institucional en seguridad para el Pac\u00edfico\u201d<\/strong><\/span><\/p>\n<p><span style=\"font-family: tahoma, arial, helvetica, sans-serif; font-size: 14pt;\">General Pedro S\u00e1nchez, ministro de Defensa Nacional<\/span><\/p>\n<p><span style=\"font-family: tahoma, arial, helvetica, sans-serif; font-size: 14pt;\">General Carlos Triana, director de la Polic\u00eda Nacional<\/span><\/p>\n<p><span style=\"font-family: tahoma, arial, helvetica, sans-serif; font-size: 14pt;\">Almirante Francisco Cubides, comandante de las Fuerzas Militares<\/span><\/p>\n<p><span style=\"font-family: tahoma, arial, helvetica, sans-serif; font-size: 14pt;\">Dr. Augusto Rodr\u00edguez, director de la Unidad Nacional de Protecci\u00f3n<\/span><\/p>\n<p><span style=\"font-family: tahoma, arial, helvetica, sans-serif; font-size: 14pt;\">Moderador Dr. Diego Quintero, coordinador regional de crimen<\/span><\/p>\n<p><span style=\"font-family: tahoma, arial, helvetica, sans-serif; font-size: 14pt;\">organizado para los Andes y el Cono Sur, Am\u00e9rica Latina, UNODC<\/span><\/p>\n<p><span style=\"font-family: tahoma, arial, helvetica, sans-serif; font-size: 14pt;\"><strong>Relator\u00eda<\/strong><\/span><\/p>\n<p><span style=\"font-family: tahoma, arial, helvetica, sans-serif; font-size: 14pt;\">Dr. Jairo Libreros experto en seguridad de la Gobernaci\u00f3n del Valle del Cauca<\/span><\/p>\n<p><span style=\"font-family: tahoma, arial, helvetica, sans-serif; font-size: 14pt;\"><strong>Conclusi\u00f3n<\/strong><\/span><\/p>\n<p><span style=\"font-family: tahoma, arial, helvetica, sans-serif; font-size: 14pt;\">Dra. Dilian Francisca Toro Torres, gobernadora del Valle del Cauca<\/span><\/p>\n<p><span style=\"font-family: tahoma, arial, helvetica, sans-serif; font-size: 14pt;\"><strong>Firma del MOU<\/strong><\/span><\/p>\n<p><span style=\"font-family: tahoma, arial, helvetica, sans-serif; font-size: 14pt;\">Gobernadores del Pac\u00edfico y autoridades del Gobierno Nacional<\/span><\/p>\n<p><span style=\"font-family: tahoma, arial, helvetica, sans-serif; font-size: 14pt;\"><strong>Rueda de prensa<\/strong><\/span><\/p>\n<p style=\"text-align: right;\"><span style=\"text-decoration: underline; font-size: 14pt; font-family: tahoma, arial, helvetica, sans-serif;\"><a href=\"https:\/\/jairolibreros.com\/\"><strong>Blog de Jairo Libreros<\/strong><\/a><\/span><\/p>\n","protected":false},"excerpt":{"rendered":"<p>I Cumbre de Seguridad Regional del Pac\u00edfico (i) Cali \u00b7 Gobernaci\u00f3n del Valle del Cauca \u00b7 09.03.2025 En el segundo semestre de 2023, <\/p>\n","protected":false},"author":1,"featured_media":3615,"comment_status":"open","ping_status":"open","sticky":false,"template":"","format":"standard","meta":{"om_disable_all_campaigns":false,"_monsterinsights_skip_tracking":false,"_monsterinsights_sitenote_active":false,"_monsterinsights_sitenote_note":"","_monsterinsights_sitenote_category":0,"footnotes":""},"categories":[1,96],"tags":[54,90,97,53,39],"aioseo_notices":[],"class_list":["post-3025","post","type-post","status-publish","format-standard","has-post-thumbnail","hentry","category-jairo-libreros","category-universidad-externado","tag-comunicacion-politica","tag-seguridad-y-defensa-nacional","tag-inteligencia-estrategica","tag-politicas-publicas","tag-seguridad-ciudadana"],"_links":{"self":[{"href":"https:\/\/jairolibreros.com\/index.php?rest_route=\/wp\/v2\/posts\/3025"}],"collection":[{"href":"https:\/\/jairolibreros.com\/index.php?rest_route=\/wp\/v2\/posts"}],"about":[{"href":"https:\/\/jairolibreros.com\/index.php?rest_route=\/wp\/v2\/types\/post"}],"author":[{"embeddable":true,"href":"https:\/\/jairolibreros.com\/index.php?rest_route=\/wp\/v2\/users\/1"}],"replies":[{"embeddable":true,"href":"https:\/\/jairolibreros.com\/index.php?rest_route=%2Fwp%2Fv2%2Fcomments&post=3025"}],"version-history":[{"count":26,"href":"https:\/\/jairolibreros.com\/index.php?rest_route=\/wp\/v2\/posts\/3025\/revisions"}],"predecessor-version":[{"id":4692,"href":"https:\/\/jairolibreros.com\/index.php?rest_route=\/wp\/v2\/posts\/3025\/revisions\/4692"}],"wp:featuredmedia":[{"embeddable":true,"href":"https:\/\/jairolibreros.com\/index.php?rest_route=\/wp\/v2\/media\/3615"}],"wp:attachment":[{"href":"https:\/\/jairolibreros.com\/index.php?rest_route=%2Fwp%2Fv2%2Fmedia&parent=3025"}],"wp:term":[{"taxonomy":"category","embeddable":true,"href":"https:\/\/jairolibreros.com\/index.php?rest_route=%2Fwp%2Fv2%2Fcategories&post=3025"},{"taxonomy":"post_tag","embeddable":true,"href":"https:\/\/jairolibreros.com\/index.php?rest_route=%2Fwp%2Fv2%2Ftags&post=3025"}],"curies":[{"name":"wp","href":"https:\/\/api.w.org\/{rel}","templated":true}]}}