{"id":3067,"date":"2025-03-27T12:24:40","date_gmt":"2025-03-27T12:24:40","guid":{"rendered":"https:\/\/jairolibreros.com\/?p=3067"},"modified":"2025-09-18T01:04:27","modified_gmt":"2025-09-18T01:04:27","slug":"que-tanta-posibilidad-tiene-el-presidente-petro-de-conseguir-los-votos-para-su-consulta-popular","status":"publish","type":"post","link":"https:\/\/jairolibreros.com\/?p=3067","title":{"rendered":"\u00bfQu\u00e9 tanta posibilidad tiene el presidente Petro de conseguir los votos para su consulta popular?"},"content":{"rendered":"<p><span style=\"font-size: 14pt; font-family: tahoma, arial, helvetica, sans-serif;\"><strong>\u00bfQu\u00e9 tanta posibilidad tiene el presidente Petro de conseguir los votos para su consulta popular?<\/strong><\/span><\/p>\n<p class=\"p1\"><span style=\"font-size: 14pt; font-family: tahoma, arial, helvetica, sans-serif;\"><em>El Tiempo \u00b7 Juan Lombo \u00b7 11.03.2025<\/em><\/span><\/p>\n<p class=\"p1\"><span style=\"font-size: 14pt; font-family: tahoma, arial, helvetica, sans-serif;\"><b>\u00bfEs posible superar el umbral?<\/b><\/span><\/p>\n<p class=\"p2\"><span style=\"font-size: 14pt; font-family: tahoma, arial, helvetica, sans-serif;\">Para el <strong>profesor Jairo Libreros, de la Universidad Externado<\/strong>, es muy dif\u00edcil que el mandatario nacional logre superar el umbral. &#8220;No existe la m\u00e1s m\u00ednima posibilidad&#8221;, indic\u00f3 el acad\u00e9mico, que asever\u00f3 que el Gobierno no tendr\u00eda las capacidades para sacar a las urnas tal cantidad de personas. Se\u00f1al\u00f3 que las convocatorias en las calles del Ejecutivo no han sido multitudinarias.<\/span><\/p>\n<figure id=\"attachment_3293\" aria-describedby=\"caption-attachment-3293\" style=\"width: 300px\" class=\"wp-caption alignright\"><img decoding=\"async\" class=\"size-medium wp-image-3293\" src=\"https:\/\/jairolibreros.com\/wp-content\/uploads\/2025\/03\/IMG_9784-300x166.jpeg\" alt=\"\" width=\"300\" height=\"166\" srcset=\"https:\/\/jairolibreros.com\/wp-content\/uploads\/2025\/03\/IMG_9784-300x166.jpeg 300w, https:\/\/jairolibreros.com\/wp-content\/uploads\/2025\/03\/IMG_9784-768x426.jpeg 768w, https:\/\/jairolibreros.com\/wp-content\/uploads\/2025\/03\/IMG_9784.jpeg 828w\" sizes=\"(max-width: 300px) 100vw, 300px\" \/><figcaption id=\"caption-attachment-3293\" class=\"wp-caption-text\">Jairo Libreros. El Tiempo<\/figcaption><\/figure>\n<p class=\"p1\"><span style=\"font-size: 14pt; font-family: tahoma, arial, helvetica, sans-serif;\"><b>&#8216;No existe la m\u00e1s m\u00ednima posibilidad&#8217;<\/b><\/span><\/p>\n<p class=\"p2\"><span style=\"font-size: 14pt; font-family: tahoma, arial, helvetica, sans-serif;\">Seg\u00fan algunos expertos, la consulta popular que propone el presidente Petro no tendr\u00eda un camino f\u00e1cil.\u00a0<a href=\"https:\/\/www.eltiempo.com\/politica\/gobierno\/estos-son-los-votos-que-necesita-el-presidente-petro-para-que-su-consulta-popular-por-las-reformas-sea-vinculante-3434569\"><span class=\"s1\">El profesor de la Universidad Externado, Jairo Libreros, le dijo a EL TIEMPO\u00a0<\/span><\/a>que es muy complicado que la consulta supere el umbral. &#8220;No existe la m\u00e1s m\u00ednima posibilidad&#8221;, asegur\u00f3 el acad\u00e9mico, quien precis\u00f3 que\u00a0<b>el Gobierno no tendr\u00eda las capacidades para sacar a las urnas tal cantidad de personas porque las convocatorias del presidente en las calles no han sido multitudinarias.<\/b><\/span><\/p>\n<p class=\"p2\"><span style=\"font-size: 14pt; font-family: tahoma, arial, helvetica, sans-serif;\">Adem\u00e1s, existe la posibilidad de que el Senado, que ha sido adverso al actual Gobierno, no le d\u00e9 el visto bueno a la realizaci\u00f3n de la consulta popular.<\/span><\/p>\n<p><span style=\"font-size: 14pt; font-family: tahoma, arial, helvetica, sans-serif;\">El video de mi an\u00e1lisis en El Tiempo:<\/span><\/p>\n<p><iframe hcb-fetch-image-from=\"https:\/\/www.youtube.com\/watch?v=RKq1ZmPtWZA\" title=\"Alocuci\u00f3n del Presidente de la Rep\u00fablica, Gustavo Petro\" width=\"640\" height=\"360\" src=\"https:\/\/www.youtube.com\/embed\/RKq1ZmPtWZA?feature=oembed\" frameborder=\"0\" allow=\"accelerometer; autoplay; clipboard-write; encrypted-media; gyroscope; picture-in-picture; web-share\" referrerpolicy=\"strict-origin-when-cross-origin\" allowfullscreen><\/iframe><\/p>\n<p><span style=\"text-decoration: underline; font-size: 14pt; font-family: tahoma, arial, helvetica, sans-serif;\"><a href=\"https:\/\/www.eltiempo.com\/politica\/gobierno\/estos-son-los-votos-que-necesita-el-presidente-petro-para-que-su-consulta-popular-por-las-reformas-sea-vinculante-3434569\">https:\/\/www.eltiempo.com\/politica\/gobierno\/estos-son-los-votos-que-necesita-el-presidente-petro-para-que-su-consulta-popular-por-las-reformas-sea-vinculante-3434569<\/a><\/span><\/p>\n<p style=\"text-align: right;\"><span style=\"text-decoration: underline;\"><span style=\"font-family: tahoma, arial, helvetica, sans-serif; font-size: 14pt;\"><a href=\"https:\/\/jairolibreros.com\/\"><strong>Blog de Jairo Libreros<\/strong><\/a><\/span><\/span><\/p>\n","protected":false},"excerpt":{"rendered":"<p>\u00bfQu\u00e9 tanta posibilidad tiene el presidente Petro de conseguir los votos para su consulta popular? El Tiempo \u00b7 Juan Lombo \u00b7 11.03.2025 \u00bfEs <\/p>\n","protected":false},"author":1,"featured_media":3288,"comment_status":"open","ping_status":"open","sticky":false,"template":"","format":"standard","meta":{"om_disable_all_campaigns":false,"_monsterinsights_skip_tracking":false,"_monsterinsights_sitenote_active":false,"_monsterinsights_sitenote_note":"","_monsterinsights_sitenote_category":0,"footnotes":""},"categories":[95,1],"tags":[44,54,37,53],"aioseo_notices":[],"class_list":["post-3067","post","type-post","status-publish","format-standard","has-post-thumbnail","hentry","category-el-tiempo","category-jairo-libreros","tag-elecciones","tag-comunicacion-politica","tag-movilizacion-social","tag-politicas-publicas"],"_links":{"self":[{"href":"https:\/\/jairolibreros.com\/index.php?rest_route=\/wp\/v2\/posts\/3067"}],"collection":[{"href":"https:\/\/jairolibreros.com\/index.php?rest_route=\/wp\/v2\/posts"}],"about":[{"href":"https:\/\/jairolibreros.com\/index.php?rest_route=\/wp\/v2\/types\/post"}],"author":[{"embeddable":true,"href":"https:\/\/jairolibreros.com\/index.php?rest_route=\/wp\/v2\/users\/1"}],"replies":[{"embeddable":true,"href":"https:\/\/jairolibreros.com\/index.php?rest_route=%2Fwp%2Fv2%2Fcomments&post=3067"}],"version-history":[{"count":8,"href":"https:\/\/jairolibreros.com\/index.php?rest_route=\/wp\/v2\/posts\/3067\/revisions"}],"predecessor-version":[{"id":4628,"href":"https:\/\/jairolibreros.com\/index.php?rest_route=\/wp\/v2\/posts\/3067\/revisions\/4628"}],"wp:featuredmedia":[{"embeddable":true,"href":"https:\/\/jairolibreros.com\/index.php?rest_route=\/wp\/v2\/media\/3288"}],"wp:attachment":[{"href":"https:\/\/jairolibreros.com\/index.php?rest_route=%2Fwp%2Fv2%2Fmedia&parent=3067"}],"wp:term":[{"taxonomy":"category","embeddable":true,"href":"https:\/\/jairolibreros.com\/index.php?rest_route=%2Fwp%2Fv2%2Fcategories&post=3067"},{"taxonomy":"post_tag","embeddable":true,"href":"https:\/\/jairolibreros.com\/index.php?rest_route=%2Fwp%2Fv2%2Ftags&post=3067"}],"curies":[{"name":"wp","href":"https:\/\/api.w.org\/{rel}","templated":true}]}}