{"id":3071,"date":"2025-03-27T12:37:54","date_gmt":"2025-03-27T12:37:54","guid":{"rendered":"https:\/\/jairolibreros.com\/?p=3071"},"modified":"2025-09-18T01:06:09","modified_gmt":"2025-09-18T01:06:09","slug":"las-apuestas-electorales-detras-de-la-consulta-popular-convocada-por-el-presidente-gustavo-petro","status":"publish","type":"post","link":"https:\/\/jairolibreros.com\/?p=3071","title":{"rendered":"Las apuestas electorales detr\u00e1s de la consulta popular convocada por el presidente Gustavo Petro"},"content":{"rendered":"<p><span style=\"font-family: tahoma, arial, helvetica, sans-serif; font-size: 14pt;\"><strong>Las apuestas electorales detr\u00e1s de la consulta popular convocada por el presidente Gustavo Petro<\/strong><\/span><\/p>\n<p class=\"p1\"><span style=\"font-family: tahoma, arial, helvetica, sans-serif; font-size: 14pt;\"><em>El Tiempo \u00b7 Mateo Garc\u00eda \u00b7 15.03.2025<\/em><\/span><\/p>\n<figure id=\"attachment_3290\" aria-describedby=\"caption-attachment-3290\" style=\"width: 300px\" class=\"wp-caption alignright\"><img fetchpriority=\"high\" decoding=\"async\" class=\"size-medium wp-image-3290\" src=\"https:\/\/jairolibreros.com\/wp-content\/uploads\/2025\/03\/IMG_9782-300x167.jpeg\" alt=\"\" width=\"300\" height=\"167\" srcset=\"https:\/\/jairolibreros.com\/wp-content\/uploads\/2025\/03\/IMG_9782-300x167.jpeg 300w, https:\/\/jairolibreros.com\/wp-content\/uploads\/2025\/03\/IMG_9782-768x429.jpeg 768w, https:\/\/jairolibreros.com\/wp-content\/uploads\/2025\/03\/IMG_9782.jpeg 828w\" sizes=\"(max-width: 300px) 100vw, 300px\" \/><figcaption id=\"caption-attachment-3290\" class=\"wp-caption-text\">Jairo Libreros. El Tiempo<\/figcaption><\/figure>\n<p class=\"p1\"><span style=\"font-family: tahoma, arial, helvetica, sans-serif; font-size: 14pt;\"><strong>Los riesgos que abre esa narrativa son notorios, dice el analista Jairo Libreros<\/strong>: \u201cNo solo no se justifica la convocatoria de una consulta, sino que adem\u00e1s se descalifica y se provoca la ruptura de la armon\u00eda entre las ramas del poder p\u00fablico por una decisi\u00f3n que forma parte de las libertades de los congresistas. Es una apuesta muy arriesgada, porque medirse popularmente no es f\u00e1cil; una derrota en esa consulta podr\u00eda desencadenar una estruendosa derrota en las elecciones al Congreso\u201d.<\/span><\/p>\n<p><span style=\"text-decoration: underline; font-family: tahoma, arial, helvetica, sans-serif; font-size: 14pt;\"><a href=\"https:\/\/www.eltiempo.com\/politica\/gobierno\/las-apuestas-electorales-detras-de-la-consulta-popular-convocada-por-el-presidente-gustavo-petro-3435768\">https:\/\/www.eltiempo.com\/politica\/gobierno\/las-apuestas-electorales-detras-de-la-consulta-popular-convocada-por-el-presidente-gustavo-petro-3435768<\/a><\/span><\/p>\n<p style=\"text-align: right;\"><span style=\"text-decoration: underline;\"><span style=\"font-family: tahoma, arial, helvetica, sans-serif; font-size: 14pt;\"><a href=\"https:\/\/jairolibreros.com\/\"><strong>Blog de Jairo Libreros<\/strong><\/a><\/span><\/span><\/p>\n","protected":false},"excerpt":{"rendered":"<p>Las apuestas electorales detr\u00e1s de la consulta popular convocada por el presidente Gustavo Petro El Tiempo \u00b7 Mateo Garc\u00eda \u00b7 15.03.2025 Los riesgos <\/p>\n","protected":false},"author":1,"featured_media":3289,"comment_status":"open","ping_status":"open","sticky":false,"template":"","format":"standard","meta":{"om_disable_all_campaigns":false,"_monsterinsights_skip_tracking":false,"_monsterinsights_sitenote_active":false,"_monsterinsights_sitenote_note":"","_monsterinsights_sitenote_category":0,"footnotes":""},"categories":[95,1],"tags":[44,54,37,53],"aioseo_notices":[],"class_list":["post-3071","post","type-post","status-publish","format-standard","has-post-thumbnail","hentry","category-el-tiempo","category-jairo-libreros","tag-elecciones","tag-comunicacion-politica","tag-movilizacion-social","tag-politicas-publicas"],"_links":{"self":[{"href":"https:\/\/jairolibreros.com\/index.php?rest_route=\/wp\/v2\/posts\/3071"}],"collection":[{"href":"https:\/\/jairolibreros.com\/index.php?rest_route=\/wp\/v2\/posts"}],"about":[{"href":"https:\/\/jairolibreros.com\/index.php?rest_route=\/wp\/v2\/types\/post"}],"author":[{"embeddable":true,"href":"https:\/\/jairolibreros.com\/index.php?rest_route=\/wp\/v2\/users\/1"}],"replies":[{"embeddable":true,"href":"https:\/\/jairolibreros.com\/index.php?rest_route=%2Fwp%2Fv2%2Fcomments&post=3071"}],"version-history":[{"count":7,"href":"https:\/\/jairolibreros.com\/index.php?rest_route=\/wp\/v2\/posts\/3071\/revisions"}],"predecessor-version":[{"id":4630,"href":"https:\/\/jairolibreros.com\/index.php?rest_route=\/wp\/v2\/posts\/3071\/revisions\/4630"}],"wp:featuredmedia":[{"embeddable":true,"href":"https:\/\/jairolibreros.com\/index.php?rest_route=\/wp\/v2\/media\/3289"}],"wp:attachment":[{"href":"https:\/\/jairolibreros.com\/index.php?rest_route=%2Fwp%2Fv2%2Fmedia&parent=3071"}],"wp:term":[{"taxonomy":"category","embeddable":true,"href":"https:\/\/jairolibreros.com\/index.php?rest_route=%2Fwp%2Fv2%2Fcategories&post=3071"},{"taxonomy":"post_tag","embeddable":true,"href":"https:\/\/jairolibreros.com\/index.php?rest_route=%2Fwp%2Fv2%2Ftags&post=3071"}],"curies":[{"name":"wp","href":"https:\/\/api.w.org\/{rel}","templated":true}]}}