{"id":3078,"date":"2025-03-27T15:13:29","date_gmt":"2025-03-27T15:13:29","guid":{"rendered":"https:\/\/jairolibreros.com\/?p=3078"},"modified":"2025-09-18T01:08:00","modified_gmt":"2025-09-18T01:08:00","slug":"i-cumbre-de-seguridad-regional-del-pacifico","status":"publish","type":"post","link":"https:\/\/jairolibreros.com\/?p=3078","title":{"rendered":"I Cumbre de Seguridad Regional del Pac\u00edfico (ii)"},"content":{"rendered":"<p><span style=\"font-family: tahoma, arial, helvetica, sans-serif; font-size: 14pt;\"><strong>I Cumbre de Seguridad Regional del Pac\u00edfico (ii)<\/strong><\/span><\/p>\n<p class=\"p1\"><span style=\"font-size: 14pt; font-family: tahoma, arial, helvetica, sans-serif;\"><em>Buga, Valle del Cauca \u00b7 Centro de Gesti\u00f3n de Emergencias y Seguridad, CGES \u00b7 Gobernaci\u00f3n del Valle del Cauca \u00b7 28.03.2025<\/em><\/span><\/p>\n<p><span style=\"font-family: tahoma, arial, helvetica, sans-serif; font-size: 14pt;\">El jueves 20 de marzo de 2025, la <strong>I Cumbre de Seguridad Regional del Pac\u00edfico<\/strong> estaba entre estancada e informalmente cancelada. De un lado, si bien en las dos primeras reuniones de trabajo con los equipos t\u00e9cnicos de las gobernaciones del Pac\u00edfico avanzamos en el diagn\u00f3stico regional, no logramos terminar la matriz. A lo sumo llegamos una cuarta parte. Sin embargo, hubo coincidencias en el diagn\u00f3stico -cifras, descripciones, impactos-: el asunto m\u00e1s relevante fue la identificaci\u00f3n una gobernanza criminal regional en m\u00faltiples focos y sus formas de expansi\u00f3n territorial en el Pac\u00edfico.<\/span><\/p>\n<p><span style=\"font-family: tahoma, arial, helvetica, sans-serif; font-size: 14pt;\">Igualmente, mejor, asociado a esa gobernanza criminal en el Pac\u00edfico: cultivos il\u00edcitos, estaciones ilegales de combustible, rentas ilegales, paros armados, bloqueos en la Panamericana, bloqueos en las cuencas fluviales, confinamientos, desplazamientos, extorsiones -9 modalidades-, actos terroristas y control social y territorial de las disidencias de las FARC, del ELN y del Clan del Golfo -y enfrentamientos horizontales-. Y lo de siempre: necesidades de incremento del pie de fuerza policial y militar -tierra, mar\/agua y aire-.<\/span><\/p>\n<p><span style=\"font-family: tahoma, arial, helvetica, sans-serif; font-size: 14pt;\">Son buenos datos. Interesantes. Valiosos. Nada nuevo, sorprendente o desconocido. Buenas descripciones. Pero insuficiente. Necesit\u00e1bamos m\u00e1s tiempo, por lo menos unas dos sesiones m\u00e1s para tener un panorama m\u00e1s trabajado para dise\u00f1ar la <strong>Estrategia de Seguridad Regional del Pac\u00edfico<\/strong>.<\/span><\/p>\n<p><span style=\"font-size: 14pt; font-family: tahoma, arial, helvetica, sans-serif;\">Y del otro lado, todo indicaba que era necesario cancelar el evento, porque en Popay\u00e1n el presidente Gustavo Petro lanzar\u00eda personalmente un proyecto en el marco de la Operaci\u00f3n Cauca ese mismo viernes 28 de marzo de 2025. El gobernador del Cauca anunci\u00f3 que no pod\u00eda viajar a Buga -\u00bfpor qu\u00e9 en Buga?: m\u00e1s adelante lo explico-. Y un par de horas despu\u00e9s, el gobernador de Nari\u00f1o anunci\u00f3 que tampoco asistir\u00eda al encuentro, porque acompa\u00f1ar\u00eda a su homologo del Cauca y al presidente Petro en Popay\u00e1n. Ni modo. La I Cumbre al congelador.<\/span><\/p>\n<p><span style=\"font-size: 14pt; font-family: tahoma, arial, helvetica, sans-serif;\">Si el presidente Petro viajaba al Cauca a un tema de seguridad lo m\u00e1s evidente era que el ministro de Defensa lo acompa\u00f1ar\u00eda. Liquidados. Dif\u00edcilmente, tendr\u00edamos una <strong>Estrategia de Seguridad Regional del Pac\u00edfico<\/strong>. Sin dos gobernadores era imposible la <strong>I Cumbre de Seguridad Regional del Pac\u00edfico<\/strong>. Y sin ministro de Defensa tambi\u00e9n se enredaba la presencia del director de la Polic\u00eda Nacional y del comandante de las Fuerzas Militares. Todos a Popay\u00e1n. Nada que hacer. Restaba la reconfirmaci\u00f3n de la Casa de Nari\u00f1o, que a la larga era una ventana de oportunidad, por aquello del manejo -o mal manejo- de la agenda del presidente Petro, que como en la <a href=\"https:\/\/fisicartes.wordpress.com\/2018\/10\/29\/la-perrilla-poesia-de-jose-manuel-marroquin\/\"><span style=\"text-decoration: underline;\">Perrilla (Jos\u00e9 Manuel Marroqu\u00edn)<\/span><\/a>: &#8220;&#8230;<em>pues en m\u00e1s de una ocasi\u00f3n, sale lo que no se espera<\/em>..&#8221;.<\/span><\/p>\n<p><span style=\"font-family: tahoma, arial, helvetica, sans-serif; font-size: 14pt;\">El martes 25 de marzo de 2025, a cuatro d\u00edas del evento, la <strong>I Cumbre de Seguridad Regional del Pac\u00edfico<\/strong> se reactiv\u00f3. Sali\u00f3 lo que no se esperaba. Lo de Popay\u00e1n se cancel\u00f3, vaya uno a saber qu\u00e9 pas\u00f3. Pero ese mismo d\u00eda la metodolog\u00eda, el listado de invitados\/panelistas y la agenda se alter\u00f3 por completo. La metodolog\u00eda, porque era muy acad\u00e9mica y limitaba la intervenci\u00f3n de los invitados. Mejor que todos hablen, una sola cadena de intervenciones de 15 minutos por invitado.<\/span><\/p>\n<p><span style=\"font-family: tahoma, arial, helvetica, sans-serif; font-size: 14pt;\">El listado de participantes tambi\u00e9n cambi\u00f3. Si bien inicialmente, <span style=\"text-decoration: underline;\"><a href=\"https:\/\/jairolibreros.com\/?p=3025\">en la primera reuni\u00f3n -02.02.2025-<\/a><\/span>, se pensaba en un auditorio compuesto por lideres sociales y gremiales, congresistas, directores de federaciones de departamentos, municipios, ciudades capitales e intermedias; formadores de opini\u00f3n y periodistas, esta propuesta no prosper\u00f3. Mucha gente sin tener la oportunidad de participar.<\/span><\/p>\n<p><span style=\"font-size: 14pt; font-family: tahoma, arial, helvetica, sans-serif;\">Sin embargo, el ministerio de Defensa Nacional consider\u00f3 que era necesario que algunos alcaldes del Pac\u00edfico intervinieran en la <strong>I Cumbre de Seguridad Regional del Pac\u00edfico<\/strong>. Aproximadamente, se invitaron a unos 25 mandatarios municipales, quienes contar\u00edan con cinco minutos para su intervenci\u00f3n. Y al finalizar el d\u00eda, aparecieron dos nuevos invitados: Mindefensa dijo que los ministros del Interior y TIC nos acompa\u00f1ar\u00edan. S\u00f3lo Armando Benedetti confirm\u00f3 su asistencia (y un par de d\u00edas antes -el jueves\u00a0 19.03.2025- el consejero comisionado de Paz fue informado del evento, pero no se pronunci\u00f3).<\/span><\/p>\n<figure id=\"attachment_3133\" aria-describedby=\"caption-attachment-3133\" style=\"width: 300px\" class=\"wp-caption alignright\"><img fetchpriority=\"high\" decoding=\"async\" class=\"size-medium wp-image-3133\" src=\"https:\/\/jairolibreros.com\/wp-content\/uploads\/2025\/03\/Jairo-Libreros.-Gobernacion-del-Valle-del-Cauca.-CGES.-I-Cumbre-de-Seguridad-Regional-del-Pacifico.-Buga-300x253.jpg\" alt=\"\" width=\"300\" height=\"253\" srcset=\"https:\/\/jairolibreros.com\/wp-content\/uploads\/2025\/03\/Jairo-Libreros.-Gobernacion-del-Valle-del-Cauca.-CGES.-I-Cumbre-de-Seguridad-Regional-del-Pacifico.-Buga-300x253.jpg 300w, https:\/\/jairolibreros.com\/wp-content\/uploads\/2025\/03\/Jairo-Libreros.-Gobernacion-del-Valle-del-Cauca.-CGES.-I-Cumbre-de-Seguridad-Regional-del-Pacifico.-Buga-1024x864.jpg 1024w, https:\/\/jairolibreros.com\/wp-content\/uploads\/2025\/03\/Jairo-Libreros.-Gobernacion-del-Valle-del-Cauca.-CGES.-I-Cumbre-de-Seguridad-Regional-del-Pacifico.-Buga-768x648.jpg 768w, https:\/\/jairolibreros.com\/wp-content\/uploads\/2025\/03\/Jairo-Libreros.-Gobernacion-del-Valle-del-Cauca.-CGES.-I-Cumbre-de-Seguridad-Regional-del-Pacifico.-Buga-1536x1296.jpg 1536w, https:\/\/jairolibreros.com\/wp-content\/uploads\/2025\/03\/Jairo-Libreros.-Gobernacion-del-Valle-del-Cauca.-CGES.-I-Cumbre-de-Seguridad-Regional-del-Pacifico.-Buga-2048x1728.jpg 2048w\" sizes=\"(max-width: 300px) 100vw, 300px\" \/><figcaption id=\"caption-attachment-3133\" class=\"wp-caption-text\">Jairo Libreros. I Cumbre de Seguridad Regional del Paci\u0301fico. Mindefensa. Gobernacio\u0301n del Valle del Cauca. CGES. Buga. 28.03.2025<\/figcaption><\/figure>\n<p><span style=\"font-family: tahoma, arial, helvetica, sans-serif; font-size: 14pt;\">El lugar escogido para el evento fue el Centro de Gesti\u00f3n de Emergencias y Seguridad, CGES, de Buga. Este lugar se cre\u00f3 hace seis a\u00f1os como la sede de todas las actividades de seguridad ciudadana del Valle del Cauca. Cuenta con la infraestructura tecnol\u00f3gica necesaria para centralizar los procesos de videovigilancia del departamento, alberga el comando de la Polic\u00eda Valle y centraliza el sistema integral de informaci\u00f3n, procesamiento y an\u00e1lisis de los datos de seguridad p\u00fablica, percepci\u00f3n de seguridad, comportamientos contrarios a la convivencia y otras variables de violencia y criminalidad de la regi\u00f3n, entre otras funciones estrat\u00e9gicas.<\/span><\/p>\n<p><span style=\"font-family: tahoma, arial, helvetica, sans-serif; font-size: 14pt;\">Claro, en mi mente quiero pensar que lo relevante de la decisi\u00f3n de realizar la I Cumbre es otra: Buga es mi ciudad natal. Por \u00faltimo, la agenda de la I Cumbre para dise\u00f1ar la <strong>Estrategia de Seguridad Regional del Pac\u00edfico<\/strong> es la siguiente (9AM &#8211; 4PM):<\/span><\/p>\n<p><span style=\"font-size: 14pt; font-family: tahoma, arial, helvetica, sans-serif;\"><strong style=\"color: #333333;\"><u>Agenda de la Cumbre<\/u><\/strong><\/span><\/p>\n<figure id=\"attachment_3165\" aria-describedby=\"caption-attachment-3165\" style=\"width: 204px\" class=\"wp-caption alignright\"><img decoding=\"async\" class=\"size-medium wp-image-3165\" src=\"https:\/\/jairolibreros.com\/wp-content\/uploads\/2025\/03\/Escarapela.-Gobernacion-del-Valle-del-Cauca.-CGES.-I-Cumbre-de-Seguridad-Regional-del-Pacifico.-Buga.-2025-204x300.jpeg\" alt=\"\" width=\"204\" height=\"300\" srcset=\"https:\/\/jairolibreros.com\/wp-content\/uploads\/2025\/03\/Escarapela.-Gobernacion-del-Valle-del-Cauca.-CGES.-I-Cumbre-de-Seguridad-Regional-del-Pacifico.-Buga.-2025-204x300.jpeg 204w, https:\/\/jairolibreros.com\/wp-content\/uploads\/2025\/03\/Escarapela.-Gobernacion-del-Valle-del-Cauca.-CGES.-I-Cumbre-de-Seguridad-Regional-del-Pacifico.-Buga.-2025-698x1024.jpeg 698w, https:\/\/jairolibreros.com\/wp-content\/uploads\/2025\/03\/Escarapela.-Gobernacion-del-Valle-del-Cauca.-CGES.-I-Cumbre-de-Seguridad-Regional-del-Pacifico.-Buga.-2025-768x1127.jpeg 768w, https:\/\/jairolibreros.com\/wp-content\/uploads\/2025\/03\/Escarapela.-Gobernacion-del-Valle-del-Cauca.-CGES.-I-Cumbre-de-Seguridad-Regional-del-Pacifico.-Buga.-2025.jpeg 828w\" sizes=\"(max-width: 204px) 100vw, 204px\" \/><figcaption id=\"caption-attachment-3165\" class=\"wp-caption-text\">Escarapela. I Cumbre de Seguridad Regional del Paci\u0301fico. Gobernacio\u0301n del Mindefensa. Valle del Cauca. CGES. Buga. 28.03.2025<\/figcaption><\/figure>\n<p><span style=\"font-size: 14pt; font-family: tahoma, arial, helvetica, sans-serif;\"><strong>Agenda privada<\/strong><\/span><\/p>\n<p><span style=\"font-size: 14pt; font-family: tahoma, arial, helvetica, sans-serif;\"><strong>Registro de participantes<\/strong><\/span><\/p>\n<p><span style=\"font-size: 14pt; font-family: tahoma, arial, helvetica, sans-serif;\"><strong>Instalaci\u00f3n<\/strong><\/span><\/p>\n<p><span style=\"font-size: 14pt; font-family: tahoma, arial, helvetica, sans-serif;\">Dra. Dilian Francisca Toro Torres, gobernadora del Valle del Cauca<\/span><\/p>\n<p><span style=\"font-size: 14pt; font-family: tahoma, arial, helvetica, sans-serif;\">General Pedro S\u00e1nchez, ministro de Defensa Nacional<\/span><\/p>\n<p><span style=\"font-size: 14pt; font-family: tahoma, arial, helvetica, sans-serif;\"><strong>Intervenci\u00f3n de los gobernadores del Pac\u00edfico<\/strong><\/span><\/p>\n<p><span style=\"font-size: 14pt; font-family: tahoma, arial, helvetica, sans-serif;\">Dr. Jorge Octavio Guzm\u00e1n Guti\u00e9rrez, gobernador de Cauca<\/span><\/p>\n<p><span style=\"font-size: 14pt; font-family: tahoma, arial, helvetica, sans-serif;\">Dra. Nubia Carolina C\u00f3rdoba Curi, gobernadora de Choco<\/span><\/p>\n<p><span style=\"font-size: 14pt; font-family: tahoma, arial, helvetica, sans-serif;\">Dr. Luis Alfonso Escobar Jaramillo, gobernador de Nari\u00f1o\u00a0 \u00a0 \u00a0 \u00a0 \u00a0 \u00a0 \u00a0 \u00a0 \u00a0 \u00a0 \u00a0\u00a0<\/span><\/p>\n<p><span style=\"font-size: 14pt; font-family: tahoma, arial, helvetica, sans-serif;\"><strong>Oficina Regional de las Naciones Unidas contra la Droga y el Delito<\/strong><\/span><\/p>\n<p><span style=\"font-size: 14pt; font-family: tahoma, arial, helvetica, sans-serif;\">Dr. Diego Quintero, coordinador regional de crimen organizado<\/span><\/p>\n<p><span style=\"font-size: 14pt; font-family: tahoma, arial, helvetica, sans-serif;\"><strong>Intervenci\u00f3n de los gobiernos distritales y municipales del Pac\u00edfico<\/strong><\/span><\/p>\n<p><span style=\"font-size: 14pt; font-family: tahoma, arial, helvetica, sans-serif;\">Alcaldes del departamento de Cauca<\/span><\/p>\n<p><span style=\"font-size: 14pt; font-family: tahoma, arial, helvetica, sans-serif;\">Alcaldes del departamento de Choc\u00f3<\/span><\/p>\n<p><span style=\"font-size: 14pt; font-family: tahoma, arial, helvetica, sans-serif;\">Alcaldes del departamento de Nari\u00f1o<\/span><\/p>\n<p><span style=\"font-size: 14pt; font-family: tahoma, arial, helvetica, sans-serif;\">Alcaldes del departamento del Valle del Cauca<\/span><\/p>\n<p><span style=\"font-size: 14pt; font-family: tahoma, arial, helvetica, sans-serif;\"><strong>Intervenci\u00f3n de las autoridades del Gobierno Nacional<\/strong><\/span><\/p>\n<p><span style=\"font-size: 14pt; font-family: tahoma, arial, helvetica, sans-serif;\">General Pedro S\u00e1nchez, ministro de Defensa Nacional<\/span><\/p>\n<p><span style=\"font-size: 14pt; font-family: tahoma, arial, helvetica, sans-serif;\">Dr. Armando Benedetti, ministro del Interior<\/span><\/p>\n<p><span style=\"font-size: 14pt; font-family: tahoma, arial, helvetica, sans-serif;\">Dr. Augusto Rodr\u00edguez, director de la Unidad Nacional de Protecci\u00f3n<\/span><\/p>\n<p><span style=\"font-size: 14pt; font-family: tahoma, arial, helvetica, sans-serif;\">General Carlos Triana, director de la Polic\u00eda Nacional<\/span><\/p>\n<p><span style=\"font-size: 14pt; font-family: tahoma, arial, helvetica, sans-serif;\">Almirante Francisco Cubides, comandante de las Fuerzas Militares<\/span><\/p>\n<p><span style=\"font-size: 14pt; font-family: tahoma, arial, helvetica, sans-serif;\"><strong>Relator\u00eda<\/strong><\/span><\/p>\n<p><span style=\"font-size: 14pt; font-family: tahoma, arial, helvetica, sans-serif;\">Dr. Jairo Libreros experto en seguridad de la Gobernaci\u00f3n del Valle del Cauca<\/span><\/p>\n<p><span style=\"font-size: 14pt; font-family: tahoma, arial, helvetica, sans-serif;\"><strong>Firma del MOU<\/strong><\/span><\/p>\n<p><span style=\"font-size: 14pt; font-family: tahoma, arial, helvetica, sans-serif;\">Gobernadores del Pac\u00edfico y autoridades del Gobierno Nacional<\/span><\/p>\n<figure id=\"attachment_3132\" aria-describedby=\"caption-attachment-3132\" style=\"width: 210px\" class=\"wp-caption alignnone\"><img decoding=\"async\" class=\"size-medium wp-image-3132\" src=\"https:\/\/jairolibreros.com\/wp-content\/uploads\/2025\/03\/MOU.-Gobernacion-del-Valle-del-Cauca.-CGES.-I-Cumbre-de-Seguridad-Regional-del-Pacifico.-Buga.-2025-1-210x300.jpeg\" alt=\"\" width=\"210\" height=\"300\" srcset=\"https:\/\/jairolibreros.com\/wp-content\/uploads\/2025\/03\/MOU.-Gobernacion-del-Valle-del-Cauca.-CGES.-I-Cumbre-de-Seguridad-Regional-del-Pacifico.-Buga.-2025-1-210x300.jpeg 210w, https:\/\/jairolibreros.com\/wp-content\/uploads\/2025\/03\/MOU.-Gobernacion-del-Valle-del-Cauca.-CGES.-I-Cumbre-de-Seguridad-Regional-del-Pacifico.-Buga.-2025-1-718x1024.jpeg 718w, https:\/\/jairolibreros.com\/wp-content\/uploads\/2025\/03\/MOU.-Gobernacion-del-Valle-del-Cauca.-CGES.-I-Cumbre-de-Seguridad-Regional-del-Pacifico.-Buga.-2025-1-768x1095.jpeg 768w, https:\/\/jairolibreros.com\/wp-content\/uploads\/2025\/03\/MOU.-Gobernacion-del-Valle-del-Cauca.-CGES.-I-Cumbre-de-Seguridad-Regional-del-Pacifico.-Buga.-2025-1.jpeg 828w\" sizes=\"(max-width: 210px) 100vw, 210px\" \/><figcaption id=\"caption-attachment-3132\" class=\"wp-caption-text\">MOU sin firmas. I Cumbre de Seguridad Regional del Paci\u0301fico. Mindefensa. Gobernacio\u0301n del Valle del Cauca. CGES. Buga. 28.03.2025<\/figcaption><\/figure>\n<p><span style=\"font-size: 14pt; font-family: tahoma, arial, helvetica, sans-serif;\"><strong>Rueda de prensa<\/strong><\/span><\/p>\n<p><span style=\"font-size: 14pt; font-family: tahoma, arial, helvetica, sans-serif;\">&#8230;<\/span><\/p>\n<ul>\n<li><span style=\"font-family: tahoma, arial, helvetica, sans-serif; font-size: 14pt;\">Buga, 8:00AM. Todo est\u00e1 listo en el CGES. Sin embargo, el mininterior Armando Benedetti no llegar\u00e1 a la I Cumbre. Tampoco el Mintic. El subdirector de la Polic\u00eda Nacional encabezar\u00e1 su delegaci\u00f3n. Y ya no ser\u00e9 relator, sino moderador.<\/span><\/li>\n<li><span style=\"font-family: tahoma, arial, helvetica, sans-serif; font-size: 14pt;\">Buga, 9:00AM. Otra novedad: no voy de relator ni de moderador, sino como maestro de ceremonias.<\/span><\/li>\n<li><span style=\"font-family: tahoma, arial, helvetica, sans-serif; font-size: 14pt;\">Buga, 10:00AM. Instal\u00f3 la I Cumbre la gobernadora del Valle del Cauca Dilian Francisca Toro y el general Pedro S\u00e1nchez, ministro de Defensa Nacional. Mal contadas: aproximadamente, 120 personas en el CGES.<\/span><\/li>\n<\/ul>\n<p><span style=\"font-size: 14pt; font-family: tahoma, arial, helvetica, sans-serif;\">Arranc\u00f3 la I Cumbre con el prop\u00f3sito de dise\u00f1ar la <strong>Estrategia de Seguridad Regional del Pac\u00edfico<\/strong>.<\/span><\/p>\n<p><span style=\"font-family: tahoma, arial, helvetica, sans-serif; font-size: 14pt;\">En la noche escribir\u00e9 sobre los resultados de la <strong>I Cumbre de Seguridad Regional del Pac\u00edfico<\/strong>.<\/span><\/p>\n<p><span style=\"font-size: 14pt; font-family: tahoma, arial, helvetica, sans-serif;\">&#8230;<\/span><\/p>\n<p><span style=\"font-family: tahoma, arial, helvetica, sans-serif; font-size: 14pt;\"><strong>Anexo<\/strong><\/span><\/p>\n<blockquote hcb-fetch-image-from=\"https:\/\/jairolibreros.com\/?p=3536\" class=\"wp-embedded-content\" data-secret=\"OXzEemUa9R\"><p><a href=\"https:\/\/jairolibreros.com\/?p=3536\">Estrategia de seguridad regional del Pac\u00edfico<\/a><\/p><\/blockquote>\n<p><iframe class=\"wp-embedded-content\" sandbox=\"allow-scripts\" security=\"restricted\" style=\"position: absolute; clip: rect(1px, 1px, 1px, 1px);\" title=\"\u00abEstrategia de seguridad regional del Pac\u00edfico\u00bb \u2014 Jairo Libreros\" src=\"https:\/\/jairolibreros.com\/?p=3536&#038;embed=true#?secret=N9P3UwcFhn#?secret=OXzEemUa9R\" data-secret=\"OXzEemUa9R\" width=\"600\" height=\"338\" frameborder=\"0\" marginwidth=\"0\" marginheight=\"0\" scrolling=\"no\"><\/iframe><\/p>\n<p style=\"text-align: right;\"><a href=\"https:\/\/jairolibreros.com\/\"><strong><span style=\"font-family: tahoma, arial, helvetica, sans-serif; font-size: 14pt;\"><span style=\"text-decoration: underline;\">Blog de Jairo Libreros<\/span><\/span><\/strong><\/a><\/p>\n","protected":false},"excerpt":{"rendered":"<p>I Cumbre de Seguridad Regional del Pac\u00edfico (ii) Buga, Valle del Cauca \u00b7 Centro de Gesti\u00f3n de Emergencias y Seguridad, CGES \u00b7 Gobernaci\u00f3n <\/p>\n","protected":false},"author":1,"featured_media":3298,"comment_status":"open","ping_status":"open","sticky":false,"template":"","format":"standard","meta":{"om_disable_all_campaigns":false,"_monsterinsights_skip_tracking":false,"_monsterinsights_sitenote_active":false,"_monsterinsights_sitenote_note":"","_monsterinsights_sitenote_category":0,"footnotes":""},"categories":[1,96],"tags":[54,90,97,53,39],"aioseo_notices":[],"class_list":["post-3078","post","type-post","status-publish","format-standard","has-post-thumbnail","hentry","category-jairo-libreros","category-universidad-externado","tag-comunicacion-politica","tag-seguridad-y-defensa-nacional","tag-inteligencia-estrategica","tag-politicas-publicas","tag-seguridad-ciudadana"],"_links":{"self":[{"href":"https:\/\/jairolibreros.com\/index.php?rest_route=\/wp\/v2\/posts\/3078"}],"collection":[{"href":"https:\/\/jairolibreros.com\/index.php?rest_route=\/wp\/v2\/posts"}],"about":[{"href":"https:\/\/jairolibreros.com\/index.php?rest_route=\/wp\/v2\/types\/post"}],"author":[{"embeddable":true,"href":"https:\/\/jairolibreros.com\/index.php?rest_route=\/wp\/v2\/users\/1"}],"replies":[{"embeddable":true,"href":"https:\/\/jairolibreros.com\/index.php?rest_route=%2Fwp%2Fv2%2Fcomments&post=3078"}],"version-history":[{"count":34,"href":"https:\/\/jairolibreros.com\/index.php?rest_route=\/wp\/v2\/posts\/3078\/revisions"}],"predecessor-version":[{"id":4632,"href":"https:\/\/jairolibreros.com\/index.php?rest_route=\/wp\/v2\/posts\/3078\/revisions\/4632"}],"wp:featuredmedia":[{"embeddable":true,"href":"https:\/\/jairolibreros.com\/index.php?rest_route=\/wp\/v2\/media\/3298"}],"wp:attachment":[{"href":"https:\/\/jairolibreros.com\/index.php?rest_route=%2Fwp%2Fv2%2Fmedia&parent=3078"}],"wp:term":[{"taxonomy":"category","embeddable":true,"href":"https:\/\/jairolibreros.com\/index.php?rest_route=%2Fwp%2Fv2%2Fcategories&post=3078"},{"taxonomy":"post_tag","embeddable":true,"href":"https:\/\/jairolibreros.com\/index.php?rest_route=%2Fwp%2Fv2%2Ftags&post=3078"}],"curies":[{"name":"wp","href":"https:\/\/api.w.org\/{rel}","templated":true}]}}