{"id":3194,"date":"2025-04-04T22:38:16","date_gmt":"2025-04-04T22:38:16","guid":{"rendered":"https:\/\/jairolibreros.com\/?p=3194"},"modified":"2025-09-18T01:11:48","modified_gmt":"2025-09-18T01:11:48","slug":"soy-la-voz-de-quienes-exigimos-un-equilibrio-estrategico-en-el-fortalecimiento-de-las-capacidades-de-la-fuerza-publica","status":"publish","type":"post","link":"https:\/\/jairolibreros.com\/?p=3194","title":{"rendered":"Soy la voz de quienes exigimos un equilibrio estrat\u00e9gico en el fortalecimiento de las capacidades de la Fuerza P\u00fablica"},"content":{"rendered":"<p><span style=\"font-size: 14pt; font-family: tahoma, arial, helvetica, sans-serif;\"><strong>Soy la voz de quienes exigimos un equilibrio estrat\u00e9gico en el fortalecimiento de las capacidades de la Fuerza P\u00fablica<\/strong><\/span><\/p>\n<!--[if lt IE 9]><script>document.createElement('audio');<\/script><![endif]-->\n<audio class=\"wp-audio-shortcode\" id=\"audio-3194-1\" preload=\"none\" style=\"width: 100%;\" controls=\"controls\"><source type=\"audio\/mpeg\" src=\"https:\/\/jairolibreros.com\/wp-content\/uploads\/2025\/04\/SLV-JAIRO-LIBREROS-04-ABR.1329.mp3?_=1\" \/><a href=\"https:\/\/jairolibreros.com\/wp-content\/uploads\/2025\/04\/SLV-JAIRO-LIBREROS-04-ABR.1329.mp3\">https:\/\/jairolibreros.com\/wp-content\/uploads\/2025\/04\/SLV-JAIRO-LIBREROS-04-ABR.1329.mp3<\/a><\/audio>\n<p><span style=\"font-size: 14pt; font-family: tahoma, arial, helvetica, sans-serif;\"><em><a class=\"css-4rbku5 css-18t94o4 css-901oao css-16my406 r-1cvl2hr r-1loqt21 r-poiln3 r-bcqeeo r-1ny4l3l r-1ddef8g r-tjvw6i r-qvutc0\" dir=\"ltr\" role=\"link\" href=\"https:\/\/twitter.com\/hashtag\/SoyLaVoz?src=hashtag_click\">#SoyLaVoz<\/a> \u00b7 La Luci\u00e9rnaga \u00b7 Caracol Radio \u00b7 04.04.2025<\/em><\/span><\/p>\n<p class=\"p1\"><span style=\"font-size: 14pt; font-family: tahoma, arial, helvetica, sans-serif;\">Hola, les habla <b>Jairo Libreros<\/b>, profesor de la Universidad Externado de Colombia, y soy la voz de qui\u00e9nes exigimos un equilibrio estrat\u00e9gico en el fortalecimiento de las capacidades de la Fuerza P\u00fablica para atender los desaf\u00edos de la seguridad y defensa nacional.<\/span><\/p>\n<p class=\"p1\"><span style=\"font-size: 14pt; font-family: tahoma, arial, helvetica, sans-serif;\">Esta semana el presidente Gustavo Petro confirm\u00f3 la renovaci\u00f3n de los aviones de combate de la Fuerza A\u00e9rea Colombiana. Salen los Kfir -viejos, agotados, desactualizados- y llegar\u00e1 una flota tecnol\u00f3gicamente superior de aviones cazas: los Gripen, de bandera sueca.<\/span><\/p>\n<p class=\"p1\"><span style=\"font-size: 14pt; font-family: tahoma, arial, helvetica, sans-serif;\">Muy bien. Saldamos una deuda hist\u00f3rica con el pa\u00eds y con los soldados de aire. Pero \u00bfnuestras tropas de tierra, mar y agua estar\u00e1n bien equipadas? \u00bfNuestros polic\u00edas cuentan con el respaldo tecnol\u00f3gico para disuadir, contener y judicializar al multicrimen?<span class=\"Apple-converted-space\">\u00a0<\/span><\/span><\/p>\n<p class=\"p1\"><span style=\"font-size: 14pt; font-family: tahoma, arial, helvetica, sans-serif;\">La respuesta es sencilla y contundente: NO. La asimetr\u00eda tecnol\u00f3gica es cada d\u00eda mayor. Sin la modernizaci\u00f3n de las Fuerzas Militares y de la Polic\u00eda Nacional estamos condenados a la declaraci\u00f3n de otros estados de conmoci\u00f3n interior. Al registro de mayores alertas tempranas y al conteo ascendente de homicidios, secuestros, extorsiones, asaltos y hurtos.<\/span><\/p>\n<p class=\"p1\"><span style=\"font-size: 14pt; font-family: tahoma, arial, helvetica, sans-serif;\">En conclusi\u00f3n, mejoraremos la seguridad militar a\u00e9rea, pero sin seguridad en la tierra -hablamos de los centros urbanos, de las carreteras y del campo-, no lograremos recuperar el control territorial, vigilar el espacio p\u00fablico y garantizar la seguridad ciudadana.<\/span><\/p>\n<p style=\"text-align: right;\"><a href=\"https:\/\/jairolibreros.com\/\"><strong><span style=\"text-decoration: underline;\"><span style=\"font-family: tahoma, arial, helvetica, sans-serif; font-size: 14pt;\">Blog de Jairo Libreros<\/span><\/span><\/strong><\/a><\/p>\n","protected":false},"excerpt":{"rendered":"<p>Soy la voz de quienes exigimos un equilibrio estrat\u00e9gico en el fortalecimiento de las capacidades de la Fuerza P\u00fablica #SoyLaVoz \u00b7 La Luci\u00e9rnaga <\/p>\n","protected":false},"author":1,"featured_media":428,"comment_status":"open","ping_status":"open","sticky":false,"template":"","format":"standard","meta":{"om_disable_all_campaigns":false,"_monsterinsights_skip_tracking":false,"_monsterinsights_sitenote_active":false,"_monsterinsights_sitenote_note":"","_monsterinsights_sitenote_category":0,"footnotes":""},"categories":[94,1],"tags":[90,53,39],"aioseo_notices":[],"class_list":["post-3194","post","type-post","status-publish","format-standard","has-post-thumbnail","hentry","category-caracol-radio","category-jairo-libreros","tag-seguridad-y-defensa-nacional","tag-politicas-publicas","tag-seguridad-ciudadana"],"_links":{"self":[{"href":"https:\/\/jairolibreros.com\/index.php?rest_route=\/wp\/v2\/posts\/3194"}],"collection":[{"href":"https:\/\/jairolibreros.com\/index.php?rest_route=\/wp\/v2\/posts"}],"about":[{"href":"https:\/\/jairolibreros.com\/index.php?rest_route=\/wp\/v2\/types\/post"}],"author":[{"embeddable":true,"href":"https:\/\/jairolibreros.com\/index.php?rest_route=\/wp\/v2\/users\/1"}],"replies":[{"embeddable":true,"href":"https:\/\/jairolibreros.com\/index.php?rest_route=%2Fwp%2Fv2%2Fcomments&post=3194"}],"version-history":[{"count":7,"href":"https:\/\/jairolibreros.com\/index.php?rest_route=\/wp\/v2\/posts\/3194\/revisions"}],"predecessor-version":[{"id":4636,"href":"https:\/\/jairolibreros.com\/index.php?rest_route=\/wp\/v2\/posts\/3194\/revisions\/4636"}],"wp:featuredmedia":[{"embeddable":true,"href":"https:\/\/jairolibreros.com\/index.php?rest_route=\/wp\/v2\/media\/428"}],"wp:attachment":[{"href":"https:\/\/jairolibreros.com\/index.php?rest_route=%2Fwp%2Fv2%2Fmedia&parent=3194"}],"wp:term":[{"taxonomy":"category","embeddable":true,"href":"https:\/\/jairolibreros.com\/index.php?rest_route=%2Fwp%2Fv2%2Fcategories&post=3194"},{"taxonomy":"post_tag","embeddable":true,"href":"https:\/\/jairolibreros.com\/index.php?rest_route=%2Fwp%2Fv2%2Ftags&post=3194"}],"curies":[{"name":"wp","href":"https:\/\/api.w.org\/{rel}","templated":true}]}}