{"id":325,"date":"2022-05-16T23:00:22","date_gmt":"2022-05-16T23:00:22","guid":{"rendered":"https:\/\/jairolibreros.com\/?p=325"},"modified":"2025-09-09T22:21:04","modified_gmt":"2025-09-09T22:21:04","slug":"la-crisis-de-orden-publico-en-la-administracion-duque","status":"publish","type":"post","link":"https:\/\/jairolibreros.com\/?p=325","title":{"rendered":"La crisis de orden p\u00fablico en la administraci\u00f3n Duque"},"content":{"rendered":"<p><span style=\"font-size: 14pt;\"><strong>La crisis de orden p\u00fablico en la administraci\u00f3n Duque<\/strong><\/span><\/p>\n<p><span style=\"font-size: 14pt;\"><strong>Jairo Libreros<\/strong>, profesor titular de seguridad y defensa nacional de la Universidad Externado de Colombia: &#8220;La crisis de orden p\u00fablico obedece a una crisis de liderazgo del Gobierno, pero al otro d\u00eda dan golpes mucho m\u00e1s fuertes contra las fuerzas armadas\u201d.<\/span><\/p>\n<blockquote hcb-fetch-image-from=\"https:\/\/twitter.com\/RTVCnoticias\/status\/1432872426728300544?s=20&amp;t=51nZKLn5ljjSabzXM1vi2w\" class=\"twitter-tweet\" data-width=\"550\" data-dnt=\"true\">\n<p lang=\"es\" dir=\"ltr\"><a href=\"https:\/\/twitter.com\/hashtag\/HablemosDe?src=hash&amp;ref_src=twsrc%5Etfw\">#HablemosDe<\/a> \u201cLa crisis de orden p\u00fablico obedece a una crisis de liderazgo del Gobierno, pero al otro d\u00eda dan golpes mucho m\u00e1s fuertes contra las fuerzas armadas\u201d, <a href=\"https:\/\/twitter.com\/JairoLibreros?ref_src=twsrc%5Etfw\">@JairoLibreros<\/a> <a href=\"https:\/\/twitter.com\/hashtag\/EnVivo?src=hash&amp;ref_src=twsrc%5Etfw\">#EnVivo<\/a> \ud83d\udc49<a href=\"https:\/\/t.co\/8j26qToVCP\">https:\/\/t.co\/8j26qToVCP<\/a> <a href=\"https:\/\/t.co\/cMxHM9FrBG\">pic.twitter.com\/cMxHM9FrBG<\/a><\/p>\n<p>&mdash; RTVC Noticias (@RTVCnoticias) <a href=\"https:\/\/twitter.com\/RTVCnoticias\/status\/1432872426728300544?ref_src=twsrc%5Etfw\">September 1, 2021<\/a><\/p><\/blockquote>\n<p><script async src=\"https:\/\/platform.twitter.com\/widgets.js\" charset=\"utf-8\"><\/script><\/p>\n","protected":false},"excerpt":{"rendered":"<p>La crisis de orden p\u00fablico en la administraci\u00f3n Duque Jairo Libreros, profesor titular de seguridad y defensa nacional de la Universidad Externado de <\/p>\n","protected":false},"author":1,"featured_media":425,"comment_status":"open","ping_status":"open","sticky":false,"template":"","format":"standard","meta":{"om_disable_all_campaigns":false,"_monsterinsights_skip_tracking":false,"_monsterinsights_sitenote_active":false,"_monsterinsights_sitenote_note":"","_monsterinsights_sitenote_category":0,"footnotes":""},"categories":[1,96],"tags":[90,37,53,39],"aioseo_notices":[],"class_list":["post-325","post","type-post","status-publish","format-standard","has-post-thumbnail","hentry","category-jairo-libreros","category-universidad-externado","tag-seguridad-y-defensa-nacional","tag-movilizacion-social","tag-politicas-publicas","tag-seguridad-ciudadana"],"_links":{"self":[{"href":"https:\/\/jairolibreros.com\/index.php?rest_route=\/wp\/v2\/posts\/325"}],"collection":[{"href":"https:\/\/jairolibreros.com\/index.php?rest_route=\/wp\/v2\/posts"}],"about":[{"href":"https:\/\/jairolibreros.com\/index.php?rest_route=\/wp\/v2\/types\/post"}],"author":[{"embeddable":true,"href":"https:\/\/jairolibreros.com\/index.php?rest_route=\/wp\/v2\/users\/1"}],"replies":[{"embeddable":true,"href":"https:\/\/jairolibreros.com\/index.php?rest_route=%2Fwp%2Fv2%2Fcomments&post=325"}],"version-history":[{"count":5,"href":"https:\/\/jairolibreros.com\/index.php?rest_route=\/wp\/v2\/posts\/325\/revisions"}],"predecessor-version":[{"id":1908,"href":"https:\/\/jairolibreros.com\/index.php?rest_route=\/wp\/v2\/posts\/325\/revisions\/1908"}],"wp:featuredmedia":[{"embeddable":true,"href":"https:\/\/jairolibreros.com\/index.php?rest_route=\/wp\/v2\/media\/425"}],"wp:attachment":[{"href":"https:\/\/jairolibreros.com\/index.php?rest_route=%2Fwp%2Fv2%2Fmedia&parent=325"}],"wp:term":[{"taxonomy":"category","embeddable":true,"href":"https:\/\/jairolibreros.com\/index.php?rest_route=%2Fwp%2Fv2%2Fcategories&post=325"},{"taxonomy":"post_tag","embeddable":true,"href":"https:\/\/jairolibreros.com\/index.php?rest_route=%2Fwp%2Fv2%2Ftags&post=325"}],"curies":[{"name":"wp","href":"https:\/\/api.w.org\/{rel}","templated":true}]}}