{"id":3263,"date":"2025-04-08T14:37:21","date_gmt":"2025-04-08T14:37:21","guid":{"rendered":"https:\/\/jairolibreros.com\/?p=3263"},"modified":"2025-09-18T01:12:37","modified_gmt":"2025-09-18T01:12:37","slug":"sede-de-interpol-en-barranquilla-paso-clave-contra-el-crimen","status":"publish","type":"post","link":"https:\/\/jairolibreros.com\/?p=3263","title":{"rendered":"Sede de Interpol en Barranquilla, paso clave contra el crimen"},"content":{"rendered":"<p><span style=\"font-size: 14pt; font-family: tahoma, arial, helvetica, sans-serif;\"><strong>Sede de Interpol en Barranquilla, paso clave contra el crimen<\/strong><\/span><\/p>\n<p><span style=\"font-size: 14pt; font-family: tahoma, arial, helvetica, sans-serif;\"><em>El Heraldo \u00b7 Redacci\u00f3n Judicial \u00b7 08.04.2025<\/em><\/span><\/p>\n<!--[if lt IE 9]><script>document.createElement('audio');<\/script><![endif]-->\n<audio class=\"wp-audio-shortcode\" id=\"audio-3263-1\" preload=\"none\" style=\"width: 100%;\" controls=\"controls\"><source type=\"audio\/mpeg\" src=\"https:\/\/jairolibreros.com\/wp-content\/uploads\/2025\/04\/AUDIO-2025-04-07-14-53-03.m4a?_=1\" \/><a href=\"https:\/\/jairolibreros.com\/wp-content\/uploads\/2025\/04\/AUDIO-2025-04-07-14-53-03.m4a\">https:\/\/jairolibreros.com\/wp-content\/uploads\/2025\/04\/AUDIO-2025-04-07-14-53-03.m4a<\/a><\/audio>\n<p>&nbsp;<\/p>\n<p class=\"p1\"><span style=\"font-size: 14pt; font-family: tahoma, arial, helvetica, sans-serif;\">Dos temas son fundamentales para Barranquilla como ciudad portuaria, mar\u00edtima y fluvial y como ciudad objetivo presente y futuro del crimen transnacional organizado, que pretender\u00e1 convertirla en un centro de comando criminal.<\/span><\/p>\n<p class=\"p1\"><span style=\"font-size: 14pt; font-family: tahoma, arial, helvetica, sans-serif;\">De un lado, la oficina de Interpol territorializar\u00e1 las actividades de la polic\u00eda internacional, y del otro, es oficina facilitar\u00e1 la innovaci\u00f3n de est\u00e1ndares de buenas practicas policiales.<\/span><\/p>\n<p class=\"p1\"><span style=\"font-size: 14pt; font-family: tahoma, arial, helvetica, sans-serif;\">Sobre la territorializaci\u00f3n de Interpol, la oficina y sus conexiones locales institucionales ser\u00e1 un obst\u00e1culo para el crimen internacional, que solo puede garantizar la seguridad de sus operaciones delictivas mediante el control del espacio p\u00fablico y v\u00eda la cooptaci\u00f3n de las autoridades metropolitanas por medio de la corrupci\u00f3n.<\/span><\/p>\n<p class=\"p1\"><span style=\"font-size: 14pt; font-family: tahoma, arial, helvetica, sans-serif;\">Y sobre los est\u00e1ndares, Interpol de la mano de la Polic\u00eda Nacional con la alcald\u00eda de Barranquilla y con la gobernaci\u00f3n del Atl\u00e1ntico tendr\u00e1n que crear procesos y procedimientos locales y regionales para definir sus operaciones. No hablo de un ejercicio de ensayo y error, me refiero a la necesidad de encontrar nuevas hojas de ruta para fortalecer el cumplimiento de sus funciones.<\/span><\/p>\n<p class=\"p1\"><span style=\"font-size: 14pt; font-family: tahoma, arial, helvetica, sans-serif;\">En conclusi\u00f3n, Barranquilla, el Atl\u00e1ntico, la regi\u00f3n Caribe y Colombia, en el corto plazo, se convertir\u00e1n en un modelo policial de alcances internacionales, que redundar\u00e1 en mayores garant\u00edas de seguridad ciudadana para sus habitantes.<\/span><\/p>\n<p><span style=\"font-size: 14pt; font-family: tahoma, arial, helvetica, sans-serif;\">El audio con mi an\u00e1lisis es el siguiente:<\/span><\/p>\n<p><span style=\"font-size: 14pt; font-family: tahoma, arial, helvetica, sans-serif;\">El link de El Heraldo con mi an\u00e1lisis es el siguiente:<\/span><\/p>\n<p><span style=\"font-size: 14pt; font-family: tahoma, arial, helvetica, sans-serif;\"><span style=\"text-decoration: underline;\"><a href=\"https:\/\/www.elheraldo.co\/judicial\/2025\/04\/07\/vamos-a-tener-una-sede-de-la-interpol-en-barranquilla-alcalde-char\/\">https:\/\/www.elheraldo.co\/judicial\/2025\/04\/07\/vamos-a-tener-una-sede-de-la-interpol-en-barranquilla-alcalde-char\/<\/a><\/span>\u00a0<\/span><\/p>\n<p style=\"text-align: right;\"><a href=\"https:\/\/jairolibreros.com\/\"><strong><span style=\"text-decoration: underline;\"><span style=\"font-family: tahoma, arial, helvetica, sans-serif; font-size: 14pt;\">Blog de Jairo Libreros<\/span><\/span><\/strong><\/a><\/p>\n","protected":false},"excerpt":{"rendered":"<p>Sede de Interpol en Barranquilla, paso clave contra el crimen El Heraldo \u00b7 Redacci\u00f3n Judicial \u00b7 08.04.2025 &nbsp; Dos temas son fundamentales para <\/p>\n","protected":false},"author":1,"featured_media":425,"comment_status":"open","ping_status":"open","sticky":false,"template":"","format":"standard","meta":{"om_disable_all_campaigns":false,"_monsterinsights_skip_tracking":false,"_monsterinsights_sitenote_active":false,"_monsterinsights_sitenote_note":"","_monsterinsights_sitenote_category":0,"footnotes":""},"categories":[1],"tags":[64,53,39],"aioseo_notices":[],"class_list":["post-3263","post","type-post","status-publish","format-standard","has-post-thumbnail","hentry","category-jairo-libreros","tag-politica-internacional","tag-politicas-publicas","tag-seguridad-ciudadana"],"_links":{"self":[{"href":"https:\/\/jairolibreros.com\/index.php?rest_route=\/wp\/v2\/posts\/3263"}],"collection":[{"href":"https:\/\/jairolibreros.com\/index.php?rest_route=\/wp\/v2\/posts"}],"about":[{"href":"https:\/\/jairolibreros.com\/index.php?rest_route=\/wp\/v2\/types\/post"}],"author":[{"embeddable":true,"href":"https:\/\/jairolibreros.com\/index.php?rest_route=\/wp\/v2\/users\/1"}],"replies":[{"embeddable":true,"href":"https:\/\/jairolibreros.com\/index.php?rest_route=%2Fwp%2Fv2%2Fcomments&post=3263"}],"version-history":[{"count":6,"href":"https:\/\/jairolibreros.com\/index.php?rest_route=\/wp\/v2\/posts\/3263\/revisions"}],"predecessor-version":[{"id":4637,"href":"https:\/\/jairolibreros.com\/index.php?rest_route=\/wp\/v2\/posts\/3263\/revisions\/4637"}],"wp:featuredmedia":[{"embeddable":true,"href":"https:\/\/jairolibreros.com\/index.php?rest_route=\/wp\/v2\/media\/425"}],"wp:attachment":[{"href":"https:\/\/jairolibreros.com\/index.php?rest_route=%2Fwp%2Fv2%2Fmedia&parent=3263"}],"wp:term":[{"taxonomy":"category","embeddable":true,"href":"https:\/\/jairolibreros.com\/index.php?rest_route=%2Fwp%2Fv2%2Fcategories&post=3263"},{"taxonomy":"post_tag","embeddable":true,"href":"https:\/\/jairolibreros.com\/index.php?rest_route=%2Fwp%2Fv2%2Ftags&post=3263"}],"curies":[{"name":"wp","href":"https:\/\/api.w.org\/{rel}","templated":true}]}}