{"id":3267,"date":"2025-04-10T12:10:02","date_gmt":"2025-04-10T12:10:02","guid":{"rendered":"https:\/\/jairolibreros.com\/?p=3267"},"modified":"2025-10-22T14:21:44","modified_gmt":"2025-10-22T14:21:44","slug":"soy-la-voz-de-quienes-exigimos-el-respeto-a-los-derechos-humanos-en-la-toma-de-decisiones-de-politica-publica-sobre-el-uso-del-glifosato-para-erradicar-los-cultivos-ilicitos","status":"publish","type":"post","link":"https:\/\/jairolibreros.com\/?p=3267","title":{"rendered":"Soy la voz de quienes exigimos el respeto a los Derechos Humanos en la toma de decisiones de pol\u00edtica p\u00fablica sobre el uso del glifosato para erradicar los cultivos il\u00edcitos"},"content":{"rendered":"<p><span style=\"font-family: tahoma, arial, helvetica, sans-serif; font-size: 14pt;\"><strong>Soy la voz de quienes exigimos el respeto a los Derechos Humanos en la toma de decisiones de pol\u00edtica p\u00fablica sobre el uso del glifosato para erradicar los cultivos il\u00edcitos<\/strong><\/span><\/p>\n<p><span style=\"font-family: tahoma, arial, helvetica, sans-serif; font-size: 14pt;\"><em><a class=\"css-4rbku5 css-18t94o4 css-901oao css-16my406 r-1cvl2hr r-1loqt21 r-poiln3 r-bcqeeo r-1ny4l3l r-1ddef8g r-tjvw6i r-qvutc0\" dir=\"ltr\" role=\"link\" href=\"https:\/\/twitter.com\/hashtag\/SoyLaVoz?src=hashtag_click\">#SoyLaVoz<\/a> \u00b7 6AM \u00b7 Caracol Radio \u00b7 10.04.2025<\/em><\/span><\/p>\n<!--[if lt IE 9]><script>document.createElement('audio');<\/script><![endif]-->\n<audio class=\"wp-audio-shortcode\" id=\"audio-3267-1\" preload=\"none\" style=\"width: 100%;\" controls=\"controls\"><source type=\"audio\/mpeg\" src=\"https:\/\/jairolibreros.com\/wp-content\/uploads\/2025\/04\/AUDIO-2025-04-09-21-21-30.m4a?_=1\" \/><a href=\"https:\/\/jairolibreros.com\/wp-content\/uploads\/2025\/04\/AUDIO-2025-04-09-21-21-30.m4a\">https:\/\/jairolibreros.com\/wp-content\/uploads\/2025\/04\/AUDIO-2025-04-09-21-21-30.m4a<\/a><\/audio>\n<p>&nbsp;<\/p>\n<p class=\"p1\"><span style=\"font-family: tahoma, arial, helvetica, sans-serif; font-size: 14pt;\">Hola, les habla <b>Jairo Libreros<\/b>, profesor de la Universidad Externado de Colombia, y soy la voz de qui\u00e9nes exigimos el respeto a los Derechos Humanos en la toma de decisiones de pol\u00edtica p\u00fablica sobre el uso del glifosato para erradicar los cultivos il\u00edcitos.<\/span><\/p>\n<p class=\"p1\"><span style=\"font-family: tahoma, arial, helvetica, sans-serif; font-size: 14pt;\">La improvisaci\u00f3n siempre es una mala consejera. Pero cuando hablamos de la gesti\u00f3n de las pol\u00edticas p\u00fablicas el resultado puede ser, parafraseando a Marx, una tragedia o una farsa.<\/span><\/p>\n<p class=\"p1\"><span style=\"font-family: tahoma, arial, helvetica, sans-serif; font-size: 14pt;\">El Gobierno Nacional no ha publicado un solo estudio sobre el impacto en salud p\u00fablica por el uso del glifosato para la erradicaci\u00f3n manual de los cultivos il\u00edcitos.<span class=\"Apple-converted-space\">\u00a0<\/span><\/span><\/p>\n<p class=\"p1\"><span style=\"font-family: tahoma, arial, helvetica, sans-serif; font-size: 14pt;\">Algunos dir\u00e1n que esa restricci\u00f3n solo se estableci\u00f3 para la aspersi\u00f3n a\u00e9rea. Pero tenemos que recordarles que esa limitaci\u00f3n se estableci\u00f3 en aplicaci\u00f3n del principio de precauci\u00f3n en materia de Salud y Derechos Humanos.<\/span><\/p>\n<p class=\"p1\"><span style=\"font-family: tahoma, arial, helvetica, sans-serif; font-size: 14pt;\">Esta improvisaci\u00f3n terminar\u00eda en tragedia. Pero el eco de la decisi\u00f3n, el parto de los montes, result\u00f3 en farsa: el presidente Gustavo Petro neg\u00f3 haber ordenado el uso del glifosato para la erradicaci\u00f3n manual de los cultivos il\u00edcitos.<\/span><\/p>\n<p class=\"p1\"><span style=\"font-family: tahoma, arial, helvetica, sans-serif; font-size: 14pt;\">En conclusi\u00f3n, la improvisaci\u00f3n marxista es la nota caracter\u00edstica en la toma de decisiones de pol\u00edtica p\u00fablica del gobierno del presidente Gustavo Petro.<\/span><\/p>\n<p style=\"text-align: right;\"><a href=\"https:\/\/jairolibreros.com\/\"><strong><span style=\"text-decoration: underline;\"><span style=\"font-family: tahoma, arial, helvetica, sans-serif; font-size: 14pt;\">Blog de Jairo Libreros<\/span><\/span><\/strong><\/a><\/p>\n","protected":false},"excerpt":{"rendered":"<p>Soy la voz de quienes exigimos el respeto a los Derechos Humanos en la toma de decisiones de pol\u00edtica p\u00fablica sobre el uso <\/p>\n","protected":false},"author":1,"featured_media":428,"comment_status":"open","ping_status":"open","sticky":false,"template":"","format":"standard","meta":{"om_disable_all_campaigns":false,"_monsterinsights_skip_tracking":false,"_monsterinsights_sitenote_active":false,"_monsterinsights_sitenote_note":"","_monsterinsights_sitenote_category":0,"footnotes":""},"categories":[94,1],"tags":[54,98,53,39],"aioseo_notices":[],"class_list":["post-3267","post","type-post","status-publish","format-standard","has-post-thumbnail","hentry","category-caracol-radio","category-jairo-libreros","tag-comunicacion-politica","tag-derechos-humanos","tag-politicas-publicas","tag-seguridad-ciudadana"],"_links":{"self":[{"href":"https:\/\/jairolibreros.com\/index.php?rest_route=\/wp\/v2\/posts\/3267"}],"collection":[{"href":"https:\/\/jairolibreros.com\/index.php?rest_route=\/wp\/v2\/posts"}],"about":[{"href":"https:\/\/jairolibreros.com\/index.php?rest_route=\/wp\/v2\/types\/post"}],"author":[{"embeddable":true,"href":"https:\/\/jairolibreros.com\/index.php?rest_route=\/wp\/v2\/users\/1"}],"replies":[{"embeddable":true,"href":"https:\/\/jairolibreros.com\/index.php?rest_route=%2Fwp%2Fv2%2Fcomments&post=3267"}],"version-history":[{"count":9,"href":"https:\/\/jairolibreros.com\/index.php?rest_route=\/wp\/v2\/posts\/3267\/revisions"}],"predecessor-version":[{"id":4638,"href":"https:\/\/jairolibreros.com\/index.php?rest_route=\/wp\/v2\/posts\/3267\/revisions\/4638"}],"wp:featuredmedia":[{"embeddable":true,"href":"https:\/\/jairolibreros.com\/index.php?rest_route=\/wp\/v2\/media\/428"}],"wp:attachment":[{"href":"https:\/\/jairolibreros.com\/index.php?rest_route=%2Fwp%2Fv2%2Fmedia&parent=3267"}],"wp:term":[{"taxonomy":"category","embeddable":true,"href":"https:\/\/jairolibreros.com\/index.php?rest_route=%2Fwp%2Fv2%2Fcategories&post=3267"},{"taxonomy":"post_tag","embeddable":true,"href":"https:\/\/jairolibreros.com\/index.php?rest_route=%2Fwp%2Fv2%2Ftags&post=3267"}],"curies":[{"name":"wp","href":"https:\/\/api.w.org\/{rel}","templated":true}]}}