{"id":332,"date":"2022-05-16T23:11:58","date_gmt":"2022-05-16T23:11:58","guid":{"rendered":"https:\/\/jairolibreros.com\/?p=332"},"modified":"2023-06-14T01:12:07","modified_gmt":"2023-06-14T01:12:07","slug":"quien-responde-por-la-seguridad-los-alcaldes-la-policia-o-la-fiscalia","status":"publish","type":"post","link":"https:\/\/jairolibreros.com\/?p=332","title":{"rendered":"\u00bfQui\u00e9n responde por la seguridad: los alcaldes, la polic\u00eda o la fiscal\u00eda?"},"content":{"rendered":"<p><span style=\"font-size: 14pt;\"><strong>\u00bfQui\u00e9n responde por la seguridad: los alcaldes, la polic\u00eda o la fiscal\u00eda?<\/strong><\/span><\/p>\n<p><span style=\"font-size: 14pt;\"><strong>Jairo Libreros<\/strong>, analista permanente de NTN24: &#8220;Claro que le est\u00e1 quedando grande la seguridad a diferentes alcaldes especialmente, pero tambi\u00e9n a la polic\u00eda y de manera particular a la fiscal\u00eda&#8221;.<\/span><\/p>\n<blockquote hcb-fetch-image-from=\"https:\/\/twitter.com\/LaNocheNTN24\/status\/1433584426013822982?s=20&amp;t=51nZKLn5ljjSabzXM1vi2w\" class=\"twitter-tweet\" data-width=\"550\" data-dnt=\"true\">\n<p lang=\"es\" dir=\"ltr\">&quot;Claro que le est\u00e1 quedando grande la seguridad a diferentes alcaldes especialmente, pero tambi\u00e9n a la polic\u00eda y de manera particular a la fiscal\u00eda&quot;: analista pol\u00edtico <a href=\"https:\/\/twitter.com\/JairoLibreros?ref_src=twsrc%5Etfw\">@JairoLibreros<\/a>  en <a href=\"https:\/\/twitter.com\/LaNocheNTN24?ref_src=twsrc%5Etfw\">@LaNocheNTN24<\/a> <a href=\"https:\/\/twitter.com\/NTN24?ref_src=twsrc%5Etfw\">@NTN24<\/a> <a href=\"https:\/\/twitter.com\/CanalRCN?ref_src=twsrc%5Etfw\">@CanalRCN<\/a> Dirige <a href=\"https:\/\/twitter.com\/CGurisattiNTN24?ref_src=twsrc%5Etfw\">@CGurisattiNTN24<\/a> | Opinen <a href=\"https:\/\/twitter.com\/hashtag\/InseguridadEnBogot%C3%A1?src=hash&amp;ref_src=twsrc%5Etfw\">#InseguridadEnBogot\u00e1<\/a> <a href=\"https:\/\/t.co\/CjYgqelwma\">pic.twitter.com\/CjYgqelwma<\/a><\/p>\n<p>&mdash; La Noche NTN24 (@LaNocheNTN24) <a href=\"https:\/\/twitter.com\/LaNocheNTN24\/status\/1433584426013822982?ref_src=twsrc%5Etfw\">September 3, 2021<\/a><\/p><\/blockquote>\n<p><script async src=\"https:\/\/platform.twitter.com\/widgets.js\" charset=\"utf-8\"><\/script><\/p>\n","protected":false},"excerpt":{"rendered":"<p>\u00bfQui\u00e9n responde por la seguridad: los alcaldes, la polic\u00eda o la fiscal\u00eda? Jairo Libreros, analista permanente de NTN24: &#8220;Claro que le est\u00e1 quedando <\/p>\n","protected":false},"author":1,"featured_media":285,"comment_status":"open","ping_status":"open","sticky":false,"template":"","format":"standard","meta":{"om_disable_all_campaigns":false,"_monsterinsights_skip_tracking":false,"_monsterinsights_sitenote_active":false,"_monsterinsights_sitenote_note":"","_monsterinsights_sitenote_category":0,"footnotes":""},"categories":[1],"tags":[53,39],"aioseo_notices":[],"class_list":["post-332","post","type-post","status-publish","format-standard","has-post-thumbnail","hentry","category-jairo-libreros","tag-politicas-publicas","tag-seguridad-ciudadana"],"_links":{"self":[{"href":"https:\/\/jairolibreros.com\/index.php?rest_route=\/wp\/v2\/posts\/332"}],"collection":[{"href":"https:\/\/jairolibreros.com\/index.php?rest_route=\/wp\/v2\/posts"}],"about":[{"href":"https:\/\/jairolibreros.com\/index.php?rest_route=\/wp\/v2\/types\/post"}],"author":[{"embeddable":true,"href":"https:\/\/jairolibreros.com\/index.php?rest_route=\/wp\/v2\/users\/1"}],"replies":[{"embeddable":true,"href":"https:\/\/jairolibreros.com\/index.php?rest_route=%2Fwp%2Fv2%2Fcomments&post=332"}],"version-history":[{"count":5,"href":"https:\/\/jairolibreros.com\/index.php?rest_route=\/wp\/v2\/posts\/332\/revisions"}],"predecessor-version":[{"id":1942,"href":"https:\/\/jairolibreros.com\/index.php?rest_route=\/wp\/v2\/posts\/332\/revisions\/1942"}],"wp:featuredmedia":[{"embeddable":true,"href":"https:\/\/jairolibreros.com\/index.php?rest_route=\/wp\/v2\/media\/285"}],"wp:attachment":[{"href":"https:\/\/jairolibreros.com\/index.php?rest_route=%2Fwp%2Fv2%2Fmedia&parent=332"}],"wp:term":[{"taxonomy":"category","embeddable":true,"href":"https:\/\/jairolibreros.com\/index.php?rest_route=%2Fwp%2Fv2%2Fcategories&post=332"},{"taxonomy":"post_tag","embeddable":true,"href":"https:\/\/jairolibreros.com\/index.php?rest_route=%2Fwp%2Fv2%2Ftags&post=332"}],"curies":[{"name":"wp","href":"https:\/\/api.w.org\/{rel}","templated":true}]}}