{"id":334,"date":"2022-05-16T23:20:46","date_gmt":"2022-05-16T23:20:46","guid":{"rendered":"https:\/\/jairolibreros.com\/?p=334"},"modified":"2025-09-09T22:36:30","modified_gmt":"2025-09-09T22:36:30","slug":"la-caida-de-la-cadena-perpetua-y-encuesta-invamer","status":"publish","type":"post","link":"https:\/\/jairolibreros.com\/?p=334","title":{"rendered":"La ca\u00edda de la cadena perpetua y encuesta Invamer"},"content":{"rendered":"<p><span style=\"font-size: 14pt;\"><strong>La ca\u00edda de la cadena perpetua y encuesta Invamer<\/strong><\/span><\/p>\n<p><span style=\"font-size: 14pt;\"><strong>Jairo Libreros<\/strong>, panelista Hora20 de Caracol Radio: los &#8220;alcaldes est\u00e1n casi solos en esta lucha contra la delincuencia&#8221;.<\/span><\/p>\n<p><span style=\"font-size: 14pt;\"><strong>Panelistas plantearon que era predecible la ca\u00edda de la cadena perpetua; plantean que cifras negativas de la encuesta obedecen en parte al discurso<\/strong><\/span><\/p>\n<p><span style=\"font-size: 14pt;\"><strong>Jairo Libreros<\/strong>, abogado, profesor universitario, experto en asuntos de seguridad, coment\u00f3 que en temas de seguridad es necesario un liderazgo un poco m\u00e1s claro. &#8220;En \u00faltimas administraciones vimos una pol\u00edtica de seguridad ciudadana en una pol\u00edtica marco,\u00a0<strong>pero alcaldes est\u00e1n casi solos en esta lucha contra la delincuencia&#8221;, y agrega que la justicia,<\/strong>\u00a0especialmente la penal en medio del procedimiento de recoger evidencias es la m\u00e1s d\u00e9bil en el asunto de seguridad. Tambi\u00e9n afirm\u00f3 que en Bogot\u00e1 parece que hay cuatro primeras autoridades de polic\u00eda: &#8220;constitucionalmente es la alcaldesa, pero presidente se disfraza de polic\u00eda y dos ministros que quieren mostrar resultado que se quieren llevar por encima la institucionalidad&#8221;.<\/span><\/p>\n<p><span style=\"font-size: 14pt;\"><a href=\"https:\/\/caracol.com.co\/programa\/2021\/09\/04\/hora_20\/1630724040_622490.html\">https:\/\/caracol.com.co\/programa\/2021\/09\/04\/hora_20\/1630724040_622490.html<\/a><\/span><\/p>\n","protected":false},"excerpt":{"rendered":"<p>La ca\u00edda de la cadena perpetua y encuesta Invamer Jairo Libreros, panelista Hora20 de Caracol Radio: los &#8220;alcaldes est\u00e1n casi solos en esta <\/p>\n","protected":false},"author":1,"featured_media":428,"comment_status":"open","ping_status":"open","sticky":false,"template":"","format":"standard","meta":{"om_disable_all_campaigns":false,"_monsterinsights_skip_tracking":false,"_monsterinsights_sitenote_active":false,"_monsterinsights_sitenote_note":"","_monsterinsights_sitenote_category":0,"footnotes":""},"categories":[94,1],"tags":[54,90,39],"aioseo_notices":[],"class_list":["post-334","post","type-post","status-publish","format-standard","has-post-thumbnail","hentry","category-caracol-radio","category-jairo-libreros","tag-comunicacion-politica","tag-seguridad-y-defensa-nacional","tag-seguridad-ciudadana"],"_links":{"self":[{"href":"https:\/\/jairolibreros.com\/index.php?rest_route=\/wp\/v2\/posts\/334"}],"collection":[{"href":"https:\/\/jairolibreros.com\/index.php?rest_route=\/wp\/v2\/posts"}],"about":[{"href":"https:\/\/jairolibreros.com\/index.php?rest_route=\/wp\/v2\/types\/post"}],"author":[{"embeddable":true,"href":"https:\/\/jairolibreros.com\/index.php?rest_route=\/wp\/v2\/users\/1"}],"replies":[{"embeddable":true,"href":"https:\/\/jairolibreros.com\/index.php?rest_route=%2Fwp%2Fv2%2Fcomments&post=334"}],"version-history":[{"count":6,"href":"https:\/\/jairolibreros.com\/index.php?rest_route=\/wp\/v2\/posts\/334\/revisions"}],"predecessor-version":[{"id":1911,"href":"https:\/\/jairolibreros.com\/index.php?rest_route=\/wp\/v2\/posts\/334\/revisions\/1911"}],"wp:featuredmedia":[{"embeddable":true,"href":"https:\/\/jairolibreros.com\/index.php?rest_route=\/wp\/v2\/media\/428"}],"wp:attachment":[{"href":"https:\/\/jairolibreros.com\/index.php?rest_route=%2Fwp%2Fv2%2Fmedia&parent=334"}],"wp:term":[{"taxonomy":"category","embeddable":true,"href":"https:\/\/jairolibreros.com\/index.php?rest_route=%2Fwp%2Fv2%2Fcategories&post=334"},{"taxonomy":"post_tag","embeddable":true,"href":"https:\/\/jairolibreros.com\/index.php?rest_route=%2Fwp%2Fv2%2Ftags&post=334"}],"curies":[{"name":"wp","href":"https:\/\/api.w.org\/{rel}","templated":true}]}}