{"id":336,"date":"2022-05-16T23:30:26","date_gmt":"2022-05-16T23:30:26","guid":{"rendered":"https:\/\/jairolibreros.com\/?p=336"},"modified":"2025-09-06T22:41:28","modified_gmt":"2025-09-06T22:41:28","slug":"las-causas-de-la-inseguridad-ciudadana","status":"publish","type":"post","link":"https:\/\/jairolibreros.com\/?p=336","title":{"rendered":"Las causas de la inseguridad ciudadana"},"content":{"rendered":"<p><span style=\"font-size: 14pt;\"><strong>Las causas de la inseguridad ciudadana<\/strong><\/span><\/p>\n<p class=\"x_MsoNormal\"><span style=\"font-size: 14pt;\"><strong>Jairo Libreros<\/strong>, panelista Hora20 de Caracol Radio: el \u201c\u00e9xito\u201d de la carrera delictiva en el caso colombiano.<\/span><\/p>\n<p><span style=\"font-size: 14pt;\"><strong>Planes de intervenci\u00f3n: \u00bfla clave para mejorar la seguridad ciudadana?<\/strong><\/span><\/p>\n<p><span style=\"font-size: 14pt;\">Panelistas plantearon que hace falta planes de intervenci\u00f3n y estudios que demuestren d\u00f3nde atacar la criminalidad<\/span><\/p>\n<p class=\"x_MsoNormal\"><span style=\"font-size: 14pt;\">Para <strong>Jairo Libreros, abogado, profesor universitario y experto en asuntos de seguridad,<\/strong> hay cierto \u201c\u00e9xito\u201d de la carrera delictiva en el caso colombiano, \u201chay din\u00e1micas que han entendido el comportamiento de polic\u00eda, hacen inteligencia, saben que hay altos niveles de impunidad\u201d, por lo que asegura que no se debe dejar de lado que los delincuentes son actores racionales que miden los riesgos y la capacidad de respuesta de las autoridades.<\/span><\/p>\n<p class=\"x_MsoNormal\"><span style=\"font-size: 14pt;\">En cuanto a la Polic\u00eda, dijo que ha perdido la capacidad de procesar y recaudar informaci\u00f3n, esto, seg\u00fan explica por una fractura entre la sociedad y los servicios de inteligencia. \u201cSi no se soluciona esa relaci\u00f3n con la ciudadan\u00eda, tema de la seguridad no se va a mejorar\u201d.<\/span><\/p>\n<p><iframe hcb-fetch-image-from=\"https:\/\/youtu.be\/bzCrUx05Qes\" title=\"Hora 20 - Las causas de la inseguridad en las ciudades del pa\u00eds\" width=\"640\" height=\"360\" src=\"https:\/\/www.youtube.com\/embed\/bzCrUx05Qes?feature=oembed\" frameborder=\"0\" allow=\"accelerometer; autoplay; clipboard-write; encrypted-media; gyroscope; picture-in-picture; web-share\" referrerpolicy=\"strict-origin-when-cross-origin\" allowfullscreen><\/iframe><\/p>\n","protected":false},"excerpt":{"rendered":"<p>Las causas de la inseguridad ciudadana Jairo Libreros, panelista Hora20 de Caracol Radio: el \u201c\u00e9xito\u201d de la carrera delictiva en el caso colombiano. <\/p>\n","protected":false},"author":1,"featured_media":428,"comment_status":"open","ping_status":"open","sticky":false,"template":"","format":"standard","meta":{"om_disable_all_campaigns":false,"_monsterinsights_skip_tracking":false,"_monsterinsights_sitenote_active":false,"_monsterinsights_sitenote_note":"","_monsterinsights_sitenote_category":0,"footnotes":""},"categories":[94,1],"tags":[97,53,39],"aioseo_notices":[],"class_list":["post-336","post","type-post","status-publish","format-standard","has-post-thumbnail","hentry","category-caracol-radio","category-jairo-libreros","tag-inteligencia-estrategica","tag-politicas-publicas","tag-seguridad-ciudadana"],"_links":{"self":[{"href":"https:\/\/jairolibreros.com\/index.php?rest_route=\/wp\/v2\/posts\/336"}],"collection":[{"href":"https:\/\/jairolibreros.com\/index.php?rest_route=\/wp\/v2\/posts"}],"about":[{"href":"https:\/\/jairolibreros.com\/index.php?rest_route=\/wp\/v2\/types\/post"}],"author":[{"embeddable":true,"href":"https:\/\/jairolibreros.com\/index.php?rest_route=\/wp\/v2\/users\/1"}],"replies":[{"embeddable":true,"href":"https:\/\/jairolibreros.com\/index.php?rest_route=%2Fwp%2Fv2%2Fcomments&post=336"}],"version-history":[{"count":4,"href":"https:\/\/jairolibreros.com\/index.php?rest_route=\/wp\/v2\/posts\/336\/revisions"}],"predecessor-version":[{"id":1943,"href":"https:\/\/jairolibreros.com\/index.php?rest_route=\/wp\/v2\/posts\/336\/revisions\/1943"}],"wp:featuredmedia":[{"embeddable":true,"href":"https:\/\/jairolibreros.com\/index.php?rest_route=\/wp\/v2\/media\/428"}],"wp:attachment":[{"href":"https:\/\/jairolibreros.com\/index.php?rest_route=%2Fwp%2Fv2%2Fmedia&parent=336"}],"wp:term":[{"taxonomy":"category","embeddable":true,"href":"https:\/\/jairolibreros.com\/index.php?rest_route=%2Fwp%2Fv2%2Fcategories&post=336"},{"taxonomy":"post_tag","embeddable":true,"href":"https:\/\/jairolibreros.com\/index.php?rest_route=%2Fwp%2Fv2%2Ftags&post=336"}],"curies":[{"name":"wp","href":"https:\/\/api.w.org\/{rel}","templated":true}]}}