{"id":338,"date":"2022-05-16T23:33:27","date_gmt":"2022-05-16T23:33:27","guid":{"rendered":"https:\/\/jairolibreros.com\/?p=338"},"modified":"2023-06-14T01:14:33","modified_gmt":"2023-06-14T01:14:33","slug":"ante-la-inseguridad-que-vive-bogota-esta-a-favor-o-no-de-militarizar-la-ciudad","status":"publish","type":"post","link":"https:\/\/jairolibreros.com\/?p=338","title":{"rendered":"Ante la inseguridad que vive Bogot\u00e1: \u00bfest\u00e1 a favor o no de militarizar la ciudad?"},"content":{"rendered":"<p><span style=\"font-size: 14pt;\"><strong>Ante la inseguridad que vive Bogot\u00e1: \u00bfest\u00e1 a favor o no de militarizar la ciudad?<\/strong><\/span><\/p>\n<p><span style=\"font-size: 14pt;\">Lo debatimos con el experto en seguridad <strong>Jairo Libreros<\/strong>, analista permanente de NTN24<\/span><\/p>\n<blockquote hcb-fetch-image-from=\"https:\/\/twitter.com\/jairolibreros\/status\/1437936015654670340?s=21&amp;t=O9p-cCTirNBxSp90Rbrn1A\" class=\"twitter-tweet\" data-width=\"550\" data-dnt=\"true\">\n<p lang=\"es\" dir=\"ltr\">Debate @NTN24Zoom de <a href=\"https:\/\/twitter.com\/NTN24?ref_src=twsrc%5Etfw\">@NTN24<\/a> <br \/>Ante la inseguridad que vive Bogot\u00e1: \u00bfEst\u00e1 a favor o no de militarizar la ciudad? | Lo debatimos con el experto en seguridad <a href=\"https:\/\/twitter.com\/JairoLibreros?ref_src=twsrc%5Etfw\">@JairoLibreros<\/a> y los concejales por Bogot\u00e1 <a href=\"https:\/\/twitter.com\/EmelRojasC?ref_src=twsrc%5Etfw\">@EmelRojasC<\/a> y <a href=\"https:\/\/twitter.com\/CarlosFGalan?ref_src=twsrc%5Etfw\">@CarlosFGalan<\/a>. | Conduce: <a href=\"https:\/\/twitter.com\/EvaReyB?ref_src=twsrc%5Etfw\">@EvaReyB<\/a> <a href=\"https:\/\/t.co\/Ty9FeD2wRy\">pic.twitter.com\/Ty9FeD2wRy<\/a><\/p>\n<p>&mdash; Jairo Libreros (@JairoLibreros) <a href=\"https:\/\/twitter.com\/JairoLibreros\/status\/1437936015654670340?ref_src=twsrc%5Etfw\">September 15, 2021<\/a><\/p><\/blockquote>\n<p><script async src=\"https:\/\/platform.twitter.com\/widgets.js\" charset=\"utf-8\"><\/script><\/p>\n<p class=\"p1\"><span style=\"font-size: 14pt;\"><strong>La alcaldesa de Bogot\u00e1, Claudia L\u00f3pez descart\u00f3 militarizar la capital, pero s\u00ed anunci\u00f3 patrullajes con polic\u00eda militar.<\/strong><\/span><\/p>\n<blockquote hcb-fetch-image-from=\"https:\/\/twitter.com\/jairolibreros\/status\/1438237159803310080?s=21&amp;t=O9p-cCTirNBxSp90Rbrn1A\" class=\"twitter-tweet\" data-width=\"550\" data-dnt=\"true\">\n<p lang=\"es\" dir=\"ltr\">Ante la inseguridad que vive Bogot\u00e1: \u00bfEst\u00e1 a favor o no de militarizar la ciudad?, <a href=\"https:\/\/twitter.com\/JairoLibreros?ref_src=twsrc%5Etfw\">@JairoLibreros<\/a>, analista <a href=\"https:\/\/twitter.com\/NTN24?ref_src=twsrc%5Etfw\">@NTN24<\/a>: NO <a href=\"https:\/\/t.co\/65Pad66gmn\">https:\/\/t.co\/65Pad66gmn<\/a><\/p>\n<p>&mdash; Jairo Libreros (@JairoLibreros) <a href=\"https:\/\/twitter.com\/JairoLibreros\/status\/1438237159803310080?ref_src=twsrc%5Etfw\">September 15, 2021<\/a><\/p><\/blockquote>\n<p><script async src=\"https:\/\/platform.twitter.com\/widgets.js\" charset=\"utf-8\"><\/script><\/p>\n<p><span style=\"font-size: 14pt;\">Este discurso ha desatado controversia, unos pol\u00edticos opinan que son declaraciones contradictorias y argumentan que si se solicita el respaldo a la polic\u00eda militar estar\u00eda intr\u00ednseca una militarizaci\u00f3n. Por otro lado, algunos sectores, como los que agrupan a los comerciantes, se han pronunciado a favor de la iniciativa de L\u00f3pez, incluso han solicitado una militarizaci\u00f3n en zonas con mayores \u00edndices de inseguridad. Por eso preguntamos &#8211; Ante la inseguridad que vive Bogot\u00e1: \u00bfEst\u00e1 a favor o no de militarizar la ciudad? El debate con los concejales Emel Rojas, Carlos Fernando Gal\u00e1n y el experto en Seguridad y Pol\u00edtica Latinoamericana, <strong>Jairo Libreros<\/strong>.<\/span><\/p>\n<p><span style=\"font-size: 14pt;\"><a href=\"https:\/\/www.ntn24.com\/programas\/zoom-la-noticia\/inseguridad-en-bogota-esta-a-favor-o-no-de-militarizar-la-ciudad-385018\"><span style=\"text-decoration: underline;\">https:\/\/www.ntn24.com\/programas\/zoom-la-noticia\/inseguridad-en-bogota-esta-a-favor-o-no-de-militarizar-la-ciudad-385018<\/span><\/a><\/span><\/p>\n","protected":false},"excerpt":{"rendered":"<p>Ante la inseguridad que vive Bogot\u00e1: \u00bfest\u00e1 a favor o no de militarizar la ciudad? Lo debatimos con el experto en seguridad Jairo <\/p>\n","protected":false},"author":1,"featured_media":285,"comment_status":"open","ping_status":"open","sticky":false,"template":"","format":"standard","meta":{"om_disable_all_campaigns":false,"_monsterinsights_skip_tracking":false,"_monsterinsights_sitenote_active":false,"_monsterinsights_sitenote_note":"","_monsterinsights_sitenote_category":0,"footnotes":""},"categories":[1],"tags":[54,90,53,39],"aioseo_notices":[],"class_list":["post-338","post","type-post","status-publish","format-standard","has-post-thumbnail","hentry","category-jairo-libreros","tag-comunicacion-politica","tag-seguridad-y-defensa-nacional","tag-politicas-publicas","tag-seguridad-ciudadana"],"_links":{"self":[{"href":"https:\/\/jairolibreros.com\/index.php?rest_route=\/wp\/v2\/posts\/338"}],"collection":[{"href":"https:\/\/jairolibreros.com\/index.php?rest_route=\/wp\/v2\/posts"}],"about":[{"href":"https:\/\/jairolibreros.com\/index.php?rest_route=\/wp\/v2\/types\/post"}],"author":[{"embeddable":true,"href":"https:\/\/jairolibreros.com\/index.php?rest_route=\/wp\/v2\/users\/1"}],"replies":[{"embeddable":true,"href":"https:\/\/jairolibreros.com\/index.php?rest_route=%2Fwp%2Fv2%2Fcomments&post=338"}],"version-history":[{"count":6,"href":"https:\/\/jairolibreros.com\/index.php?rest_route=\/wp\/v2\/posts\/338\/revisions"}],"predecessor-version":[{"id":2024,"href":"https:\/\/jairolibreros.com\/index.php?rest_route=\/wp\/v2\/posts\/338\/revisions\/2024"}],"wp:featuredmedia":[{"embeddable":true,"href":"https:\/\/jairolibreros.com\/index.php?rest_route=\/wp\/v2\/media\/285"}],"wp:attachment":[{"href":"https:\/\/jairolibreros.com\/index.php?rest_route=%2Fwp%2Fv2%2Fmedia&parent=338"}],"wp:term":[{"taxonomy":"category","embeddable":true,"href":"https:\/\/jairolibreros.com\/index.php?rest_route=%2Fwp%2Fv2%2Fcategories&post=338"},{"taxonomy":"post_tag","embeddable":true,"href":"https:\/\/jairolibreros.com\/index.php?rest_route=%2Fwp%2Fv2%2Ftags&post=338"}],"curies":[{"name":"wp","href":"https:\/\/api.w.org\/{rel}","templated":true}]}}