{"id":342,"date":"2022-05-16T23:37:51","date_gmt":"2022-05-16T23:37:51","guid":{"rendered":"https:\/\/jairolibreros.com\/?p=342"},"modified":"2025-09-09T22:34:47","modified_gmt":"2025-09-09T22:34:47","slug":"policia-civil-o-policia-militar-en-bogota","status":"publish","type":"post","link":"https:\/\/jairolibreros.com\/?p=342","title":{"rendered":"\u00bfPolic\u00eda civil o polic\u00eda militar en Bogot\u00e1?"},"content":{"rendered":"<p><span style=\"font-size: 14pt;\"><strong>\u00bfPolic\u00eda civil o polic\u00eda militar en Bogot\u00e1?<\/strong><\/span><\/p>\n<p><span style=\"font-size: 14pt;\"><strong>Jairo Libreros<\/strong>, analista permanente de NTN24: &#8220;La alcaldesa dice algo absolutamente incoherente, quiere una polic\u00eda que sea civil pero ayer estaba hablando de Polic\u00eda Militar (&#8230;) Me parece que no hay liderazgo, ni hoja de ruta&#8221;.<\/span><\/p>\n<blockquote hcb-fetch-image-from=\"https:\/\/twitter.com\/NTN24Zoom\/status\/1437888893727170562?s=20&amp;t=51nZKLn5ljjSabzXM1vi2w\" class=\"twitter-tweet\" data-width=\"550\" data-dnt=\"true\">\n<p lang=\"es\" dir=\"ltr\"><a href=\"https:\/\/twitter.com\/hashtag\/ZoomBogot%C3%A1?src=hash&amp;ref_src=twsrc%5Etfw\">#ZoomBogot\u00e1<\/a> | <a href=\"https:\/\/twitter.com\/JairoLibreros?ref_src=twsrc%5Etfw\">@JairoLibreros<\/a>, experto en seguridad: &quot;La alcaldesa dice algo absolutamente incoherente, quiere una polic\u00eda que sea civil pero ayer estaba hablando de Polic\u00eda Militar (&#8230;) Me parece que no hay liderazgo, ni hoja de ruta&quot; | Vea la repetici\u00f3n a las 9pm COL por <a href=\"https:\/\/twitter.com\/NTN24?ref_src=twsrc%5Etfw\">@NTN24<\/a> <a href=\"https:\/\/t.co\/c9TH7GnkYd\">pic.twitter.com\/c9TH7GnkYd<\/a><\/p>\n<p>&mdash; DESDE ADENTRO NTN24 (@DesdeAdentroNTN) <a href=\"https:\/\/twitter.com\/DesdeAdentroNTN\/status\/1437888893727170562?ref_src=twsrc%5Etfw\">September 14, 2021<\/a><\/p><\/blockquote>\n<p><script async src=\"https:\/\/platform.twitter.com\/widgets.js\" charset=\"utf-8\"><\/script><\/p>\n","protected":false},"excerpt":{"rendered":"<p>\u00bfPolic\u00eda civil o polic\u00eda militar en Bogot\u00e1? Jairo Libreros, analista permanente de NTN24: &#8220;La alcaldesa dice algo absolutamente incoherente, quiere una polic\u00eda que <\/p>\n","protected":false},"author":1,"featured_media":285,"comment_status":"open","ping_status":"open","sticky":false,"template":"","format":"standard","meta":{"om_disable_all_campaigns":false,"_monsterinsights_skip_tracking":false,"_monsterinsights_sitenote_active":false,"_monsterinsights_sitenote_note":"","_monsterinsights_sitenote_category":0,"footnotes":""},"categories":[1],"tags":[54,90,53,39],"aioseo_notices":[],"class_list":["post-342","post","type-post","status-publish","format-standard","has-post-thumbnail","hentry","category-jairo-libreros","tag-comunicacion-politica","tag-seguridad-y-defensa-nacional","tag-politicas-publicas","tag-seguridad-ciudadana"],"_links":{"self":[{"href":"https:\/\/jairolibreros.com\/index.php?rest_route=\/wp\/v2\/posts\/342"}],"collection":[{"href":"https:\/\/jairolibreros.com\/index.php?rest_route=\/wp\/v2\/posts"}],"about":[{"href":"https:\/\/jairolibreros.com\/index.php?rest_route=\/wp\/v2\/types\/post"}],"author":[{"embeddable":true,"href":"https:\/\/jairolibreros.com\/index.php?rest_route=\/wp\/v2\/users\/1"}],"replies":[{"embeddable":true,"href":"https:\/\/jairolibreros.com\/index.php?rest_route=%2Fwp%2Fv2%2Fcomments&post=342"}],"version-history":[{"count":4,"href":"https:\/\/jairolibreros.com\/index.php?rest_route=\/wp\/v2\/posts\/342\/revisions"}],"predecessor-version":[{"id":1945,"href":"https:\/\/jairolibreros.com\/index.php?rest_route=\/wp\/v2\/posts\/342\/revisions\/1945"}],"wp:featuredmedia":[{"embeddable":true,"href":"https:\/\/jairolibreros.com\/index.php?rest_route=\/wp\/v2\/media\/285"}],"wp:attachment":[{"href":"https:\/\/jairolibreros.com\/index.php?rest_route=%2Fwp%2Fv2%2Fmedia&parent=342"}],"wp:term":[{"taxonomy":"category","embeddable":true,"href":"https:\/\/jairolibreros.com\/index.php?rest_route=%2Fwp%2Fv2%2Fcategories&post=342"},{"taxonomy":"post_tag","embeddable":true,"href":"https:\/\/jairolibreros.com\/index.php?rest_route=%2Fwp%2Fv2%2Ftags&post=342"}],"curies":[{"name":"wp","href":"https:\/\/api.w.org\/{rel}","templated":true}]}}