{"id":3520,"date":"2025-04-29T14:09:51","date_gmt":"2025-04-29T14:09:51","guid":{"rendered":"https:\/\/jairolibreros.com\/?p=3520"},"modified":"2025-09-18T00:45:45","modified_gmt":"2025-09-18T00:45:45","slug":"soy-la-voz-de-quienes-entendemos-el-plan-pistola-como-un-crimen-de-lesa-humanidad-que-confirma-el-fracaso-de-la-politica-de-paz-total","status":"publish","type":"post","link":"https:\/\/jairolibreros.com\/?p=3520","title":{"rendered":"Soy la voz de qui\u00e9nes entendemos el plan pistola como un crimen de lesa humanidad, que confirma el fracaso de la pol\u00edtica de paz total"},"content":{"rendered":"<p><span style=\"font-family: tahoma, arial, helvetica, sans-serif; font-size: 14pt;\"><strong>Soy la voz de qui\u00e9nes entendemos el plan pistola como un crimen de lesa humanidad, que confirma el fracaso de la pol\u00edtica de paz total<\/strong><\/span><\/p>\n<p><span style=\"font-family: tahoma, arial, helvetica, sans-serif; font-size: 14pt;\"><em><a class=\"css-4rbku5 css-18t94o4 css-901oao css-16my406 r-1cvl2hr r-1loqt21 r-poiln3 r-bcqeeo r-1ny4l3l r-1ddef8g r-tjvw6i r-qvutc0\" dir=\"ltr\" role=\"link\" href=\"https:\/\/twitter.com\/hashtag\/SoyLaVoz?src=hashtag_click\">#SoyLaVoz<\/a> \u00b7 6AM \u00b7 Caracol Radio \u00b7 29.04.2025<\/em><\/span><\/p>\n<!--[if lt IE 9]><script>document.createElement('audio');<\/script><![endif]-->\n<audio class=\"wp-audio-shortcode\" id=\"audio-3520-1\" preload=\"none\" style=\"width: 100%;\" controls=\"controls\"><source type=\"audio\/mpeg\" src=\"https:\/\/jairolibreros.com\/wp-content\/uploads\/2025\/04\/AUDIO-2025-04-28-22-34-55.m4a?_=1\" \/><a href=\"https:\/\/jairolibreros.com\/wp-content\/uploads\/2025\/04\/AUDIO-2025-04-28-22-34-55.m4a\">https:\/\/jairolibreros.com\/wp-content\/uploads\/2025\/04\/AUDIO-2025-04-28-22-34-55.m4a<\/a><\/audio>\n<p>&nbsp;<\/p>\n<p class=\"p1\"><span style=\"font-family: tahoma, arial, helvetica, sans-serif; font-size: 14pt;\"><span class=\"s1\">Hola, les habla <\/span><strong><span class=\"s2\">Jairo Libreros<\/span><\/strong><span class=\"s1\"><strong>, profesor de la Universidad Externado de Colombia<\/strong>, y soy la voz de qui\u00e9nes entendemos el plan pistola como un crimen de lesa humanidad, que confirma el fracaso de la pol\u00edtica de paz total.<\/span><\/span><\/p>\n<p class=\"p1\"><span class=\"s1\" style=\"font-family: tahoma, arial, helvetica, sans-serif; font-size: 14pt;\">El plan pistola es un acto miserable de las estructuras ilegales armadas que busca matar a nuestros uniformados, destruir la voluntad de sacrificio de la fuerza p\u00fablica y producir zozobra en la sociedad civil para que esta le retire su apoyo a la institucionalidad por miedo a convertirse en objetivo de los violentos.<\/span><\/p>\n<p class=\"p1\"><span class=\"s1\" style=\"font-family: tahoma, arial, helvetica, sans-serif; font-size: 14pt;\">Este crimen de lesa humanidad demuestra la ausencia absoluta de voluntad de negociaci\u00f3n pol\u00edtica y de sometimiento a la justicia de los actores al margen de la ley, que utilizaron la paz total para fortalecer sus capacidades delictivas y controlar territorios, comunidades, rutas y las rentas ilegales.<\/span><\/p>\n<p class=\"p1\"><span class=\"s1\" style=\"font-family: tahoma, arial, helvetica, sans-serif; font-size: 14pt;\">Y la cereza del pastel que le garantiza impunidad al crimen organizado es la ingenuidad de la Casa de Nari\u00f1o que valor\u00f3 como innecesaria una estrategia de seguridad, porque el tema no ten\u00eda espacio en su modelo de gobierno.<\/span><\/p>\n<p class=\"p1\"><span class=\"s1\" style=\"font-family: tahoma, arial, helvetica, sans-serif; font-size: 14pt;\">En conclusi\u00f3n, una pol\u00edtica de paz sin estrategia de seguridad tiene un alto precio, que en este caso se salda con la vida de muchos colombianos, sin distinguir si portan o no un uniforme. <\/span><\/p>\n<p style=\"text-align: right;\"><span style=\"text-decoration: underline; font-family: tahoma, arial, helvetica, sans-serif; font-size: 14pt;\"><a href=\"https:\/\/jairolibreros.com\/\"><strong>Blog de Jairo Libreros<\/strong><\/a><\/span><\/p>\n","protected":false},"excerpt":{"rendered":"<p>Soy la voz de qui\u00e9nes entendemos el plan pistola como un crimen de lesa humanidad, que confirma el fracaso de la pol\u00edtica de <\/p>\n","protected":false},"author":1,"featured_media":428,"comment_status":"open","ping_status":"open","sticky":false,"template":"","format":"standard","meta":{"om_disable_all_campaigns":false,"_monsterinsights_skip_tracking":false,"_monsterinsights_sitenote_active":false,"_monsterinsights_sitenote_note":"","_monsterinsights_sitenote_category":0,"footnotes":""},"categories":[94,1],"tags":[90,53,39],"aioseo_notices":[],"class_list":["post-3520","post","type-post","status-publish","format-standard","has-post-thumbnail","hentry","category-caracol-radio","category-jairo-libreros","tag-seguridad-y-defensa-nacional","tag-politicas-publicas","tag-seguridad-ciudadana"],"_links":{"self":[{"href":"https:\/\/jairolibreros.com\/index.php?rest_route=\/wp\/v2\/posts\/3520"}],"collection":[{"href":"https:\/\/jairolibreros.com\/index.php?rest_route=\/wp\/v2\/posts"}],"about":[{"href":"https:\/\/jairolibreros.com\/index.php?rest_route=\/wp\/v2\/types\/post"}],"author":[{"embeddable":true,"href":"https:\/\/jairolibreros.com\/index.php?rest_route=\/wp\/v2\/users\/1"}],"replies":[{"embeddable":true,"href":"https:\/\/jairolibreros.com\/index.php?rest_route=%2Fwp%2Fv2%2Fcomments&post=3520"}],"version-history":[{"count":6,"href":"https:\/\/jairolibreros.com\/index.php?rest_route=\/wp\/v2\/posts\/3520\/revisions"}],"predecessor-version":[{"id":4608,"href":"https:\/\/jairolibreros.com\/index.php?rest_route=\/wp\/v2\/posts\/3520\/revisions\/4608"}],"wp:featuredmedia":[{"embeddable":true,"href":"https:\/\/jairolibreros.com\/index.php?rest_route=\/wp\/v2\/media\/428"}],"wp:attachment":[{"href":"https:\/\/jairolibreros.com\/index.php?rest_route=%2Fwp%2Fv2%2Fmedia&parent=3520"}],"wp:term":[{"taxonomy":"category","embeddable":true,"href":"https:\/\/jairolibreros.com\/index.php?rest_route=%2Fwp%2Fv2%2Fcategories&post=3520"},{"taxonomy":"post_tag","embeddable":true,"href":"https:\/\/jairolibreros.com\/index.php?rest_route=%2Fwp%2Fv2%2Ftags&post=3520"}],"curies":[{"name":"wp","href":"https:\/\/api.w.org\/{rel}","templated":true}]}}