{"id":3525,"date":"2025-04-30T18:55:24","date_gmt":"2025-04-30T18:55:24","guid":{"rendered":"https:\/\/jairolibreros.com\/?p=3525"},"modified":"2025-09-18T00:46:26","modified_gmt":"2025-09-18T00:46:26","slug":"policias-podran-portar-armas-fuera-de-servicio-para-enfrentar-el-plan-pistola-sera-eficiente-la-medida","status":"publish","type":"post","link":"https:\/\/jairolibreros.com\/?p=3525","title":{"rendered":"Polic\u00edas podr\u00e1n portar armas fuera de servicio para enfrentar el &#8216;plan pistola&#8217;: \u00bfser\u00e1 eficiente la medida?"},"content":{"rendered":"<p><span style=\"font-family: tahoma, arial, helvetica, sans-serif; font-size: 14pt;\"><strong>Polic\u00edas podr\u00e1n portar armas fuera de servicio para enfrentar el &#8216;plan pistola&#8217;: \u00bfser\u00e1 eficiente la medida?<\/strong><\/span><\/p>\n<p><span style=\"font-family: tahoma, arial, helvetica, sans-serif; font-size: 14pt;\"><em>El Tiempo \u00b7 Jes\u00fas Blanquicet \u00b7 30.04.2025<\/em><\/span><\/p>\n<!--[if lt IE 9]><script>document.createElement('audio');<\/script><![endif]-->\n<audio class=\"wp-audio-shortcode\" id=\"audio-3525-1\" preload=\"none\" style=\"width: 100%;\" controls=\"controls\"><source type=\"audio\/mpeg\" src=\"https:\/\/jairolibreros.com\/wp-content\/uploads\/2025\/04\/AUDIO-2025-05-01-07-23-48.m4a?_=1\" \/><a href=\"https:\/\/jairolibreros.com\/wp-content\/uploads\/2025\/04\/AUDIO-2025-05-01-07-23-48.m4a\">https:\/\/jairolibreros.com\/wp-content\/uploads\/2025\/04\/AUDIO-2025-05-01-07-23-48.m4a<\/a><\/audio>\n<p>&nbsp;<\/p>\n<p class=\"p1\"><span style=\"font-family: tahoma, arial, helvetica, sans-serif; font-size: 14pt;\">\u201c<i>Las estructuras armadas realizan m\u00faltiples actividades criminales. Una de ellas es la inteligencia delictiva para asestar sus golpes criminales, y en ese abanico de actos, monitorean a la Polic\u00eda Nacional, miden su capacidad de respuesta y, de manera especial, por cuenta de los planes pistola, miden las debilidades de nuestros uniformados. Y en este caso identificaron un alto nivel de vulnerabilidad personal cuando los polic\u00edas terminan su turno y acuden a sus hogares o dedican su tiempo a otros compromisos que no est\u00e1n relacionados con su oficio profesional.<\/i><\/span><\/p>\n<p class=\"p1\"><span style=\"font-family: tahoma, arial, helvetica, sans-serif; font-size: 14pt;\"><i>Esa vulnerabilidad de los policiales facilit\u00f3 el plan pistola. De un lado, porque una vez identificados en actividades personales se pierde la capacidad de disuasi\u00f3n frente a los violentos al no estar armados. Y del otro lado, no tiene c\u00f3mo responder ante una situaci\u00f3n cr\u00edtica personal o situacional que comprometa su vida e integridad personal.<span class=\"Apple-converted-space\">\u00a0<\/span><\/i><\/span><\/p>\n<p class=\"p1\"><span style=\"font-family: tahoma, arial, helvetica, sans-serif; font-size: 14pt;\"><i>La seguridad personal de los miembros de la polic\u00eda es un asunto estrat\u00e9gico. Y una de las medidas que han sido implementadas en otros pa\u00edses de Am\u00e9rica Latina ante situaciones similares es precisamente autorizar en casos espec\u00edficos, sustentados previamente en estudios t\u00e9cnicos, portar su arma de dotaci\u00f3n por fuera de su horario de trabajo<\/i>.\u201d: <strong>Jairo Libreros<\/strong>.<\/span><\/p>\n<p><span style=\"font-family: tahoma, arial, helvetica, sans-serif; font-size: 14pt;\">&#8230;<\/span><\/p>\n<p class=\"p1\" style=\"text-align: center;\"><span style=\"font-family: tahoma, arial, helvetica, sans-serif; font-size: 14pt;\"><strong>Polic\u00eda anunci\u00f3 la estrategia, tras el asesinato de 27 uniformados por la arremetida de grupos armados<\/strong><\/span><\/p>\n<p class=\"p1\" style=\"text-align: center;\"><span style=\"font-family: tahoma, arial, helvetica, sans-serif; font-size: 14pt;\"><strong>Expertos advierten que la estrategia tiene un alcance limitado frente a las capacidades del crimen organizado<\/strong><\/span><\/p>\n<p class=\"p1\"><span style=\"font-family: tahoma, arial, helvetica, sans-serif; font-size: 14pt;\">El director de la Polic\u00eda,\u00a0general Carlos Fernando Triana, orden\u00f3 una medida de protecci\u00f3n para los uniformados ante la amenaza de los grupos armados y su llamado\u00a0<b>\u2018plan pistola\u2019<\/b>. La instrucci\u00f3n permitir\u00e1 a los polic\u00edas portar y trasladar sus armas de dotaci\u00f3n hasta sus hogares como medida preventiva para salvaguardar sus vidas frente a los recientes ataques.<\/span><\/p>\n<p class=\"p1\"><span style=\"font-family: tahoma, arial, helvetica, sans-serif; font-size: 14pt;\">\u201cEsas medidas implican la seguridad operativa, la seguridad operacional. El uso del arma de fuego implica defender su vida, a partir de la amenaza permanente del \u2018clan del Golfo\u2019 que se manifiesta con estos hechos\u201d, dijo el oficial.<\/span><\/p>\n<p class=\"p1\"><span style=\"font-family: tahoma, arial, helvetica, sans-serif; font-size: 14pt;\">El anuncio de esta medida se da tras una escalada de violencia en la que, durante las \u00faltimas dos semanas, han sido asesinados 27 uniformados entre polic\u00edas y militares.\u00a0Solo en las \u00faltimas 24 horas se reportaron cuatro muertes y un herido en hechos ocurridos en Palermo (Magdalena), Cartagena\u00a0y tres municipios del departamento de C\u00f3rdoba.<\/span><\/p>\n<p class=\"p1\"><span style=\"font-family: tahoma, arial, helvetica, sans-serif; font-size: 14pt;\">El caso se suma al reciente ataque registrado en el sector de El Balso, en el municipio de Melgar,Tolima, donde cuatro uniformados y una mujer civil resultaron heridos.<\/span><\/p>\n<p class=\"p1\"><span style=\"font-family: tahoma, arial, helvetica, sans-serif; font-size: 14pt;\">Los patrones de estos ataques, atribuidos en su mayor\u00eda al \u2018clan del Golfo\u2019, apuntan a una reactivaci\u00f3n de la macabra estrategia que, desde la \u00e9poca de Pablo Escobar, ha sido utilizada para generar miedo en las instituciones y retomar el control armado en territorios estrat\u00e9gicos. Precisamente, la arremetida de este grupo armado se da tras la muerte de uno de los hombres de confianza de alias Chiquito Malo. Se trata deJos\u00e9 Miguel Demoya Hern\u00e1ndez,\u00a0alias Chirimoya, quien fue dado de baja en operaciones militares realizadas el pasado 4 de abril.<\/span><\/p>\n<p class=\"p3\"><span style=\"font-family: tahoma, arial, helvetica, sans-serif; font-size: 14pt;\"><b>\u00bfMedida eficiente?<\/b><\/span><\/p>\n<p class=\"p1\"><span style=\"font-family: tahoma, arial, helvetica, sans-serif; font-size: 14pt;\">La medida para que los polic\u00edas porten su arma de dotaci\u00f3n fuera del horario de serviciobusca ofrecer condiciones m\u00ednimas de defensa a los polic\u00edas, especialmente cuando se encuentran fuera de servicio.<\/span><\/p>\n<p class=\"p1\"><span style=\"font-family: tahoma, arial, helvetica, sans-serif; font-size: 14pt;\">Expertos consultados por EL TIEMPO se\u00f1alan que la iniciativa tiene alcance nacional, ya que los hostigamientos se presentan en distintas zonas y no pueden ser enfrentados con medidas exclusivamente locales. \u201cEl porte de armas fuera del servicio busca tener un efecto disuasivo ante posibles agresiones\u201d, se\u00f1al\u00f3 Janiel Melamed, director del Observatorio de Seguridad Ciudadana de la Universidad del Norte de Barranquilla.<\/span><\/p>\n<p class=\"p1\"><span style=\"font-family: tahoma, arial, helvetica, sans-serif; font-size: 14pt;\">No obstante, otros analistas como C\u00e9sar Ni\u00f1o, experto en conflicto, consideran que la medida es de car\u00e1cter netamente defensivo y\u00a0\u201cno garantiza la contenci\u00f3n de ataques armados contra los uniformados\u201d.\u00a0Tambi\u00e9n se advirti\u00f3 que llevar el arma al hogar podr\u00eda generar incertidumbre en los entornos vecinales. En ese sentido, se se\u00f1al\u00f3 que esta disposici\u00f3n no detendr\u00e1 el \u201cplan pistola\u201d ni evitar\u00e1 nuevos eventos de violencia.<\/span><\/p>\n<p class=\"p1\"><span style=\"font-family: tahoma, arial, helvetica, sans-serif; font-size: 14pt;\">Una misma impresi\u00f3n tiene el experto Henry Cancelado, quien considera que la medida conlleva riesgos significativos,\u00a0ya que el las comunidades donde habitan los polic\u00edas \u201cpuede identificar a los polic\u00edas armados, dificultando su seguridad\u201d. Adem\u00e1s, el transporte de armas al trabajo y el contexto de alta delincuencia complican a\u00fan m\u00e1s la situaci\u00f3n, ya que cualquier conflicto en el \u00e1rea puede llevar a que se ataque al polic\u00eda, incluso si no est\u00e1 en servicio.<\/span><\/p>\n<p class=\"p1\"><span style=\"font-family: tahoma, arial, helvetica, sans-serif; font-size: 14pt;\">El espet\u00f3 adem\u00e1s, indic\u00f3 que la defensa de los polic\u00edas con armas frente a sicarios plantea desaf\u00edos. \u201cEs crucial evaluar si dar armas a los polic\u00edas es la \u00fanica soluci\u00f3n o si existen alternativas para garantizar su seguridad de manera m\u00e1s efectiva\u201d.<\/span><\/p>\n<p class=\"p1\"><span style=\"font-family: tahoma, arial, helvetica, sans-serif; font-size: 14pt;\"><strong>Los grupos armados ilegales han desarrollado t\u00e1cticas de inteligencia criminal\u00a0para identificar puntos d\u00e9biles dentro de la estructura policial.<\/strong>\u00a0Una de sus estrategias ha sido observar a los uniformados cuando se encuentran fuera del contexto laboral, con el fin de planificar acciones violentas en momentos de menor resistencia.<\/span><\/p>\n<p class=\"p1\"><span style=\"font-family: tahoma, arial, helvetica, sans-serif; font-size: 14pt;\">Frente a esa arremetida criminal,\u00a0<b>Jairo Libreros, profesor de seguridad y defensa nacional de la Universidad Externado<\/b>, indic\u00f3 que el desarme parcial, durante los turnos de descansos, ha sido uno de los factores aprovechados por los actores armados ilegales.<\/span><\/p>\n<p class=\"p1\"><span style=\"font-family: tahoma, arial, helvetica, sans-serif; font-size: 14pt;\">\u201cAl encontrarse sin su dotaci\u00f3n oficial y en espacios familiares o personales, los polic\u00edas presentan una menor capacidad de respuesta ante emergencias o agresiones directas. Esta condici\u00f3n ha sido clave en la ejecuci\u00f3n de ataques recientes\u201d, <strong>dijo el experto<\/strong>.<\/span><\/p>\n<p class=\"p1\"><span style=\"font-family: tahoma, arial, helvetica, sans-serif; font-size: 14pt;\">Y a\u00f1adi\u00f3 que\u00a0<b>en otros pa\u00edses de Am\u00e9rica Latina, ante circunstancias similares<\/b>, se han adoptado medidas que permiten el porte de armas fuera del servicio, previa evaluaci\u00f3n t\u00e9cnica y justificaci\u00f3n operativa. \u201cEn Colombia, esta disposici\u00f3n se inscribe dentro de una pol\u00edtica nacional para hacer frente a amenazas armadas de car\u00e1cter institucional\u201d, como lo explic\u00f3 Libreros.<\/span><\/p>\n<p class=\"p3\"><span style=\"font-family: tahoma, arial, helvetica, sans-serif; font-size: 14pt;\"><b>Unos antecedentes<\/b><\/span><\/p>\n<p class=\"p1\"><span style=\"font-family: tahoma, arial, helvetica, sans-serif; font-size: 14pt;\">Hugo Acero, experto en seguridad, indic\u00f3 que no es la primera vez que se usar\u00eda esta medida en Colombia, toda vez que a mediados de 2022,\u00a0el gobierno de Iv\u00e1n Duque, siendo el director de la Polic\u00eda el general Jorge Luis Vargas se autoriz\u00f3\u00a0que, en algunos municipios y territorios del pa\u00eds, los polic\u00edas pod\u00edan portar su arma de dotaci\u00f3n fuera del servicio.\u00a0<\/span><\/p>\n<p class=\"p1\"><span style=\"font-family: tahoma, arial, helvetica, sans-serif; font-size: 14pt;\">Esto porque el \u2018clan del Golfo\u2019 y las disidencias de las Farc hab\u00edan asesinado a 25 polic\u00edas, especialmente en Urab\u00e1 y Antioquia, a trav\u00e9s del famoso \u2018plan pistola\u2019. \u201cEsta historia hoy se repite, pero en esta ocasi\u00f3n involucra como objetivos de los criminales, a miembros de las Fuerzas Militares\u201d.<\/span><\/p>\n<p class=\"p1\"><span style=\"font-family: tahoma, arial, helvetica, sans-serif; font-size: 14pt;\">Para Acero, esta medida ayuda a la seguridad de los polic\u00edas en todo momento, pero hay que complementarla con varias acciones: una de ellas es \u201cel apoyo y solidaridad de los ciudadanos quienes pueden informar o denunciar hechos irregulares que pueden afectar\u00a0a miembros de la fuerza p\u00fablica en servicio o fuera del servicio\u201d.<\/span><\/p>\n<p class=\"p1\"><span style=\"font-family: tahoma, arial, helvetica, sans-serif; font-size: 14pt;\">Y se reforzar\u00eda, seg\u00fan el experto, con labores de inteligencia e investigaci\u00f3n criminal\u00a0\u201cpara dar con los actores intelectuales de estas acciones terroristas y con los sicarios que las ejecutan, y tercero con el ofrecimiento de recompensas\u201d.\u00a0<\/span><\/p>\n<p class=\"p1\"><span style=\"font-family: tahoma, arial, helvetica, sans-serif; font-size: 14pt;\">Recordemos que el Ministerio de Defensa ofreci\u00f3 hasta 200 millones de pesos de recompensa, por informaci\u00f3n que permita evitar ataques sicariales contra integrantes de la fuerza p\u00fablica.<\/span><\/p>\n<p><span style=\"font-family: tahoma, arial, helvetica, sans-serif; font-size: 14pt;\">El link de El Tiempo es el siguiente:<\/span><\/p>\n<p><span style=\"font-family: tahoma, arial, helvetica, sans-serif; font-size: 14pt;\"><span style=\"text-decoration: underline;\">https:\/\/www.eltiempo.com\/justicia\/conflicto-y-narcotrafico\/policias-podran-portar-armas-fuera-de-servicio-para-enfrentar-el-plan-pistola-sera-eficiente-la-medida-3449357<\/span>\u00a0<\/span><\/p>\n<p style=\"text-align: right;\"><span style=\"text-decoration: underline;\"><a href=\"https:\/\/jairolibreros.com\/\"><strong><span style=\"font-family: tahoma, arial, helvetica, sans-serif; font-size: 14pt;\">Blog de Jairo Libreros<\/span><\/strong><\/a><\/span><\/p>\n","protected":false},"excerpt":{"rendered":"<p>Polic\u00edas podr\u00e1n portar armas fuera de servicio para enfrentar el &#8216;plan pistola&#8217;: \u00bfser\u00e1 eficiente la medida? El Tiempo \u00b7 Jes\u00fas Blanquicet \u00b7 30.04.2025 <\/p>\n","protected":false},"author":1,"featured_media":3296,"comment_status":"open","ping_status":"open","sticky":false,"template":"","format":"standard","meta":{"om_disable_all_campaigns":false,"_monsterinsights_skip_tracking":false,"_monsterinsights_sitenote_active":false,"_monsterinsights_sitenote_note":"","_monsterinsights_sitenote_category":0,"footnotes":""},"categories":[95,1],"tags":[90,97,53,39],"aioseo_notices":[],"class_list":["post-3525","post","type-post","status-publish","format-standard","has-post-thumbnail","hentry","category-el-tiempo","category-jairo-libreros","tag-seguridad-y-defensa-nacional","tag-inteligencia-estrategica","tag-politicas-publicas","tag-seguridad-ciudadana"],"_links":{"self":[{"href":"https:\/\/jairolibreros.com\/index.php?rest_route=\/wp\/v2\/posts\/3525"}],"collection":[{"href":"https:\/\/jairolibreros.com\/index.php?rest_route=\/wp\/v2\/posts"}],"about":[{"href":"https:\/\/jairolibreros.com\/index.php?rest_route=\/wp\/v2\/types\/post"}],"author":[{"embeddable":true,"href":"https:\/\/jairolibreros.com\/index.php?rest_route=\/wp\/v2\/users\/1"}],"replies":[{"embeddable":true,"href":"https:\/\/jairolibreros.com\/index.php?rest_route=%2Fwp%2Fv2%2Fcomments&post=3525"}],"version-history":[{"count":5,"href":"https:\/\/jairolibreros.com\/index.php?rest_route=\/wp\/v2\/posts\/3525\/revisions"}],"predecessor-version":[{"id":4609,"href":"https:\/\/jairolibreros.com\/index.php?rest_route=\/wp\/v2\/posts\/3525\/revisions\/4609"}],"wp:featuredmedia":[{"embeddable":true,"href":"https:\/\/jairolibreros.com\/index.php?rest_route=\/wp\/v2\/media\/3296"}],"wp:attachment":[{"href":"https:\/\/jairolibreros.com\/index.php?rest_route=%2Fwp%2Fv2%2Fmedia&parent=3525"}],"wp:term":[{"taxonomy":"category","embeddable":true,"href":"https:\/\/jairolibreros.com\/index.php?rest_route=%2Fwp%2Fv2%2Fcategories&post=3525"},{"taxonomy":"post_tag","embeddable":true,"href":"https:\/\/jairolibreros.com\/index.php?rest_route=%2Fwp%2Fv2%2Ftags&post=3525"}],"curies":[{"name":"wp","href":"https:\/\/api.w.org\/{rel}","templated":true}]}}