{"id":3563,"date":"2025-05-01T18:00:59","date_gmt":"2025-05-01T18:00:59","guid":{"rendered":"https:\/\/jairolibreros.com\/?p=3563"},"modified":"2025-09-18T00:47:27","modified_gmt":"2025-09-18T00:47:27","slug":"solicitud-de-concepto-favorable-del-senado-de-la-republica-sobre-convocatoria-a-consulta-popular-de-caracter-nacional","status":"publish","type":"post","link":"https:\/\/jairolibreros.com\/?p=3563","title":{"rendered":"Solicitud de concepto favorable del Senado de la Rep\u00fablica sobre convocatoria a Consulta Popular de car\u00e1cter nacional"},"content":{"rendered":"<p><span style=\"font-family: tahoma, arial, helvetica, sans-serif; font-size: 14pt;\"><strong>Solicitud de concepto favorable del Senado de la Rep\u00fablica sobre convocatoria a Consulta Popular de car\u00e1cter nacional<\/strong><\/span><\/p>\n<p><span style=\"font-family: tahoma, arial, helvetica, sans-serif; font-size: 14pt;\"><em>Bogot\u00e1 DC \u00b7 01.05.2025<\/em><\/span><\/p>\n<p><span style=\"font-family: tahoma, arial, helvetica, sans-serif; font-size: 14pt;\">El documento de la Presidencia Nacional es el siguiente:<\/span><\/p>\n<p><span style=\"font-family: tahoma, arial, helvetica, sans-serif; font-size: 14pt;\"><a href=\"https:\/\/jairolibreros.com\/wp-content\/uploads\/2025\/05\/Proyecto-de-consulta-popular.-Presidencia-de-la-Republica.-Jairo-Libreros.-01.05.2025.pdf\"><span style=\"text-decoration: underline;\">Proyecto de consulta popular. Presidencia de la Repu\u0301blica. Jairo Libreros. 01.05.2025<\/span><\/a>\u00a0<\/span><\/p>\n<p style=\"text-align: right;\"><span style=\"text-decoration: underline; font-family: tahoma, arial, helvetica, sans-serif; font-size: 14pt;\"><a href=\"https:\/\/jairolibreros.com\/\"><strong>Blog de Jairo Libreros<\/strong><\/a><\/span><\/p>\n","protected":false},"excerpt":{"rendered":"<p>Solicitud de concepto favorable del Senado de la Rep\u00fablica sobre convocatoria a Consulta Popular de car\u00e1cter nacional Bogot\u00e1 DC \u00b7 01.05.2025 El documento <\/p>\n","protected":false},"author":1,"featured_media":425,"comment_status":"open","ping_status":"open","sticky":false,"template":"","format":"standard","meta":{"om_disable_all_campaigns":false,"_monsterinsights_skip_tracking":false,"_monsterinsights_sitenote_active":false,"_monsterinsights_sitenote_note":"","_monsterinsights_sitenote_category":0,"footnotes":""},"categories":[1],"tags":[44,54,37,53],"aioseo_notices":[],"class_list":["post-3563","post","type-post","status-publish","format-standard","has-post-thumbnail","hentry","category-jairo-libreros","tag-elecciones","tag-comunicacion-politica","tag-movilizacion-social","tag-politicas-publicas"],"_links":{"self":[{"href":"https:\/\/jairolibreros.com\/index.php?rest_route=\/wp\/v2\/posts\/3563"}],"collection":[{"href":"https:\/\/jairolibreros.com\/index.php?rest_route=\/wp\/v2\/posts"}],"about":[{"href":"https:\/\/jairolibreros.com\/index.php?rest_route=\/wp\/v2\/types\/post"}],"author":[{"embeddable":true,"href":"https:\/\/jairolibreros.com\/index.php?rest_route=\/wp\/v2\/users\/1"}],"replies":[{"embeddable":true,"href":"https:\/\/jairolibreros.com\/index.php?rest_route=%2Fwp%2Fv2%2Fcomments&post=3563"}],"version-history":[{"count":4,"href":"https:\/\/jairolibreros.com\/index.php?rest_route=\/wp\/v2\/posts\/3563\/revisions"}],"predecessor-version":[{"id":4610,"href":"https:\/\/jairolibreros.com\/index.php?rest_route=\/wp\/v2\/posts\/3563\/revisions\/4610"}],"wp:featuredmedia":[{"embeddable":true,"href":"https:\/\/jairolibreros.com\/index.php?rest_route=\/wp\/v2\/media\/425"}],"wp:attachment":[{"href":"https:\/\/jairolibreros.com\/index.php?rest_route=%2Fwp%2Fv2%2Fmedia&parent=3563"}],"wp:term":[{"taxonomy":"category","embeddable":true,"href":"https:\/\/jairolibreros.com\/index.php?rest_route=%2Fwp%2Fv2%2Fcategories&post=3563"},{"taxonomy":"post_tag","embeddable":true,"href":"https:\/\/jairolibreros.com\/index.php?rest_route=%2Fwp%2Fv2%2Ftags&post=3563"}],"curies":[{"name":"wp","href":"https:\/\/api.w.org\/{rel}","templated":true}]}}