{"id":362,"date":"2022-05-17T00:32:59","date_gmt":"2022-05-17T00:32:59","guid":{"rendered":"https:\/\/jairolibreros.com\/?p=362"},"modified":"2025-09-09T22:28:08","modified_gmt":"2025-09-09T22:28:08","slug":"jairo-libreros-es-la-voz-de-quienes-creemos-que-en-bogota-se-deben-implementar-estrategias-de-seguridad","status":"publish","type":"post","link":"https:\/\/jairolibreros.com\/?p=362","title":{"rendered":"Jairo Libreros es la voz de quienes creemos que en Bogot\u00e1 se deben implementar estrategias de seguridad"},"content":{"rendered":"<p><span style=\"font-size: 14pt; font-family: tahoma, arial, helvetica, sans-serif;\"><strong>Jairo Libreros es la voz de quienes creemos que en Bogot\u00e1 se deben implementar estrategias de seguridad<\/strong><\/span><\/p>\n<p><span style=\"font-size: 14pt; font-family: tahoma, arial, helvetica, sans-serif;\"><strong>Jairo Libreros<\/strong>, panelista Hora20 de Caracol Radio<\/span><\/p>\n<p><span style=\"font-family: tahoma, arial, helvetica, sans-serif;\"><em><span style=\"font-size: 14pt;\"><a class=\"css-4rbku5 css-18t94o4 css-901oao css-16my406 r-1cvl2hr r-1loqt21 r-poiln3 r-bcqeeo r-1ny4l3l r-1ddef8g r-tjvw6i r-qvutc0\" dir=\"ltr\" role=\"link\" href=\"https:\/\/twitter.com\/hashtag\/SoyLaVoz?src=hashtag_click\">#SoyLaVoz<\/a><a class=\"css-4rbku5 css-18t94o4 css-901oao css-16my406 r-1cvl2hr r-1loqt21 r-poiln3 r-bcqeeo r-1ny4l3l r-1ddef8g r-tjvw6i r-qvutc0\" dir=\"ltr\" role=\"link\" href=\"https:\/\/twitter.com\/hashtag\/SoyLaVoz?src=hashtag_click\"> \u00b7 6AM \u00b7 Caracol Radio<\/a><\/span><\/em><\/span><\/p>\n<p class=\"p1\"><span style=\"font-size: 14pt; font-family: tahoma, arial, helvetica, sans-serif;\"><strong>Hola, les habla Jairo Libreros, profesor de la Universidad Externado, y SOY LA VOZ DE<\/strong> quienes creemos que en Bogot\u00e1, se deben implementar dos estrategias de pol\u00edtica p\u00fablica de seguridad ciudadana, para enfrentar el crimen organizado y fortalecer la percepci\u00f3n de seguridad.<span class=\"Apple-converted-space\">\u00a0<\/span><\/span><\/p>\n<p class=\"p1\"><span style=\"font-size: 14pt; font-family: tahoma, arial, helvetica, sans-serif;\">La primera estrategia, un plan de choque de control armas. Todos los d\u00edas la polic\u00eda tiene que chequear, verificar y requisar a los ciudadanos en el espacio p\u00fablico para determinar qui\u00e9n porta armas.<\/span><\/p>\n<p class=\"p1\"><span style=\"font-size: 14pt; font-family: tahoma, arial, helvetica, sans-serif;\">Desde el a\u00f1o 2015, se decret\u00f3 la prohibici\u00f3n de porte de armas como un mecanismo para disminuir la violencia. Sin embargo, el efecto de esa prohibici\u00f3n se est\u00e1 agotando por un motivo sencillo. No se han implementado planes de control de armas en el espacio publico.<\/span><\/p>\n<p class=\"p1\"><span style=\"font-size: 14pt; font-family: tahoma, arial, helvetica, sans-serif;\">Y la segunda estrategia, dar un paso tecnol\u00f3gico y saltar de la videovigilancia pasiva y entrar en una etapa de videovigilancia en tiempo real mediante la estrategia: un polic\u00eda una c\u00e1mara.<span class=\"Apple-converted-space\">\u00a0<\/span><\/span><\/p>\n<p class=\"p1\"><span style=\"font-size: 14pt; font-family: tahoma, arial, helvetica, sans-serif;\">La polic\u00eda de vigilancia debe portar una c\u00e1mara de video en el pecho, que transmita su se\u00f1al en directo a un centro de control que recibe las im\u00e1genes de los rostros que registra.<span class=\"Apple-converted-space\">\u00a0<\/span><\/span><\/p>\n<p class=\"p1\"><span style=\"font-size: 14pt; font-family: tahoma, arial, helvetica, sans-serif;\">Y se contrastan esas im\u00e1genes con los archivos de \u00f3rdenes de captura y con los informes de inteligencia.<\/span><\/p>\n<p class=\"p1\"><span style=\"font-size: 14pt; font-family: tahoma, arial, helvetica, sans-serif;\">Desde el a\u00f1o 2016 en EEUU, la estrategia un policia una c\u00e1mara ha sido catalogada como un \u00e9xito, porque multiplic\u00f3 la tasa de capturas.<\/span><\/p>\n<p class=\"p1\"><span style=\"font-size: 14pt; font-family: tahoma, arial, helvetica, sans-serif;\">En conclusi\u00f3n, un plan de choque distrital de control de armas y el programa un policia una c\u00e1mara son dos estrategias de pol\u00edtica p\u00fablica de seguridad ciudadana que pueden funcionar en una Bogot\u00e1 que respira en sus calles miedo ambiente.<\/span><\/p>\n","protected":false},"excerpt":{"rendered":"<p>Jairo Libreros es la voz de quienes creemos que en Bogot\u00e1 se deben implementar estrategias de seguridad Jairo Libreros, panelista Hora20 de Caracol <\/p>\n","protected":false},"author":1,"featured_media":428,"comment_status":"open","ping_status":"open","sticky":false,"template":"","format":"standard","meta":{"om_disable_all_campaigns":false,"_monsterinsights_skip_tracking":false,"_monsterinsights_sitenote_active":false,"_monsterinsights_sitenote_note":"","_monsterinsights_sitenote_category":0,"footnotes":""},"categories":[94,1],"tags":[97,39],"aioseo_notices":[],"class_list":["post-362","post","type-post","status-publish","format-standard","has-post-thumbnail","hentry","category-caracol-radio","category-jairo-libreros","tag-inteligencia-estrategica","tag-seguridad-ciudadana"],"_links":{"self":[{"href":"https:\/\/jairolibreros.com\/index.php?rest_route=\/wp\/v2\/posts\/362"}],"collection":[{"href":"https:\/\/jairolibreros.com\/index.php?rest_route=\/wp\/v2\/posts"}],"about":[{"href":"https:\/\/jairolibreros.com\/index.php?rest_route=\/wp\/v2\/types\/post"}],"author":[{"embeddable":true,"href":"https:\/\/jairolibreros.com\/index.php?rest_route=\/wp\/v2\/users\/1"}],"replies":[{"embeddable":true,"href":"https:\/\/jairolibreros.com\/index.php?rest_route=%2Fwp%2Fv2%2Fcomments&post=362"}],"version-history":[{"count":6,"href":"https:\/\/jairolibreros.com\/index.php?rest_route=\/wp\/v2\/posts\/362\/revisions"}],"predecessor-version":[{"id":3381,"href":"https:\/\/jairolibreros.com\/index.php?rest_route=\/wp\/v2\/posts\/362\/revisions\/3381"}],"wp:featuredmedia":[{"embeddable":true,"href":"https:\/\/jairolibreros.com\/index.php?rest_route=\/wp\/v2\/media\/428"}],"wp:attachment":[{"href":"https:\/\/jairolibreros.com\/index.php?rest_route=%2Fwp%2Fv2%2Fmedia&parent=362"}],"wp:term":[{"taxonomy":"category","embeddable":true,"href":"https:\/\/jairolibreros.com\/index.php?rest_route=%2Fwp%2Fv2%2Fcategories&post=362"},{"taxonomy":"post_tag","embeddable":true,"href":"https:\/\/jairolibreros.com\/index.php?rest_route=%2Fwp%2Fv2%2Ftags&post=362"}],"curies":[{"name":"wp","href":"https:\/\/api.w.org\/{rel}","templated":true}]}}