{"id":3642,"date":"2025-05-04T22:33:17","date_gmt":"2025-05-04T22:33:17","guid":{"rendered":"https:\/\/jairolibreros.com\/?p=3642"},"modified":"2025-09-18T00:49:39","modified_gmt":"2025-09-18T00:49:39","slug":"polemico-anuncio-de-crear-zona-de-ubicacion-temporal-para-disidentes-en-catatumbo","status":"publish","type":"post","link":"https:\/\/jairolibreros.com\/?p=3642","title":{"rendered":"Pol\u00e9mico anuncio de crear Zona de Ubicaci\u00f3n Temporal para disidentes en Catatumbo"},"content":{"rendered":"<p><span style=\"font-size: 14pt; font-family: tahoma, arial, helvetica, sans-serif;\"><strong>Pol\u00e9mico anuncio de crear Zona de Ubicaci\u00f3n Temporal para disidentes en Catatumbo<\/strong><\/span><\/p>\n<p class=\"p1\"><span style=\"font-family: tahoma, arial, helvetica, sans-serif; font-size: 14pt;\"><em>Bogot\u00e1 DC \u00b7 \u00d3scar Ram\u00edrez \u00b7 Noticias RCN \u00b7 04.05.2025<\/em><\/span><\/p>\n<!--[if lt IE 9]><script>document.createElement('audio');<\/script><![endif]-->\n<audio class=\"wp-audio-shortcode\" id=\"audio-3642-1\" preload=\"none\" style=\"width: 100%;\" controls=\"controls\"><source type=\"audio\/mpeg\" src=\"https:\/\/jairolibreros.com\/wp-content\/uploads\/2025\/05\/AUDIO-2025-05-04-11-33-49.m4a?_=1\" \/><a href=\"https:\/\/jairolibreros.com\/wp-content\/uploads\/2025\/05\/AUDIO-2025-05-04-11-33-49.m4a\">https:\/\/jairolibreros.com\/wp-content\/uploads\/2025\/05\/AUDIO-2025-05-04-11-33-49.m4a<\/a><\/audio>\n<p>&nbsp;<\/p>\n<p class=\"p1\"><span class=\"s1\" style=\"font-family: tahoma, arial, helvetica, sans-serif; font-size: 14pt;\">&#8220;<em>Las frases preagrupamiento de tropas -dir\u00eda, tropas del narcotr\u00e1fico, zona de concentraci\u00f3n y distensi\u00f3n territorial se resumen en una sola palabra: Cagu\u00e1n; que en la memoria de los colombianos es la versi\u00f3n t\u00f3xica de un proceso de paz fallido. <\/em><\/span><\/p>\n<p class=\"p1\"><span style=\"font-family: tahoma, arial, helvetica, sans-serif; font-size: 14pt;\"><em><span class=\"s1\">Las lecciones aprendidas de los di\u00e1logos de paz nos ense\u00f1aron que una desmilitarizaci\u00f3n sin metodolog\u00eda, sin acuerdos con la fuerza p\u00fablica, sin consensos pol\u00edticos locales y sin voluntad de paz probada por los violentos nos conducen a un solo escenario: el fracaso.<\/span><\/em><\/span><\/p>\n<p class=\"p1\"><span style=\"font-family: tahoma, arial, helvetica, sans-serif; font-size: 14pt;\"><em><span class=\"s1\">Y si a todo esto le sumamos que el Gobierno Nacional considera que el Catatumbo es una zona de frontera caracterizada en seguridad y orden publico por cultivos il\u00edcitos, narcotr\u00e1fico, rentas ilegales y tr\u00e1fico il\u00edcito de armas bajo el dominio y control territorial del ELN, que atac\u00f3 a las disidencias de las FARC causando la crisis humanitaria -amenazas, homicidios selectivos, desplazamientos, confinamientos- que termin\u00f3 en una conmoci\u00f3n interior, el fracaso se convertir\u00e1 en tragedia.<\/span><\/em><\/span><\/p>\n<p class=\"p1\"><span class=\"s1\" style=\"font-family: tahoma, arial, helvetica, sans-serif; font-size: 14pt;\"><em>En conclusi\u00f3n, dec\u00eda el viejo Marx que la historia se repite dos veces, la primera como tragedia y la segunda como farsa. El fracaso fue el Cagu\u00e1n, la tragedia ser\u00eda el Catatumbo y la farsa la veremos en consignas electorales de paz total en las elecciones presidenciales del 2026<\/em>&#8220;: <strong>Jairo Libreros<\/strong>.<\/span><\/p>\n<p><iframe hcb-fetch-image-from=\"https:\/\/youtu.be\/9owRm46AORo?si=qCkc_CcIEXlhgEXH\" title=\"Pol\u00e9mico anuncio de crear Zona de Ubicaci\u00f3n Temporal para disidentes en Catatumbo: Jairo Libreros\" width=\"640\" height=\"360\" src=\"https:\/\/www.youtube.com\/embed\/9owRm46AORo?feature=oembed\" frameborder=\"0\" allow=\"accelerometer; autoplay; clipboard-write; encrypted-media; gyroscope; picture-in-picture; web-share\" referrerpolicy=\"strict-origin-when-cross-origin\" allowfullscreen><\/iframe><\/p>\n<p><span style=\"font-family: tahoma, arial, helvetica, sans-serif; font-size: 14pt;\">De acuerdo con el anuncio del presidente Gustavo Petro, se trata del lugar donde el <a href=\"https:\/\/www.noticiasrcn.com\/temas\/disidencias-de-las-farc\" target=\"_blank\" rel=\"noopener\" data-mrf-link=\"https:\/\/www.noticiasrcn.com\/temas\/disidencias-de-las-farc\">frente 33 de las disidencias de las Farc<\/a> har\u00edan su tr\u00e1nsito a la desmovilizaci\u00f3n y dejaci\u00f3n de armas, mientras avanzan los di\u00e1logos.<\/span><\/p>\n<p><span style=\"font-family: tahoma, arial, helvetica, sans-serif; font-size: 14pt;\">El jefe de Estado se\u00f1al\u00f3 que una zona de ubicaci\u00f3n temporal que puso a disposici\u00f3n de las disidencias de alias Calarc\u00e1, alias Andrey y John Mechas. Decisi\u00f3n que calific\u00f3 como una zona de paz.<\/span><\/p>\n<p><span style=\"font-family: tahoma, arial, helvetica, sans-serif; font-size: 14pt;\">El trino en el que el mandatario hizo el anuncio iba acompa\u00f1ado de un documento con las firmas de John Mendoza, alias John Mechas y Andrey Avenda\u00f1o, dos de los cabecillas criminales se\u00f1alados de sembrar terror en el Catatumbo con secuestros, atentados y desplazamientos masivos.<\/span><\/p>\n<p class=\"p1\"><span style=\"font-family: tahoma, arial, helvetica, sans-serif; font-size: 14pt;\"><b>El documento que anunci\u00f3 las Zonas de Ubicaci\u00f3n Temporal para disidencias<\/b><\/span><\/p>\n<p><span style=\"font-family: tahoma, arial, helvetica, sans-serif; font-size: 14pt;\">El documento explica el acuerdo al que lleg\u00f3 el gobierno con esta estructura armada, en el que dispuso de una extensa \u00e1rea de concentraci\u00f3n en el municipio de Tib\u00fa.<\/span><\/p>\n<p><span style=\"font-family: tahoma, arial, helvetica, sans-serif; font-size: 14pt;\">Dice el documento que se garantizar\u00e1 el respeto por los derechos de la poblaci\u00f3n civil y contar\u00e1 con participaci\u00f3n de la comunidad activa en el Catatumbo en estos procesos de di\u00e1logo.<\/span><\/p>\n<p><span style=\"font-family: tahoma, arial, helvetica, sans-serif; font-size: 14pt;\">Se estableci\u00f3 que las delegaciones elaborar\u00e1n los acuerdos y protocolos necesarios para la puesta en marcha de la zona de ubicaci\u00f3n temporal y su funcionamiento, as\u00ed como la temporalidad de cada una de sus fases.<\/span><\/p>\n<p><span style=\"font-family: tahoma, arial, helvetica, sans-serif; font-size: 14pt;\">Faltan los protocolos y dem\u00e1s medidas de c\u00f3mo funcionar\u00edan estas zonas de ubicaci\u00f3n temporal y sobre todo cu\u00e1ntos ser\u00edan los disidentes que estar\u00edan all\u00ed concentrados.<\/span><\/p>\n<p class=\"p1\"><span style=\"font-family: tahoma, arial, helvetica, sans-serif; font-size: 14pt;\"><b>Reacciones al anuncio de las Zonas de Ubicaci\u00f3n Temporal en Catatumbo<\/b><\/span><\/p>\n<p><span style=\"font-family: tahoma, arial, helvetica, sans-serif; font-size: 14pt;\">La decisi\u00f3n gener\u00f3 reacciones inmediatas de diferentes sectores:<\/span><\/p>\n<p><span style=\"font-family: tahoma, arial, helvetica, sans-serif; font-size: 14pt;\"><strong>Jairo Libreros, experto en seguridad nacional<\/strong>, se pronunci\u00f3 a la decisi\u00f3n del presidente Petro:<\/span><\/p>\n<blockquote>\n<p style=\"text-align: center;\"><span style=\"font-family: tahoma, arial, helvetica, sans-serif; font-size: 14pt;\">&#8220;Las frases preagrupamiento de tropas dir\u00eda yo de narcotr\u00e1fico, zona de concentraci\u00f3n y distensi\u00f3n territorial que resumen en una sola palabra, Cagu\u00e1n, que en la memoria de los colombianos es la versi\u00f3n t\u00f3xica de un proceso de paz fallido&#8221;: <strong>Jairo Libreros<\/strong>.<\/span><\/p>\n<\/blockquote>\n<p><span style=\"font-family: tahoma, arial, helvetica, sans-serif; font-size: 14pt;\">Por su parte, el senador Ariel \u00c1vila, advirti\u00f3: \u201cEsto se da por una presi\u00f3n del ELN que los ten\u00eda acorralados y los estaba masacrando, estaban salvando sus vidas. Por eso se espera que la mayor\u00eda de ellos si hagan transite este proceso de paz y se pueda dar la desmovilizaci\u00f3n m\u00e1s r\u00e1pido.<\/span><\/p>\n<p><span style=\"font-family: tahoma, arial, helvetica, sans-serif; font-size: 14pt;\">\u201cEste paso debe ir acompa\u00f1ado de total claridad frente a temas claves como la justicia y la verdad para las v\u00edctimas. Muchos integrantes del frente 33 son firmantes del Acuerdo de Paz del 2016, lo cual implica que han incumplido sus compromisos con la JEP\u201d, dijo Leonardo Gonz\u00e1lez, director de Indepaz.<\/span><\/p>\n<p><span style=\"font-family: tahoma, arial, helvetica, sans-serif; font-size: 14pt;\">Luis Fernando Ni\u00f1o, alto consejero para la paz de Norte de Santander, hizo un duro cuestionamiento: \u201cUn actor que entre a una zona de ubicaci\u00f3n, claro, entra con armas, primera cuesti\u00f3n, y \u00bfqu\u00e9 esperamos que a eso sea un cese al fuego por parte de este grupo?&#8221;.<\/span><\/p>\n<p class=\"p1\"><span style=\"font-family: tahoma, arial, helvetica, sans-serif; font-size: 14pt;\"><b>As\u00ed fue la reuni\u00f3n de la delegaci\u00f3n de paz con el frente 33 de las disidencias<\/b><\/span><\/p>\n<p class=\"p2\"><span style=\"font-family: tahoma, arial, helvetica, sans-serif; font-size: 14pt;\">La reuni\u00f3n tuvo epicentro en el \u00e1rea metropolitana de C\u00facuta, espec\u00edficamente en el municipio de Los Patios.<\/span><\/p>\n<p class=\"p2\"><span style=\"font-family: tahoma, arial, helvetica, sans-serif; font-size: 14pt;\">Sin embargo, los sectores optimistas esperan que esta decisi\u00f3n ayude a mejorar la situaci\u00f3n de orden p\u00fablico que ha generado la guerra entre el ELN y las disidencias de las Farc, que ya completan m\u00e1s de 100 d\u00edas en la zona del Catatumbo y que ya deja m\u00e1s de 50.000 personas desplazadas desde esta zona.<\/span><\/p>\n<p class=\"p2\"><span style=\"font-family: tahoma, arial, helvetica, sans-serif; font-size: 14pt;\">Olgu\u00edn Mayorga, l\u00edder de v\u00edctimas indic\u00f3 que se \u201cdebe entender que aqu\u00ed hay una guerra entre el Ej\u00e9rcito de Liberaci\u00f3n Nacional y las incidencias de este frente 33 y el significado que traer\u00eda para las comunidades\u201d.<\/span><\/p>\n<p><span style=\"font-family: tahoma, arial, helvetica, sans-serif; font-size: 14pt;\">El link de Noticias RCN con el an\u00e1lisis es el siguiente:<\/span><\/p>\n<p><span style=\"text-decoration: underline; font-family: tahoma, arial, helvetica, sans-serif; font-size: 14pt;\"><a href=\"https:\/\/www.noticiasrcn.com\/colombia\/reaccionan-al-polemico-anuncio-de-crear-una-zona-para-disidentes-en-catatumbo-886494\">https:\/\/www.noticiasrcn.com\/colombia\/reaccionan-al-polemico-anuncio-de-crear-una-zona-para-disidentes-en-catatumbo-886494<\/a><\/span><\/p>\n<p style=\"text-align: right;\"><span style=\"text-decoration: underline; font-family: tahoma, arial, helvetica, sans-serif; font-size: 14pt;\"><a href=\"https:\/\/jairolibreros.com\/\"><strong>Blog de Jairo Libreros<\/strong><\/a><\/span><\/p>\n","protected":false},"excerpt":{"rendered":"<p>Pol\u00e9mico anuncio de crear Zona de Ubicaci\u00f3n Temporal para disidentes en Catatumbo Bogot\u00e1 DC \u00b7 \u00d3scar Ram\u00edrez \u00b7 Noticias RCN \u00b7 04.05.2025 &nbsp; <\/p>\n","protected":false},"author":1,"featured_media":3655,"comment_status":"open","ping_status":"open","sticky":false,"template":"","format":"standard","meta":{"om_disable_all_campaigns":false,"_monsterinsights_skip_tracking":false,"_monsterinsights_sitenote_active":false,"_monsterinsights_sitenote_note":"","_monsterinsights_sitenote_category":0,"footnotes":""},"categories":[1],"tags":[54,90,53,39],"aioseo_notices":[],"class_list":["post-3642","post","type-post","status-publish","format-standard","has-post-thumbnail","hentry","category-jairo-libreros","tag-comunicacion-politica","tag-seguridad-y-defensa-nacional","tag-politicas-publicas","tag-seguridad-ciudadana"],"_links":{"self":[{"href":"https:\/\/jairolibreros.com\/index.php?rest_route=\/wp\/v2\/posts\/3642"}],"collection":[{"href":"https:\/\/jairolibreros.com\/index.php?rest_route=\/wp\/v2\/posts"}],"about":[{"href":"https:\/\/jairolibreros.com\/index.php?rest_route=\/wp\/v2\/types\/post"}],"author":[{"embeddable":true,"href":"https:\/\/jairolibreros.com\/index.php?rest_route=\/wp\/v2\/users\/1"}],"replies":[{"embeddable":true,"href":"https:\/\/jairolibreros.com\/index.php?rest_route=%2Fwp%2Fv2%2Fcomments&post=3642"}],"version-history":[{"count":13,"href":"https:\/\/jairolibreros.com\/index.php?rest_route=\/wp\/v2\/posts\/3642\/revisions"}],"predecessor-version":[{"id":4611,"href":"https:\/\/jairolibreros.com\/index.php?rest_route=\/wp\/v2\/posts\/3642\/revisions\/4611"}],"wp:featuredmedia":[{"embeddable":true,"href":"https:\/\/jairolibreros.com\/index.php?rest_route=\/wp\/v2\/media\/3655"}],"wp:attachment":[{"href":"https:\/\/jairolibreros.com\/index.php?rest_route=%2Fwp%2Fv2%2Fmedia&parent=3642"}],"wp:term":[{"taxonomy":"category","embeddable":true,"href":"https:\/\/jairolibreros.com\/index.php?rest_route=%2Fwp%2Fv2%2Fcategories&post=3642"},{"taxonomy":"post_tag","embeddable":true,"href":"https:\/\/jairolibreros.com\/index.php?rest_route=%2Fwp%2Fv2%2Ftags&post=3642"}],"curies":[{"name":"wp","href":"https:\/\/api.w.org\/{rel}","templated":true}]}}