{"id":3666,"date":"2025-05-06T22:46:19","date_gmt":"2025-05-06T22:46:19","guid":{"rendered":"https:\/\/jairolibreros.com\/?p=3666"},"modified":"2025-09-18T00:52:18","modified_gmt":"2025-09-18T00:52:18","slug":"despego-en-la-polimetrica-la-consulta-popular","status":"publish","type":"post","link":"https:\/\/jairolibreros.com\/?p=3666","title":{"rendered":"Despeg\u00f3 la consulta popular en la Polim\u00e9trica"},"content":{"rendered":"<p><strong><span style=\"font-size: 14pt; font-family: tahoma, arial, helvetica, sans-serif;\">Despeg\u00f3 la consulta popular en la Polim\u00e9trica<\/span><\/strong><\/p>\n<p class=\"p1\"><span style=\"font-family: tahoma, arial, helvetica, sans-serif; font-size: 14pt;\"><em>Bogot\u00e1 DC \u00b7 06.05.2025<\/em><\/span><\/p>\n<p><span style=\"font-family: tahoma, arial, helvetica, sans-serif; font-size: 14pt;\">Cifras y Conceptos present\u00f3 la Encuesta Polim\u00e9trica (Mayo, 2025). En esta versi\u00f3n, adem\u00e1s de mantener las variables constantes de seguimiento sobre &#8220;&#8230;<em>la percepci\u00f3n de la ciudadan\u00eda frente a temas de opini\u00f3n p\u00fablica y de coyuntura social<\/em>&#8230;&#8221;, consult\u00f3 a los ciudadanos si est\u00e1n de acuerdo con la Consulta Popular, su probabilidad de participar en la jornada electoral, entre otras preguntas. <\/span><\/p>\n<p><span style=\"font-family: tahoma, arial, helvetica, sans-serif; font-size: 14pt;\">De un lado, la favorabilidad del presidente Gustavo Petro es ascendente y llega al 45%:<\/span><\/p>\n<figure id=\"attachment_3865\" aria-describedby=\"caption-attachment-3865\" style=\"width: 300px\" class=\"wp-caption alignleft\"><img fetchpriority=\"high\" decoding=\"async\" class=\"size-medium wp-image-3865\" src=\"https:\/\/jairolibreros.com\/wp-content\/uploads\/2025\/05\/IMG_5197-300x171.jpg\" alt=\"\" width=\"300\" height=\"171\" srcset=\"https:\/\/jairolibreros.com\/wp-content\/uploads\/2025\/05\/IMG_5197-300x171.jpg 300w, https:\/\/jairolibreros.com\/wp-content\/uploads\/2025\/05\/IMG_5197-1024x583.jpg 1024w, https:\/\/jairolibreros.com\/wp-content\/uploads\/2025\/05\/IMG_5197-768x437.jpg 768w, https:\/\/jairolibreros.com\/wp-content\/uploads\/2025\/05\/IMG_5197-1536x875.jpg 1536w, https:\/\/jairolibreros.com\/wp-content\/uploads\/2025\/05\/IMG_5197.jpg 1837w\" sizes=\"(max-width: 300px) 100vw, 300px\" \/><figcaption id=\"caption-attachment-3865\" class=\"wp-caption-text\"><span style=\"font-family: tahoma, arial, helvetica, sans-serif; font-size: 10pt;\">Favorabilidad del presidente Gustavo Petro. Polim\u00e9trica. C&amp;C. 05.05.2025<\/span><\/figcaption><\/figure>\n<p><span style=\"font-family: tahoma, arial, helvetica, sans-serif; font-size: 14pt;\">\u00bfEsa favorabilidad se traduce en un porcentaje similar de votaci\u00f3n para la consulta popular? NO. Por regla general los votos no son endosables. No existe un puente directo entre niveles de favorabilidad y los resultados en los comicios a cargos de elecci\u00f3n popular o en los de mecanismos de participaci\u00f3n ciudadana.<\/span><\/p>\n<p><span style=\"font-family: tahoma, arial, helvetica, sans-serif; font-size: 14pt;\">Pero ese porcentaje de favorabilidad del presidente Petro es una base importante de apoyo por el s\u00ed a la consulta, mas no para efectos del umbral (13.6 millones de votantes). Son temas diferentes. Sin superar el umbral se frustrar\u00eda el resultado mayoritario por el s\u00ed.<\/span><\/p>\n<p><span style=\"font-family: tahoma, arial, helvetica, sans-serif; font-size: 14pt;\">Bueno&#8230;, siempre y cuando las transformaciones sociales sean los temas centrales para el Gobierno Nacional. Si en cambio la Consulta Popular es un pulso anticipado para prender las elecciones de 2026, con <\/span><span style=\"font-family: tahoma, arial, helvetica, sans-serif; font-size: 14pt;\">alcanzar el 50% del umbral (6.8 millones) con un voto mayoritario por el s\u00ed es suficiente para asegurar una bancada amplia en el Legislativo y asegurar\u00eda en las presidenciales llegar a la segunda vuelta electoral.<\/span><\/p>\n<figure id=\"attachment_3866\" aria-describedby=\"caption-attachment-3866\" style=\"width: 300px\" class=\"wp-caption alignright\"><img decoding=\"async\" class=\"size-medium wp-image-3866\" src=\"https:\/\/jairolibreros.com\/wp-content\/uploads\/2025\/05\/IMG_5164-300x170.jpg\" alt=\"\" width=\"300\" height=\"170\" srcset=\"https:\/\/jairolibreros.com\/wp-content\/uploads\/2025\/05\/IMG_5164-300x170.jpg 300w, https:\/\/jairolibreros.com\/wp-content\/uploads\/2025\/05\/IMG_5164-1024x579.jpg 1024w, https:\/\/jairolibreros.com\/wp-content\/uploads\/2025\/05\/IMG_5164-768x434.jpg 768w, https:\/\/jairolibreros.com\/wp-content\/uploads\/2025\/05\/IMG_5164-1536x869.jpg 1536w, https:\/\/jairolibreros.com\/wp-content\/uploads\/2025\/05\/IMG_5164.jpg 1839w\" sizes=\"(max-width: 300px) 100vw, 300px\" \/><figcaption id=\"caption-attachment-3866\" class=\"wp-caption-text\"><span style=\"font-size: 10pt; font-family: tahoma, arial, helvetica, sans-serif;\">Votos positivos de la consulta popular. Polim\u00e9trica. C&amp;C. 2025<\/span><\/figcaption><\/figure>\n<p><span style=\"font-family: tahoma, arial, helvetica, sans-serif; font-size: 14pt;\">Y del otro lado, aparece el porcentaje a favor del s\u00ed por la Consulta Popular. Es tan alta la intenci\u00f3n de voto por el s\u00ed, que en \u00faltima instancia el proceso se centrar\u00e1 solo en la validez de todas las preguntas, como un solo paquete, y quedar\u00e1 en un segundo plano la individualizci\u00f3n de las preguntas: quienes acudan a las urnas por el s\u00ed, votar\u00e1n afirmativamente por la gran mayor\u00eda de preguntas, sin mayores distinciones.<\/span><\/p>\n<figure id=\"attachment_3868\" aria-describedby=\"caption-attachment-3868\" style=\"width: 300px\" class=\"wp-caption alignleft\"><img decoding=\"async\" class=\"size-medium wp-image-3868\" src=\"https:\/\/jairolibreros.com\/wp-content\/uploads\/2025\/05\/IMG_5165-300x170.jpg\" alt=\"\" width=\"300\" height=\"170\" srcset=\"https:\/\/jairolibreros.com\/wp-content\/uploads\/2025\/05\/IMG_5165-300x170.jpg 300w, https:\/\/jairolibreros.com\/wp-content\/uploads\/2025\/05\/IMG_5165-1024x579.jpg 1024w, https:\/\/jairolibreros.com\/wp-content\/uploads\/2025\/05\/IMG_5165-768x434.jpg 768w, https:\/\/jairolibreros.com\/wp-content\/uploads\/2025\/05\/IMG_5165-1536x868.jpg 1536w, https:\/\/jairolibreros.com\/wp-content\/uploads\/2025\/05\/IMG_5165.jpg 1836w\" sizes=\"(max-width: 300px) 100vw, 300px\" \/><figcaption id=\"caption-attachment-3868\" class=\"wp-caption-text\"><span style=\"font-size: 10pt; font-family: tahoma, arial, helvetica, sans-serif;\">Las 12 preguntas de la consulta popular. Polim\u00e9trica. C&amp;C. 2025<\/span><\/figcaption><\/figure>\n<p>&nbsp;<\/p>\n<p><span class=\"css-1jxf684 r-bcqeeo r-1ttztb7 r-qvutc0 r-poiln3\" style=\"font-family: tahoma, arial, helvetica, sans-serif; font-size: 14pt;\">&#8220;El estartazo de la consulta popular es contundente, similar o m\u00e1s impactante al de otras versiones que naufragaron&#8221;, <strong>Jairo Libreros<\/strong>:<\/span><\/p>\n<p><span class=\"css-1jxf684 r-bcqeeo r-1ttztb7 r-qvutc0 r-poiln3\" style=\"font-family: tahoma, arial, helvetica, sans-serif; font-size: 14pt;\"><span style=\"text-decoration-line: underline;\"><a style=\"color: #000000;\" href=\"https:\/\/x.com\/JairoLibreros\/status\/1919384207874285799\">https:\/\/x.com\/JairoLibreros\/status\/1919384207874285799<\/a><\/span>\u00a0<\/span><\/p>\n<p><span style=\"font-family: tahoma, arial, helvetica, sans-serif; font-size: 14pt;\">El link donde Cifras y Concepto deposit\u00f3 la Polim\u00e9trica es el siguiente:<\/span><\/p>\n<p><span style=\"font-family: tahoma, arial, helvetica, sans-serif; font-size: 14pt;\"><a href=\"https:\/\/www.cifrasyconceptos.com\/wp-content\/uploads\/2025\/05\/Polimetrica-Mayo-2025-V2.pdf\"><span style=\"text-decoration: underline;\">https:\/\/www.cifrasyconceptos.com\/wp-content\/uploads\/2025\/05\/Polimetrica-Mayo-2025-V2.pdf<\/span><\/a>\u00a0<\/span><\/p>\n<p style=\"text-align: right;\"><span style=\"text-decoration: underline; font-family: tahoma, arial, helvetica, sans-serif; font-size: 14pt;\"><a href=\"https:\/\/jairolibreros.com\/\"><strong><span style=\"font-family: tahoma, arial, helvetica, sans-serif; font-size: 14pt;\">Blog de Jairo Libreros<\/span><\/strong><\/a><\/span><\/p>\n","protected":false},"excerpt":{"rendered":"<p>Despeg\u00f3 la consulta popular en la Polim\u00e9trica Bogot\u00e1 DC \u00b7 06.05.2025 Cifras y Conceptos present\u00f3 la Encuesta Polim\u00e9trica (Mayo, 2025). En esta versi\u00f3n, <\/p>\n","protected":false},"author":1,"featured_media":2347,"comment_status":"open","ping_status":"open","sticky":false,"template":"","format":"standard","meta":{"om_disable_all_campaigns":false,"_monsterinsights_skip_tracking":false,"_monsterinsights_sitenote_active":false,"_monsterinsights_sitenote_note":"","_monsterinsights_sitenote_category":0,"footnotes":""},"categories":[1],"tags":[44,54,37],"aioseo_notices":[],"class_list":["post-3666","post","type-post","status-publish","format-standard","has-post-thumbnail","hentry","category-jairo-libreros","tag-elecciones","tag-comunicacion-politica","tag-movilizacion-social"],"_links":{"self":[{"href":"https:\/\/jairolibreros.com\/index.php?rest_route=\/wp\/v2\/posts\/3666"}],"collection":[{"href":"https:\/\/jairolibreros.com\/index.php?rest_route=\/wp\/v2\/posts"}],"about":[{"href":"https:\/\/jairolibreros.com\/index.php?rest_route=\/wp\/v2\/types\/post"}],"author":[{"embeddable":true,"href":"https:\/\/jairolibreros.com\/index.php?rest_route=\/wp\/v2\/users\/1"}],"replies":[{"embeddable":true,"href":"https:\/\/jairolibreros.com\/index.php?rest_route=%2Fwp%2Fv2%2Fcomments&post=3666"}],"version-history":[{"count":15,"href":"https:\/\/jairolibreros.com\/index.php?rest_route=\/wp\/v2\/posts\/3666\/revisions"}],"predecessor-version":[{"id":4614,"href":"https:\/\/jairolibreros.com\/index.php?rest_route=\/wp\/v2\/posts\/3666\/revisions\/4614"}],"wp:featuredmedia":[{"embeddable":true,"href":"https:\/\/jairolibreros.com\/index.php?rest_route=\/wp\/v2\/media\/2347"}],"wp:attachment":[{"href":"https:\/\/jairolibreros.com\/index.php?rest_route=%2Fwp%2Fv2%2Fmedia&parent=3666"}],"wp:term":[{"taxonomy":"category","embeddable":true,"href":"https:\/\/jairolibreros.com\/index.php?rest_route=%2Fwp%2Fv2%2Fcategories&post=3666"},{"taxonomy":"post_tag","embeddable":true,"href":"https:\/\/jairolibreros.com\/index.php?rest_route=%2Fwp%2Fv2%2Ftags&post=3666"}],"curies":[{"name":"wp","href":"https:\/\/api.w.org\/{rel}","templated":true}]}}