{"id":3681,"date":"2025-05-08T22:51:32","date_gmt":"2025-05-08T22:51:32","guid":{"rendered":"https:\/\/jairolibreros.com\/?p=3681"},"modified":"2025-09-18T00:53:04","modified_gmt":"2025-09-18T00:53:04","slug":"soy-la-voz-de-quienes-vemos-con-indignacion-las-promesas-de-cambio-politico-y-con-desconfianza-las-consignas-electorales-de-manos-limpias-para-administrar-el-erario-publico","status":"publish","type":"post","link":"https:\/\/jairolibreros.com\/?p=3681","title":{"rendered":"Soy la voz de qui\u00e9nes vemos con indignaci\u00f3n las promesas de cambio pol\u00edtico y con desconfianza las consignas electorales de manos limpias para administrar el erario p\u00fablico"},"content":{"rendered":"<p><span style=\"font-size: 14pt; font-family: tahoma, arial, helvetica, sans-serif;\"><strong>Soy la voz de qui\u00e9nes vemos con indignaci\u00f3n las promesas de cambio pol\u00edtico y con desconfianza las consignas electorales de manos limpias para administrar el erario p\u00fablico<\/strong><\/span><\/p>\n<p><span style=\"font-family: tahoma, arial, helvetica, sans-serif; font-size: 14pt;\"><em><a class=\"css-4rbku5 css-18t94o4 css-901oao css-16my406 r-1cvl2hr r-1loqt21 r-poiln3 r-bcqeeo r-1ny4l3l r-1ddef8g r-tjvw6i r-qvutc0\" dir=\"ltr\" role=\"link\" href=\"https:\/\/twitter.com\/hashtag\/SoyLaVoz?src=hashtag_click\">#SoyLaVoz<\/a> \u00b7 La Luci\u00e9rnaga \u00b7 Caracol Radio \u00b7 08.05.2025<\/em><\/span><\/p>\n<!--[if lt IE 9]><script>document.createElement('audio');<\/script><![endif]-->\n<audio class=\"wp-audio-shortcode\" id=\"audio-3681-1\" preload=\"none\" style=\"width: 100%;\" controls=\"controls\"><source type=\"audio\/mpeg\" src=\"https:\/\/jairolibreros.com\/wp-content\/uploads\/2025\/05\/SLV-JAIRO-LIBREROS-08-MAY.mp3?_=1\" \/><a href=\"https:\/\/jairolibreros.com\/wp-content\/uploads\/2025\/05\/SLV-JAIRO-LIBREROS-08-MAY.mp3\">https:\/\/jairolibreros.com\/wp-content\/uploads\/2025\/05\/SLV-JAIRO-LIBREROS-08-MAY.mp3<\/a><\/audio>\n<p>&nbsp;<\/p>\n<p class=\"p1\"><span style=\"font-family: tahoma, arial, helvetica, sans-serif; font-size: 14pt;\">Hola, les habla <b>Jairo Libreros<\/b>, profesor de la Universidad Externado de Colombia, y soy la voz de qui\u00e9nes vemos con indignaci\u00f3n las promesas de cambio pol\u00edtico y con desconfianza las consignas electorales de manos limpias para administrar el erario p\u00fablico.<\/span><\/p>\n<p class=\"p1\"><span style=\"font-family: tahoma, arial, helvetica, sans-serif; font-size: 14pt;\">En Colombia las relaciones pol\u00edticas entre la Casa de Nari\u00f1o y el Congreso de la Rep\u00fablica son t\u00f3xicas. No todos quienes han ostentado altas dignidades gubernamentales resultaron involucrados en tratos por debajo de la mesa, sean estos acuerdos burocr\u00e1ticos, apoyos contractuales, coimas, sobornos, auxilios parlamentarios, cupos indicativos, mermelada o carrotanques.<\/span><\/p>\n<p class=\"p1\"><span style=\"font-family: tahoma, arial, helvetica, sans-serif; font-size: 14pt;\">Sin embargo, no pocos de esos altos funcionarios se adue\u00f1aron en las campa\u00f1as electorales de la palabra cambio pol\u00edtico en aras de liquidar las practicas perversas de la corrupci\u00f3n. Y fracasaron. Y nos enga\u00f1aron. Acordaron prebendas pol\u00edticas y pagos econ\u00f3micos por debajo de la mesa.<\/span><\/p>\n<p class=\"p1\"><span style=\"font-family: tahoma, arial, helvetica, sans-serif; font-size: 14pt;\">Otros candidatos, no todos, pero s\u00ed muchos, enarbolaron las banderas de manos limpias para llegar al poder y, tan pronto de posesionaron en sus cargos p\u00fablicos, se enriquecieron sin sonrojarse con los dineros de los impuestos pagados por los contribuyentes.<\/span><\/p>\n<p class=\"p1\"><span style=\"font-family: tahoma, arial, helvetica, sans-serif; font-size: 14pt;\">En conclusi\u00f3n, el cambio y las manos limpias no es un asunto propio del ADN de quienes militan en la derecha, en el centro o en la izquierda del espectro ideol\u00f3gico. Realmente, el sistema pol\u00edtico no funciona. Y ah\u00ed est\u00e1 la soluci\u00f3n: necesitamos nuevas instituciones p\u00fablicas.<\/span><\/p>\n<p style=\"text-align: right;\"><span style=\"text-decoration: underline; font-family: tahoma, arial, helvetica, sans-serif; font-size: 14pt;\"><a href=\"https:\/\/jairolibreros.com\/\"><strong>Blog de Jairo Libreros<\/strong><\/a><\/span><\/p>\n","protected":false},"excerpt":{"rendered":"<p>Soy la voz de qui\u00e9nes vemos con indignaci\u00f3n las promesas de cambio pol\u00edtico y con desconfianza las consignas electorales de manos limpias para <\/p>\n","protected":false},"author":1,"featured_media":428,"comment_status":"open","ping_status":"open","sticky":false,"template":"","format":"standard","meta":{"om_disable_all_campaigns":false,"_monsterinsights_skip_tracking":false,"_monsterinsights_sitenote_active":false,"_monsterinsights_sitenote_note":"","_monsterinsights_sitenote_category":0,"footnotes":""},"categories":[94,1],"tags":[54],"aioseo_notices":[],"class_list":["post-3681","post","type-post","status-publish","format-standard","has-post-thumbnail","hentry","category-caracol-radio","category-jairo-libreros","tag-comunicacion-politica"],"_links":{"self":[{"href":"https:\/\/jairolibreros.com\/index.php?rest_route=\/wp\/v2\/posts\/3681"}],"collection":[{"href":"https:\/\/jairolibreros.com\/index.php?rest_route=\/wp\/v2\/posts"}],"about":[{"href":"https:\/\/jairolibreros.com\/index.php?rest_route=\/wp\/v2\/types\/post"}],"author":[{"embeddable":true,"href":"https:\/\/jairolibreros.com\/index.php?rest_route=\/wp\/v2\/users\/1"}],"replies":[{"embeddable":true,"href":"https:\/\/jairolibreros.com\/index.php?rest_route=%2Fwp%2Fv2%2Fcomments&post=3681"}],"version-history":[{"count":6,"href":"https:\/\/jairolibreros.com\/index.php?rest_route=\/wp\/v2\/posts\/3681\/revisions"}],"predecessor-version":[{"id":4615,"href":"https:\/\/jairolibreros.com\/index.php?rest_route=\/wp\/v2\/posts\/3681\/revisions\/4615"}],"wp:featuredmedia":[{"embeddable":true,"href":"https:\/\/jairolibreros.com\/index.php?rest_route=\/wp\/v2\/media\/428"}],"wp:attachment":[{"href":"https:\/\/jairolibreros.com\/index.php?rest_route=%2Fwp%2Fv2%2Fmedia&parent=3681"}],"wp:term":[{"taxonomy":"category","embeddable":true,"href":"https:\/\/jairolibreros.com\/index.php?rest_route=%2Fwp%2Fv2%2Fcategories&post=3681"},{"taxonomy":"post_tag","embeddable":true,"href":"https:\/\/jairolibreros.com\/index.php?rest_route=%2Fwp%2Fv2%2Ftags&post=3681"}],"curies":[{"name":"wp","href":"https:\/\/api.w.org\/{rel}","templated":true}]}}