{"id":371,"date":"2022-05-17T00:57:10","date_gmt":"2022-05-17T00:57:10","guid":{"rendered":"https:\/\/jairolibreros.com\/?p=371"},"modified":"2025-09-09T22:25:27","modified_gmt":"2025-09-09T22:25:27","slug":"retencion-de-rodrigo-granda-en-mexico-como-resolver-las-cuentas-pendientes","status":"publish","type":"post","link":"https:\/\/jairolibreros.com\/?p=371","title":{"rendered":"Retenci\u00f3n de Rodrigo Granda en M\u00e9xico, \u00bfc\u00f3mo resolver las cuentas pendientes?"},"content":{"rendered":"<p><span style=\"font-size: 14pt;\"><strong>Retenci\u00f3n de Rodrigo Granda en M\u00e9xico, \u00bfc\u00f3mo resolver las cuentas pendientes?<\/strong><\/span><\/p>\n<p><span style=\"font-size: 14pt;\"><strong>Jairo Libreros<\/strong>, panelista Hora20 de Caracol Radio: \u201cUno de los objetivos principales del proceso de paz es tener en cuenta a las v\u00edctimas. Estamos olvidando a la familia de Cecilia Cubas, ellos deben ser tenidos en cuenta. Es necesario entender la posici\u00f3n de esta familia\u201d.<\/span><\/p>\n<blockquote hcb-fetch-image-from=\"https:\/\/twitter.com\/Hora20\/status\/1450997087433281544?s=20&amp;t=Krpj1LMY55xfRURXvErl6w\" class=\"twitter-tweet\" data-width=\"550\" data-dnt=\"true\">\n<p lang=\"es\" dir=\"ltr\"><a href=\"https:\/\/twitter.com\/hashtag\/Hora20?src=hash&amp;ref_src=twsrc%5Etfw\">#Hora20<\/a> | \u201cUno de los objetivos principales del proceso de paz es tener en cuenta a las victimas. Estamos olvidando a la familia de Cecilia Cubas, ellos deben ser tenidos en cuenta. Es necesario entender la posici\u00f3n de esta familia\u201d, <a href=\"https:\/\/twitter.com\/JairoLibreros?ref_src=twsrc%5Etfw\">@JairoLibreros<\/a> \u25b6\ufe0f <a href=\"https:\/\/t.co\/NceKRPXy8s\">https:\/\/t.co\/NceKRPXy8s<\/a> <a href=\"https:\/\/t.co\/DpJETET1SQ\">pic.twitter.com\/DpJETET1SQ<\/a><\/p>\n<p>&mdash; Hora 20 (@Hora20) <a href=\"https:\/\/twitter.com\/Hora20\/status\/1450997087433281544?ref_src=twsrc%5Etfw\">October 21, 2021<\/a><\/p><\/blockquote>\n<p><script async src=\"https:\/\/platform.twitter.com\/widgets.js\" charset=\"utf-8\"><\/script><\/p>\n<p><span style=\"font-size: 14pt;\"><strong>Jairo Libreros<\/strong>: \u201cHay que pensar muy bien de qu\u00e9 manera se pueden hacer las gestiones diplomaticas, pero para hacerlo se debe tener en cuenta el consentimiento de la familia Cubas\u201d.<\/span><\/p>\n<blockquote hcb-fetch-image-from=\"https:\/\/twitter.com\/Hora20\/status\/1450997250981830656?s=20&amp;t=Krpj1LMY55xfRURXvErl6w\" class=\"twitter-tweet\" data-width=\"550\" data-dnt=\"true\">\n<p lang=\"es\" dir=\"ltr\"><a href=\"https:\/\/twitter.com\/hashtag\/Hora20?src=hash&amp;ref_src=twsrc%5Etfw\">#Hora20<\/a> | \u201cHay que pensar muy bien de qu\u00e9 manera se pueden hacer las gestiones diplomaticas, pero para hacerlo se debe tener en cuenta el consentimiento de la familia Cubas\u201d, <a href=\"https:\/\/twitter.com\/JairoLibreros?ref_src=twsrc%5Etfw\">@JairoLibreros<\/a> \u25b6\ufe0f <a href=\"https:\/\/t.co\/NceKRPXy8s\">https:\/\/t.co\/NceKRPXy8s<\/a> <a href=\"https:\/\/t.co\/QBig1Y8ZNL\">pic.twitter.com\/QBig1Y8ZNL<\/a><\/p>\n<p>&mdash; Hora 20 (@Hora20) <a href=\"https:\/\/twitter.com\/Hora20\/status\/1450997250981830656?ref_src=twsrc%5Etfw\">October 21, 2021<\/a><\/p><\/blockquote>\n<p><script async src=\"https:\/\/platform.twitter.com\/widgets.js\" charset=\"utf-8\"><\/script><\/p>\n<p><span style=\"font-size: 14pt;\"><strong>Jairo Libreros<\/strong>: \u201cLa intenci\u00f3n del Gobierno s\u00ed es subordinar a los alcaldes y gobernadores del pa\u00eds. Tiene claridad de lo que quiere hacer y sabe que necesita esa plata porque no ha ejecutado bien\u201d.<\/span><\/p>\n<blockquote hcb-fetch-image-from=\"https:\/\/twitter.com\/Hora20\/status\/1451001688454750209?s=20&amp;t=Krpj1LMY55xfRURXvErl6w\" class=\"twitter-tweet\" data-width=\"550\" data-dnt=\"true\">\n<p lang=\"es\" dir=\"ltr\"><a href=\"https:\/\/twitter.com\/hashtag\/Hora20?src=hash&amp;ref_src=twsrc%5Etfw\">#Hora20<\/a> | \u201cLa intenci\u00f3n del Gobierno s\u00ed es subordinar a los alcaldes y gobernadores del pa\u00eds. Tiene claridad de lo que quiere hacer y sabe que necesita esa plata porque no ha ejecutado bien\u201d, <a href=\"https:\/\/twitter.com\/JairoLibreros?ref_src=twsrc%5Etfw\">@JairoLibreros<\/a> \u25b6\ufe0f <a href=\"https:\/\/t.co\/NceKRPXy8s\">https:\/\/t.co\/NceKRPXy8s<\/a> <a href=\"https:\/\/t.co\/G4gd4CZm95\">pic.twitter.com\/G4gd4CZm95<\/a><\/p>\n<p>&mdash; Hora 20 (@Hora20) <a href=\"https:\/\/twitter.com\/Hora20\/status\/1451001688454750209?ref_src=twsrc%5Etfw\">October 21, 2021<\/a><\/p><\/blockquote>\n<p><script async src=\"https:\/\/platform.twitter.com\/widgets.js\" charset=\"utf-8\"><\/script><\/p>\n<p><span style=\"font-size: 14pt;\">Panelistas creen que el Estado debe adelantar estrategia de diplomacia y cooperaci\u00f3n con otros pa\u00edses; agregan que situaci\u00f3n fue inc\u00f3moda para M\u00e9xico<\/span><\/p>\n<p><span style=\"font-size: 14pt;\">Para <strong>Jairo Libreros<\/strong>, abogado, profesor universitario y experto en asuntos de seguridad, hay una gesti\u00f3n pol\u00edtica del presidente\u00a0Andr\u00e9s Manuel L\u00f3pez Obrador en el regreso de Rodrigo Granda a Colombia.\u00a0Por lo tanto, record\u00f3 que, en las relaciones internacionales de Granda en el pasado, las Farc recibi\u00f3 apoyo de pa\u00edses de la regi\u00f3n, entre ellos M\u00e9xico. Agreg\u00f3 que si bien es importante determinar qu\u00e9 va a ocurrir con el caso y cu\u00e1l ser\u00e1 el papel de la justicia transicional, recalc\u00f3 que se debe tener en cuenta la opini\u00f3n de las v\u00edctimas, en este caso de la familia de Cecilia Cubas, quienes han dicho que esperan una captura internacional para que Granda comparezca ante la justicia paraguaya.<\/span><\/p>\n<p><span style=\"font-size: 14pt;\">En cuanto a la suspensi\u00f3n de la ley de garant\u00edas, coment\u00f3 que desde el gobierno hay un inter\u00e9s de subordinar alcaldes y\u00a0gobernadores para &#8220;abrir el boquete de contratos&#8221;, y manifest\u00f3 que se busca un proceso de negociaci\u00f3n\u00a0entre candidatos del partido de gobierno y proyectos a nivel territorial.<\/span><\/p>\n<p><iframe hcb-fetch-image-from=\"https:\/\/youtu.be\/K3njENzfha8\" title=\"Hora 20 - Retenci\u00f3n de Rodrigo Granda en M\u00e9xico, \u00bfC\u00f3mo resolver las cuentas pendientes?\" width=\"640\" height=\"360\" src=\"https:\/\/www.youtube.com\/embed\/K3njENzfha8?feature=oembed\" frameborder=\"0\" allow=\"accelerometer; autoplay; clipboard-write; encrypted-media; gyroscope; picture-in-picture; web-share\" referrerpolicy=\"strict-origin-when-cross-origin\" allowfullscreen><\/iframe><\/p>\n","protected":false},"excerpt":{"rendered":"<p>Retenci\u00f3n de Rodrigo Granda en M\u00e9xico, \u00bfc\u00f3mo resolver las cuentas pendientes? Jairo Libreros, panelista Hora20 de Caracol Radio: \u201cUno de los objetivos principales <\/p>\n","protected":false},"author":1,"featured_media":428,"comment_status":"open","ping_status":"open","sticky":false,"template":"","format":"standard","meta":{"om_disable_all_campaigns":false,"_monsterinsights_skip_tracking":false,"_monsterinsights_sitenote_active":false,"_monsterinsights_sitenote_note":"","_monsterinsights_sitenote_category":0,"footnotes":""},"categories":[94,1],"tags":[90,64],"aioseo_notices":[],"class_list":["post-371","post","type-post","status-publish","format-standard","has-post-thumbnail","hentry","category-caracol-radio","category-jairo-libreros","tag-seguridad-y-defensa-nacional","tag-politica-internacional"],"_links":{"self":[{"href":"https:\/\/jairolibreros.com\/index.php?rest_route=\/wp\/v2\/posts\/371"}],"collection":[{"href":"https:\/\/jairolibreros.com\/index.php?rest_route=\/wp\/v2\/posts"}],"about":[{"href":"https:\/\/jairolibreros.com\/index.php?rest_route=\/wp\/v2\/types\/post"}],"author":[{"embeddable":true,"href":"https:\/\/jairolibreros.com\/index.php?rest_route=\/wp\/v2\/users\/1"}],"replies":[{"embeddable":true,"href":"https:\/\/jairolibreros.com\/index.php?rest_route=%2Fwp%2Fv2%2Fcomments&post=371"}],"version-history":[{"count":6,"href":"https:\/\/jairolibreros.com\/index.php?rest_route=\/wp\/v2\/posts\/371\/revisions"}],"predecessor-version":[{"id":1960,"href":"https:\/\/jairolibreros.com\/index.php?rest_route=\/wp\/v2\/posts\/371\/revisions\/1960"}],"wp:featuredmedia":[{"embeddable":true,"href":"https:\/\/jairolibreros.com\/index.php?rest_route=\/wp\/v2\/media\/428"}],"wp:attachment":[{"href":"https:\/\/jairolibreros.com\/index.php?rest_route=%2Fwp%2Fv2%2Fmedia&parent=371"}],"wp:term":[{"taxonomy":"category","embeddable":true,"href":"https:\/\/jairolibreros.com\/index.php?rest_route=%2Fwp%2Fv2%2Fcategories&post=371"},{"taxonomy":"post_tag","embeddable":true,"href":"https:\/\/jairolibreros.com\/index.php?rest_route=%2Fwp%2Fv2%2Ftags&post=371"}],"curies":[{"name":"wp","href":"https:\/\/api.w.org\/{rel}","templated":true}]}}