{"id":3913,"date":"2025-05-19T16:58:19","date_gmt":"2025-05-19T16:58:19","guid":{"rendered":"https:\/\/jairolibreros.com\/?p=3913"},"modified":"2025-09-18T00:55:56","modified_gmt":"2025-09-18T00:55:56","slug":"por-que-el-gobierno-responsabiliza-a-la-gobernadora-del-valle-del-cauca-por-el-hundimiento-de-la-consulta-popular","status":"publish","type":"post","link":"https:\/\/jairolibreros.com\/?p=3913","title":{"rendered":"\u00bfPor qu\u00e9 el Gobierno responsabiliza a la gobernadora del Valle del Cauca por el hundimiento de la consulta popular?"},"content":{"rendered":"<p><span style=\"font-family: tahoma, arial, helvetica, sans-serif; font-size: 14pt;\"><strong>\u00bfPor qu\u00e9 el Gobierno responsabiliza a la gobernadora del Valle del Cauca por el hundimiento de la consulta popular?<\/strong><\/span><\/p>\n<p><span style=\"font-family: tahoma, arial, helvetica, sans-serif; font-size: 14pt;\"><em>El Tiempo \u00b7 Juan Lombo \u00b7 19.05.2025<\/em><\/span><\/p>\n<!--[if lt IE 9]><script>document.createElement('audio');<\/script><![endif]-->\n<audio class=\"wp-audio-shortcode\" id=\"audio-3913-1\" preload=\"none\" style=\"width: 100%;\" controls=\"controls\"><source type=\"audio\/mpeg\" src=\"https:\/\/jairolibreros.com\/wp-content\/uploads\/2025\/05\/AUDIO-2025-05-20-12-02-43.m4a?_=1\" \/><a href=\"https:\/\/jairolibreros.com\/wp-content\/uploads\/2025\/05\/AUDIO-2025-05-20-12-02-43.m4a\">https:\/\/jairolibreros.com\/wp-content\/uploads\/2025\/05\/AUDIO-2025-05-20-12-02-43.m4a<\/a><\/audio>\n<p>&nbsp;<\/p>\n<p><span style=\"font-family: tahoma, arial, helvetica, sans-serif; font-size: 14pt;\">&#8220;<em>El gobierno Petro confirm\u00f3 su talante autoritario y revanchista en contra de quienes piensen diferente a la doctrina oficial de la Casa de Nari\u00f1o. Las amenazas del ministro Benedetti y del presidente Petro en contra de la gobernadora Dilian Francisca Toro es un acto de violencia pol\u00edtica en contra de la mandataria de los vallecaucanos, porque descalifica su papel institucional como autoridad leg\u00edtimamente constituida, amenaza con dejar sin vigencia los compromisos administrativos con los proyectos de desarrollo econ\u00f3mico del Valle del Cauca y, en t\u00e9rminos nacionales, env\u00eda un mensaje intimidatorio a todas las autoridades territoriales: si no se subordinan al petrismo ser\u00e1n amedrentados p\u00fablicamente y perder\u00e1n los apoyos fiscales para sus territorios<\/em>&#8220;: <strong>Jairo Libreros<\/strong>.<\/span><\/p>\n<p><span style=\"font-family: tahoma, arial, helvetica, sans-serif; font-size: 14pt;\">El link de El Tiempo es el siguiente:<\/span><\/p>\n<p><span style=\"font-family: tahoma, arial, helvetica, sans-serif; font-size: 14pt;\"><a href=\"https:\/\/www.eltiempo.com\/politica\/gobierno\/por-que-el-gobierno-responsabiliza-a-la-gobernadora-del-valle-del-cauca-por-el-hundimiento-de-la-consulta-3455218\"><span style=\"text-decoration: underline;\">https:\/\/www.eltiempo.com\/politica\/gobierno\/por-que-el-gobierno-responsabiliza-a-la-gobernadora-del-valle-del-cauca-por-el-hundimiento-de-la-consulta-3455218<\/span><\/a>\u00a0<\/span><\/p>\n<p style=\"text-align: right;\"><span style=\"text-decoration: underline; font-family: tahoma, arial, helvetica, sans-serif; font-size: 14pt;\"><a href=\"https:\/\/jairolibreros.com\/\"><strong>Blog de Jairo Libreros<\/strong><\/a><\/span><\/p>\n","protected":false},"excerpt":{"rendered":"<p>\u00bfPor qu\u00e9 el Gobierno responsabiliza a la gobernadora del Valle del Cauca por el hundimiento de la consulta popular? El Tiempo \u00b7 Juan <\/p>\n","protected":false},"author":1,"featured_media":3288,"comment_status":"open","ping_status":"open","sticky":false,"template":"","format":"standard","meta":{"om_disable_all_campaigns":false,"_monsterinsights_skip_tracking":false,"_monsterinsights_sitenote_active":false,"_monsterinsights_sitenote_note":"","_monsterinsights_sitenote_category":0,"footnotes":""},"categories":[95,1],"tags":[44,54,37],"aioseo_notices":[],"class_list":["post-3913","post","type-post","status-publish","format-standard","has-post-thumbnail","hentry","category-el-tiempo","category-jairo-libreros","tag-elecciones","tag-comunicacion-politica","tag-movilizacion-social"],"_links":{"self":[{"href":"https:\/\/jairolibreros.com\/index.php?rest_route=\/wp\/v2\/posts\/3913"}],"collection":[{"href":"https:\/\/jairolibreros.com\/index.php?rest_route=\/wp\/v2\/posts"}],"about":[{"href":"https:\/\/jairolibreros.com\/index.php?rest_route=\/wp\/v2\/types\/post"}],"author":[{"embeddable":true,"href":"https:\/\/jairolibreros.com\/index.php?rest_route=\/wp\/v2\/users\/1"}],"replies":[{"embeddable":true,"href":"https:\/\/jairolibreros.com\/index.php?rest_route=%2Fwp%2Fv2%2Fcomments&post=3913"}],"version-history":[{"count":6,"href":"https:\/\/jairolibreros.com\/index.php?rest_route=\/wp\/v2\/posts\/3913\/revisions"}],"predecessor-version":[{"id":4618,"href":"https:\/\/jairolibreros.com\/index.php?rest_route=\/wp\/v2\/posts\/3913\/revisions\/4618"}],"wp:featuredmedia":[{"embeddable":true,"href":"https:\/\/jairolibreros.com\/index.php?rest_route=\/wp\/v2\/media\/3288"}],"wp:attachment":[{"href":"https:\/\/jairolibreros.com\/index.php?rest_route=%2Fwp%2Fv2%2Fmedia&parent=3913"}],"wp:term":[{"taxonomy":"category","embeddable":true,"href":"https:\/\/jairolibreros.com\/index.php?rest_route=%2Fwp%2Fv2%2Fcategories&post=3913"},{"taxonomy":"post_tag","embeddable":true,"href":"https:\/\/jairolibreros.com\/index.php?rest_route=%2Fwp%2Fv2%2Ftags&post=3913"}],"curies":[{"name":"wp","href":"https:\/\/api.w.org\/{rel}","templated":true}]}}