{"id":3920,"date":"2025-05-20T17:30:55","date_gmt":"2025-05-20T17:30:55","guid":{"rendered":"https:\/\/jairolibreros.com\/?p=3920"},"modified":"2025-09-18T00:56:40","modified_gmt":"2025-09-18T00:56:40","slug":"gobierno-del-presidente-petro-radico-nueva-consulta-popular-que-busca","status":"publish","type":"post","link":"https:\/\/jairolibreros.com\/?p=3920","title":{"rendered":"Gobierno del presidente Petro radic\u00f3 nueva consulta popular, \u00bfqu\u00e9 busca?"},"content":{"rendered":"<p><span style=\"font-family: tahoma, arial, helvetica, sans-serif; font-size: 14pt;\"><strong>Gobierno del presidente Petro radic\u00f3 nueva consulta popular, \u00bfqu\u00e9 busca?<\/strong><\/span><\/p>\n<p><span style=\"font-family: tahoma, arial, helvetica, sans-serif; font-size: 14pt;\"><em>El Tiempo \u00b7 Mateo Garc\u00eda \u00b7 20.05.2025<\/em><\/span><\/p>\n<figure id=\"attachment_3921\" aria-describedby=\"caption-attachment-3921\" style=\"width: 300px\" class=\"wp-caption alignright\"><img decoding=\"async\" class=\"size-medium wp-image-3921\" src=\"https:\/\/jairolibreros.com\/wp-content\/uploads\/2025\/05\/Jairo-Libreros.-Segunda-consulta-popular.-El-Tiempo.-20.05.2025-300x145.jpg\" alt=\"Jairo Libreros. Segunda consulta popular. El Tiempo. 20.05.2025\" width=\"300\" height=\"145\" srcset=\"https:\/\/jairolibreros.com\/wp-content\/uploads\/2025\/05\/Jairo-Libreros.-Segunda-consulta-popular.-El-Tiempo.-20.05.2025-300x145.jpg 300w, https:\/\/jairolibreros.com\/wp-content\/uploads\/2025\/05\/Jairo-Libreros.-Segunda-consulta-popular.-El-Tiempo.-20.05.2025-768x372.jpg 768w, https:\/\/jairolibreros.com\/wp-content\/uploads\/2025\/05\/Jairo-Libreros.-Segunda-consulta-popular.-El-Tiempo.-20.05.2025.jpg 828w\" sizes=\"(max-width: 300px) 100vw, 300px\" \/><figcaption id=\"caption-attachment-3921\" class=\"wp-caption-text\"><span style=\"font-family: tahoma, arial, helvetica, sans-serif; font-size: 14pt;\">Jairo Libreros. Segunda consulta popular. El Tiempo. 20.05.2025<\/span><\/figcaption><\/figure>\n<p><span style=\"font-family: tahoma, arial, helvetica, sans-serif; font-size: 14pt;\">\u00bfQu\u00e9 es lo que busca el gobierno del presidente Gustavo Petro cuando radic\u00f3 una nueva consulta popular?<\/span><\/p>\n<p><span style=\"font-family: tahoma, arial, helvetica, sans-serif; font-size: 14pt;\">&#8220;<em>Discursivamente, cumplir su promesa de campa\u00f1a consistente en sacar adelante las reformas sociales, especialmente la pensional, laboral y la de salud. Y es un prop\u00f3sito no solo leg\u00edtimo, sino necesario y urgente. Pero la consulta popular del presidente Petro tiene dos objetivos diferentes. De un lado, trasladar la gobernabilidad perdida en el Congreso de la Rep\u00fablica a las calles de los centros urbanos para ser promovida por la movilizaci\u00f3n ciudadana. Y de otro lado, tomar el control electoral de la campa\u00f1a al Congreso y a la Presidencia de la Rep\u00fablica de 2026 mediante un ejercicio de votaci\u00f3n popular a su favor, bajo la excusa de una reforma social<\/em>&#8220;: <strong>Jairo Libreros<\/strong>.<\/span><\/p>\n<p><span style=\"font-family: tahoma, arial, helvetica, sans-serif; font-size: 14pt;\">El link de El Tiempo es el siguiente:<\/span><\/p>\n<p><iframe hcb-fetch-image-from=\"https:\/\/www.youtube.com\/watch?v=1myec3ItZ-M&amp;t=1057s\" title=\"Gobierno del presidente Petro radic\u00f3 nueva consulta popular, \u00bfqu\u00e9 busca?\" width=\"640\" height=\"360\" src=\"https:\/\/www.youtube.com\/embed\/1myec3ItZ-M?start=1057&#038;feature=oembed\" frameborder=\"0\" allow=\"accelerometer; autoplay; clipboard-write; encrypted-media; gyroscope; picture-in-picture; web-share\" referrerpolicy=\"strict-origin-when-cross-origin\" allowfullscreen><\/iframe><\/p>\n<p style=\"text-align: right;\"><span style=\"text-decoration: underline; font-family: tahoma, arial, helvetica, sans-serif; font-size: 14pt;\"><a href=\"https:\/\/jairolibreros.com\/\"><strong>Blog de Jairo Libreros<\/strong><\/a><\/span><\/p>\n","protected":false},"excerpt":{"rendered":"<p>Gobierno del presidente Petro radic\u00f3 nueva consulta popular, \u00bfqu\u00e9 busca? El Tiempo \u00b7 Mateo Garc\u00eda \u00b7 20.05.2025 \u00bfQu\u00e9 es lo que busca el <\/p>\n","protected":false},"author":1,"featured_media":3289,"comment_status":"open","ping_status":"open","sticky":false,"template":"","format":"standard","meta":{"om_disable_all_campaigns":false,"_monsterinsights_skip_tracking":false,"_monsterinsights_sitenote_active":false,"_monsterinsights_sitenote_note":"","_monsterinsights_sitenote_category":0,"footnotes":""},"categories":[95,1],"tags":[44,54,37],"aioseo_notices":[],"class_list":["post-3920","post","type-post","status-publish","format-standard","has-post-thumbnail","hentry","category-el-tiempo","category-jairo-libreros","tag-elecciones","tag-comunicacion-politica","tag-movilizacion-social"],"_links":{"self":[{"href":"https:\/\/jairolibreros.com\/index.php?rest_route=\/wp\/v2\/posts\/3920"}],"collection":[{"href":"https:\/\/jairolibreros.com\/index.php?rest_route=\/wp\/v2\/posts"}],"about":[{"href":"https:\/\/jairolibreros.com\/index.php?rest_route=\/wp\/v2\/types\/post"}],"author":[{"embeddable":true,"href":"https:\/\/jairolibreros.com\/index.php?rest_route=\/wp\/v2\/users\/1"}],"replies":[{"embeddable":true,"href":"https:\/\/jairolibreros.com\/index.php?rest_route=%2Fwp%2Fv2%2Fcomments&post=3920"}],"version-history":[{"count":3,"href":"https:\/\/jairolibreros.com\/index.php?rest_route=\/wp\/v2\/posts\/3920\/revisions"}],"predecessor-version":[{"id":4619,"href":"https:\/\/jairolibreros.com\/index.php?rest_route=\/wp\/v2\/posts\/3920\/revisions\/4619"}],"wp:featuredmedia":[{"embeddable":true,"href":"https:\/\/jairolibreros.com\/index.php?rest_route=\/wp\/v2\/media\/3289"}],"wp:attachment":[{"href":"https:\/\/jairolibreros.com\/index.php?rest_route=%2Fwp%2Fv2%2Fmedia&parent=3920"}],"wp:term":[{"taxonomy":"category","embeddable":true,"href":"https:\/\/jairolibreros.com\/index.php?rest_route=%2Fwp%2Fv2%2Fcategories&post=3920"},{"taxonomy":"post_tag","embeddable":true,"href":"https:\/\/jairolibreros.com\/index.php?rest_route=%2Fwp%2Fv2%2Ftags&post=3920"}],"curies":[{"name":"wp","href":"https:\/\/api.w.org\/{rel}","templated":true}]}}