{"id":3923,"date":"2025-05-20T17:41:44","date_gmt":"2025-05-20T17:41:44","guid":{"rendered":"https:\/\/jairolibreros.com\/?p=3923"},"modified":"2025-09-18T00:57:32","modified_gmt":"2025-09-18T00:57:32","slug":"a-que-juega-el-gobierno-del-presidente-gustavo-petro-con-la-radicacion-de-una-nueva-consulta-popular","status":"publish","type":"post","link":"https:\/\/jairolibreros.com\/?p=3923","title":{"rendered":"\u00bfA qu\u00e9 juega el gobierno del presidente Gustavo Petro con la radicaci\u00f3n de una nueva consulta popular?"},"content":{"rendered":"<p><span style=\"font-size: 14pt; font-family: tahoma, arial, helvetica, sans-serif;\"><strong>\u00bfA qu\u00e9 juega el gobierno del presidente Gustavo Petro con la radicaci\u00f3n de una nueva consulta popular?<\/strong><\/span><\/p>\n<p style=\"text-align: left;\"><span style=\"font-size: 14pt; font-family: tahoma, arial, helvetica, sans-serif;\"><em>El Tiempo \u00b7 Camilo Castillo \u00b7 20.05.2025<\/em><\/span><\/p>\n<p class=\"p1\" style=\"text-align: center;\"><span style=\"font-size: 14pt; font-family: tahoma, arial, helvetica, sans-serif;\">Lleg\u00f3 al Congreso seis d\u00edas despu\u00e9s del primer hundimiento. \u00bfPlan B para sacar la laboral o estrategia electoral?<\/span><\/p>\n<figure id=\"attachment_3924\" aria-describedby=\"caption-attachment-3924\" style=\"width: 300px\" class=\"wp-caption alignright\"><img decoding=\"async\" class=\"size-medium wp-image-3924\" src=\"https:\/\/jairolibreros.com\/wp-content\/uploads\/2025\/05\/Jairo-Libreros.-II-consulta-popular.-El-Tiempo.-20.05.2025-300x165.jpg\" alt=\"Jairo Libreros. II consulta popular. El Tiempo. 20.05.2025\" width=\"300\" height=\"165\" srcset=\"https:\/\/jairolibreros.com\/wp-content\/uploads\/2025\/05\/Jairo-Libreros.-II-consulta-popular.-El-Tiempo.-20.05.2025-300x165.jpg 300w, https:\/\/jairolibreros.com\/wp-content\/uploads\/2025\/05\/Jairo-Libreros.-II-consulta-popular.-El-Tiempo.-20.05.2025-768x423.jpg 768w, https:\/\/jairolibreros.com\/wp-content\/uploads\/2025\/05\/Jairo-Libreros.-II-consulta-popular.-El-Tiempo.-20.05.2025.jpg 828w\" sizes=\"(max-width: 300px) 100vw, 300px\" \/><figcaption id=\"caption-attachment-3924\" class=\"wp-caption-text\"><span style=\"font-size: 14pt; font-family: tahoma, arial, helvetica, sans-serif;\">Jairo Libreros. II consulta popular. El Tiempo. 20.05.2025<\/span><\/figcaption><\/figure>\n<p class=\"p1\"><span style=\"font-size: 14pt; font-family: tahoma, arial, helvetica, sans-serif;\"><strong>Jairo Libreros, analista pol\u00edtico<\/strong>, considera que el Gobierno ya defini\u00f3 su ruta para los pr\u00f3ximos meses y que, m\u00e1s all\u00e1 de lo que ocurra con la reforma laboral, su apuesta est\u00e1 centrada en un discurso directo al electorado.<\/span><\/p>\n<p class=\"p1\"><span style=\"font-size: 14pt; font-family: tahoma, arial, helvetica, sans-serif;\"><b>\u201cNo solo busca trasladar la gobernabilidad a las calles, sino tomar la conducci\u00f3n del proceso electoral.\u00a0<\/b>Se busca, si logra el aval del Senado, mecanismo para medirse en las calles y para medir la conexi\u00f3n entre el presidente Petro y sus seguidores\u201d, afirm\u00f3 el analista.<\/span><\/p>\n<p><span style=\"font-size: 14pt; font-family: tahoma, arial, helvetica, sans-serif;\">El link de El Tiempo es el siguiente:<\/span><\/p>\n<p><span style=\"font-size: 14pt; font-family: tahoma, arial, helvetica, sans-serif;\"><span style=\"text-decoration: underline;\"><a href=\"https:\/\/www.eltiempo.com\/politica\/gobierno\/a-que-juega-el-gobierno-del-presidente-gustavo-petro-con-la-radicacion-de-una-nueva-consulta-popular-3455435\">https:\/\/www.eltiempo.com\/politica\/gobierno\/a-que-juega-el-gobierno-del-presidente-gustavo-petro-con-la-radicacion-de-una-nueva-consulta-popular-3455435<\/a><\/span>\u00a0<\/span><\/p>\n<p style=\"text-align: right;\"><span style=\"text-decoration: underline; font-size: 14pt; font-family: tahoma, arial, helvetica, sans-serif;\"><a href=\"https:\/\/jairolibreros.com\/\"><strong>Blog de Jairo Libreros<\/strong><\/a><\/span><\/p>\n","protected":false},"excerpt":{"rendered":"<p>\u00bfA qu\u00e9 juega el gobierno del presidente Gustavo Petro con la radicaci\u00f3n de una nueva consulta popular? El Tiempo \u00b7 Camilo Castillo \u00b7 <\/p>\n","protected":false},"author":1,"featured_media":3296,"comment_status":"open","ping_status":"open","sticky":false,"template":"","format":"standard","meta":{"om_disable_all_campaigns":false,"_monsterinsights_skip_tracking":false,"_monsterinsights_sitenote_active":false,"_monsterinsights_sitenote_note":"","_monsterinsights_sitenote_category":0,"footnotes":""},"categories":[95,1],"tags":[44,54,37],"aioseo_notices":[],"class_list":["post-3923","post","type-post","status-publish","format-standard","has-post-thumbnail","hentry","category-el-tiempo","category-jairo-libreros","tag-elecciones","tag-comunicacion-politica","tag-movilizacion-social"],"_links":{"self":[{"href":"https:\/\/jairolibreros.com\/index.php?rest_route=\/wp\/v2\/posts\/3923"}],"collection":[{"href":"https:\/\/jairolibreros.com\/index.php?rest_route=\/wp\/v2\/posts"}],"about":[{"href":"https:\/\/jairolibreros.com\/index.php?rest_route=\/wp\/v2\/types\/post"}],"author":[{"embeddable":true,"href":"https:\/\/jairolibreros.com\/index.php?rest_route=\/wp\/v2\/users\/1"}],"replies":[{"embeddable":true,"href":"https:\/\/jairolibreros.com\/index.php?rest_route=%2Fwp%2Fv2%2Fcomments&post=3923"}],"version-history":[{"count":3,"href":"https:\/\/jairolibreros.com\/index.php?rest_route=\/wp\/v2\/posts\/3923\/revisions"}],"predecessor-version":[{"id":4620,"href":"https:\/\/jairolibreros.com\/index.php?rest_route=\/wp\/v2\/posts\/3923\/revisions\/4620"}],"wp:featuredmedia":[{"embeddable":true,"href":"https:\/\/jairolibreros.com\/index.php?rest_route=\/wp\/v2\/media\/3296"}],"wp:attachment":[{"href":"https:\/\/jairolibreros.com\/index.php?rest_route=%2Fwp%2Fv2%2Fmedia&parent=3923"}],"wp:term":[{"taxonomy":"category","embeddable":true,"href":"https:\/\/jairolibreros.com\/index.php?rest_route=%2Fwp%2Fv2%2Fcategories&post=3923"},{"taxonomy":"post_tag","embeddable":true,"href":"https:\/\/jairolibreros.com\/index.php?rest_route=%2Fwp%2Fv2%2Ftags&post=3923"}],"curies":[{"name":"wp","href":"https:\/\/api.w.org\/{rel}","templated":true}]}}