{"id":3929,"date":"2025-05-12T21:41:46","date_gmt":"2025-05-12T21:41:46","guid":{"rendered":"https:\/\/jairolibreros.com\/?p=3929"},"modified":"2025-09-18T00:55:10","modified_gmt":"2025-09-18T00:55:10","slug":"procuraduria-senala-que-medidas-del-gobierno-para-combatir-el-plan-pistola-no-fueron-suficientes","status":"publish","type":"post","link":"https:\/\/jairolibreros.com\/?p=3929","title":{"rendered":"Procuradur\u00eda se\u00f1ala que medidas del Gobierno para combatir el plan pistola no fueron suficientes"},"content":{"rendered":"<p><span style=\"font-family: tahoma, arial, helvetica, sans-serif; font-size: 14pt;\"><strong>Procuradur\u00eda se\u00f1ala que medidas del Gobierno para combatir el plan pistola no fueron suficientes<\/strong><\/span><\/p>\n<p style=\"text-align: left;\"><span style=\"font-family: tahoma, arial, helvetica, sans-serif; font-size: 14pt;\"><em>El Tiempo \u00b7 Laura Garc\u00eda \u00b7 12.05.2025<\/em><\/span><\/p>\n<p style=\"text-align: center;\"><span style=\"font-family: tahoma, arial, helvetica, sans-serif; font-size: 14pt;\">&#8220;<em>La solicitud de la Procuradur\u00eda es un saludo a la bandera<\/em>&#8220;, <strong>Jairo Libreros<\/strong><\/span><\/p>\n<p class=\"p1\"><span style=\"font-family: tahoma, arial, helvetica, sans-serif; font-size: 14pt;\">Para <strong>Jairo Libreros, analista pol\u00edtico y de seguridad<\/strong>, &#8220;<em>no es suficiente lo que tambi\u00e9n est\u00e1 haciendo la Procuradur\u00eda para hacerle frente a la grave problem\u00e1tica que enfrenta actualmente el pa\u00eds, en materia de orden p\u00fablico.<\/em><\/span><\/p>\n<p class=\"p1\"><em><span style=\"font-family: tahoma, arial, helvetica, sans-serif; font-size: 14pt;\">&#8220;El exhorto que le env\u00eda la Procuradur\u00eda al ministerio de Defensa Nacional es entendible, leg\u00edtimo y hasta tiene un soporte legal claramente definido en la constituci\u00f3n y la Ley, pero las solicitudes terminan siendo un &#8216;saludo a la bandera&#8217; que quiz\u00e1s obedezca a un desconocimiento de las formas operacionales de la Polic\u00eda Nacional y las Fuerzas Militares&#8221;, destac\u00f3 <strong>Libreros<\/strong>.<\/span><\/em><\/p>\n<p class=\"p1\"><em><span style=\"font-family: tahoma, arial, helvetica, sans-serif; font-size: 14pt;\">Adem\u00e1s, se\u00f1al\u00f3 que de hecho la Polic\u00eda y Ej\u00e9rcito de otros pa\u00edses se han capacitado junto a la Fuerza P\u00fablica de Colombia.<\/span><\/em><\/p>\n<p class=\"p1\"><em><span style=\"font-family: tahoma, arial, helvetica, sans-serif; font-size: 14pt;\">&#8220;Por lo menos 25 misiones en los \u00faltimos tres a cuatro a\u00f1os, desde que &#8216;volvi\u00f3&#8217; la normalidad, diferentes pa\u00edses de la comunidad de Am\u00e9rica Latina o de la Uni\u00f3n Europea han realizado visitas para intercambiar informaci\u00f3n y de manera particular conocer los procedimientos en materia de autoprotecci\u00f3n para ser aplicados en cada uno de esos pa\u00edses.\u00a0<b>Aqu\u00ed el tema no es revisar t\u00e9cnicamente los protocolos, aqu\u00ed es definir si los protocolos est\u00e1n a la altura de los riesgos que un &#8216;plan pistola&#8217; la genera no solo a la Fuerza P\u00fablica, tambi\u00e9n a las autoridades<\/b>&#8220;, expuso el analista.<\/span><\/em><\/p>\n<p class=\"p1\"><em><span style=\"font-family: tahoma, arial, helvetica, sans-serif; font-size: 14pt;\">Asimismo dijo que es indispensable revisar m\u00e1s bien si esos protocolos se deben actualizar, mediante mecanismos de innovaci\u00f3n nuevas medidas de autoprotecci\u00f3n. &#8220;Anticipar la acci\u00f3n del multicrimen en contra de las unidades policiales y militares&#8221;.<\/span><\/em><\/p>\n<p class=\"p1\"><span style=\"font-family: tahoma, arial, helvetica, sans-serif; font-size: 14pt;\"><em>Agreg\u00f3 que el exhorto deber\u00eda enviarse tambi\u00e9n a la Fiscal\u00eda General de la Naci\u00f3n para que cree grupos especiales para que se encargue \u00fanicamente a nivel territorial de adelantar este tipo de investigaciones. Adem\u00e1s, de crear un proyecto de inteligencia y contrainteligencia<\/em>&#8220;: <strong>Jairo Libreros<\/strong>.<\/span><\/p>\n<p><span style=\"font-family: tahoma, arial, helvetica, sans-serif; font-size: 14pt;\">El link de El Tiempo es el siguiente:<\/span><\/p>\n<p><span style=\"font-family: tahoma, arial, helvetica, sans-serif; font-size: 14pt;\"><a href=\"https:\/\/www.eltiempo.com\/justicia\/investigacion\/procuraduria-senala-que-medidas-del-gobierno-para-combatir-el-plan-pistola-no-fueron-suficientes-3453032\"><span style=\"text-decoration: underline;\">https:\/\/www.eltiempo.com\/justicia\/investigacion\/procuraduria-senala-que-medidas-del-gobierno-para-combatir-el-plan-pistola-no-fueron-suficientes-3453032<\/span><\/a>\u00a0<\/span><\/p>\n<p style=\"text-align: right;\"><span style=\"text-decoration: underline; font-family: tahoma, arial, helvetica, sans-serif; font-size: 14pt;\"><a href=\"https:\/\/jairolibreros.com\/\"><strong>Blog de Jairo Libreros<\/strong><\/a><\/span><\/p>\n","protected":false},"excerpt":{"rendered":"<p>Procuradur\u00eda se\u00f1ala que medidas del Gobierno para combatir el plan pistola no fueron suficientes El Tiempo \u00b7 Laura Garc\u00eda \u00b7 12.05.2025 &#8220;La solicitud <\/p>\n","protected":false},"author":1,"featured_media":3296,"comment_status":"open","ping_status":"open","sticky":false,"template":"","format":"standard","meta":{"om_disable_all_campaigns":false,"_monsterinsights_skip_tracking":false,"_monsterinsights_sitenote_active":false,"_monsterinsights_sitenote_note":"","_monsterinsights_sitenote_category":0,"footnotes":""},"categories":[95,1],"tags":[54,90,97,39],"aioseo_notices":[],"class_list":["post-3929","post","type-post","status-publish","format-standard","has-post-thumbnail","hentry","category-el-tiempo","category-jairo-libreros","tag-comunicacion-politica","tag-seguridad-y-defensa-nacional","tag-inteligencia-estrategica","tag-seguridad-ciudadana"],"_links":{"self":[{"href":"https:\/\/jairolibreros.com\/index.php?rest_route=\/wp\/v2\/posts\/3929"}],"collection":[{"href":"https:\/\/jairolibreros.com\/index.php?rest_route=\/wp\/v2\/posts"}],"about":[{"href":"https:\/\/jairolibreros.com\/index.php?rest_route=\/wp\/v2\/types\/post"}],"author":[{"embeddable":true,"href":"https:\/\/jairolibreros.com\/index.php?rest_route=\/wp\/v2\/users\/1"}],"replies":[{"embeddable":true,"href":"https:\/\/jairolibreros.com\/index.php?rest_route=%2Fwp%2Fv2%2Fcomments&post=3929"}],"version-history":[{"count":3,"href":"https:\/\/jairolibreros.com\/index.php?rest_route=\/wp\/v2\/posts\/3929\/revisions"}],"predecessor-version":[{"id":4617,"href":"https:\/\/jairolibreros.com\/index.php?rest_route=\/wp\/v2\/posts\/3929\/revisions\/4617"}],"wp:featuredmedia":[{"embeddable":true,"href":"https:\/\/jairolibreros.com\/index.php?rest_route=\/wp\/v2\/media\/3296"}],"wp:attachment":[{"href":"https:\/\/jairolibreros.com\/index.php?rest_route=%2Fwp%2Fv2%2Fmedia&parent=3929"}],"wp:term":[{"taxonomy":"category","embeddable":true,"href":"https:\/\/jairolibreros.com\/index.php?rest_route=%2Fwp%2Fv2%2Fcategories&post=3929"},{"taxonomy":"post_tag","embeddable":true,"href":"https:\/\/jairolibreros.com\/index.php?rest_route=%2Fwp%2Fv2%2Ftags&post=3929"}],"curies":[{"name":"wp","href":"https:\/\/api.w.org\/{rel}","templated":true}]}}