{"id":3932,"date":"2025-05-05T21:55:29","date_gmt":"2025-05-05T21:55:29","guid":{"rendered":"https:\/\/jairolibreros.com\/?p=3932"},"modified":"2025-09-18T00:50:35","modified_gmt":"2025-09-18T00:50:35","slug":"crisis-de-seguridad-jefes-de-inteligencia-del-ejercito-no-son-generales-uno-es-senalado-por-seguimientos-ilegales","status":"publish","type":"post","link":"https:\/\/jairolibreros.com\/?p=3932","title":{"rendered":"Crisis de seguridad: jefes de inteligencia del Ej\u00e9rcito no son generales; uno es se\u00f1alado por seguimientos ilegales"},"content":{"rendered":"<p><span style=\"font-family: tahoma, arial, helvetica, sans-serif; font-size: 14pt;\"><strong>Crisis de seguridad: jefes de inteligencia del Ej\u00e9rcito no son generales; uno es se\u00f1alado por seguimientos ilegales<\/strong><\/span><\/p>\n<p style=\"text-align: left;\"><span style=\"font-family: tahoma, arial, helvetica, sans-serif; font-size: 14pt;\"><em>El Tiempo \u00b7 Sara Quevedo y Laura Garc\u00eda \u00b7 05.05.2025<\/em><\/span><\/p>\n<p class=\"p1\" style=\"text-align: center;\"><strong><span style=\"font-family: tahoma, arial, helvetica, sans-serif; font-size: 14pt;\">En medio de la escalada de violencia, los jefes encargados de inteligencia y contrainteligencia son coroneles. <\/span><\/strong><strong><span style=\"font-family: tahoma, arial, helvetica, sans-serif; font-size: 14pt;\">Uno de ellos es el coronel Johan Gelves, se\u00f1alado de interceptaciones ilegales a un civil<\/span><\/strong><\/p>\n<p class=\"p1\"><span style=\"font-family: tahoma, arial, helvetica, sans-serif; font-size: 14pt;\"><b>\u00bfSe compromete el secreto y la compartimenta de las operaciones?<\/b><\/span><\/p>\n<p class=\"p3\"><span style=\"font-family: tahoma, arial, helvetica, sans-serif; font-size: 14pt;\"><strong>Para el experto en temas de seguridad Jairo Libreros<\/strong>, <em>por la importancia estrat\u00e9gica de los cargos se esperar\u00eda que quien los asuma tenga<b>\u00a0la antig\u00fcedad y el rango necesarios para conducir las operaciones. Lo natural ser\u00eda que se tratara de un general.<\/b><\/em><\/span><\/p>\n<p class=\"p3\"><span style=\"font-family: tahoma, arial, helvetica, sans-serif; font-size: 14pt;\"><em>Que no lo sea no significa que la operaci\u00f3n vaya a fracasar, pero s\u00ed evidencia la poca visi\u00f3n del Ej\u00e9rcito al no designar a una persona m\u00e1s preparada y con mayor experiencia para liderar este tipo de responsabilidades. <b>Es, en \u00faltimas, un tema de priorizaci\u00f3n dentro de las Fuerzas Militares en un momento de crisis, asegur\u00f3 el acad\u00e9mico.\u00a0<\/b><\/em><\/span><\/p>\n<p class=\"p3\"><span style=\"font-family: tahoma, arial, helvetica, sans-serif; font-size: 14pt;\"><em>No es la primera vez que un coronel ocupa estos cargos en las Fuerzas Militares. El general \u00d3scar Naranjo, por ejemplo,\u00a0<b>asumi\u00f3 la Direcci\u00f3n de Inteligencia de la Polic\u00eda cuando a\u00fan era coronel. En su momento, esta designaci\u00f3n tambi\u00e9n gener\u00f3 cr\u00edticas.\u00a0<\/b><\/em><\/span><\/p>\n<p class=\"p3\"><span style=\"font-family: tahoma, arial, helvetica, sans-serif; font-size: 14pt;\"><em>No es un problema en s\u00ed mismo, pero s\u00ed refleja la falta de priorizaci\u00f3n en las actividades de inteligencia y contrainteligencia, que \u2014al ser conducidas por hombres de menor jerarqu\u00eda\u2014 terminan subordinadas a las \u00f3rdenes de mandos mayores, <strong>agreg\u00f3 el analista<\/strong>.\u00a0<\/em><\/span><\/p>\n<p class=\"p3\"><span style=\"font-family: tahoma, arial, helvetica, sans-serif; font-size: 14pt;\"><em>Este es uno de los principales reparos.<b>\u00a0Al ser un coronel, estar\u00eda supeditado a los oficiales de mayor rango, lo que comprometer\u00eda principios como el secreto y la compartimenta de estas operaciones,\u00a0<\/b>un contexto en el que se ordenaron las interceptaciones ilegales al profesor de ingl\u00e9s de la esposa del general, que era superior en la l\u00ednea de mando al coronel Gelves.<\/em><\/span><\/p>\n<p class=\"p3\"><span style=\"font-family: tahoma, arial, helvetica, sans-serif; font-size: 14pt;\"><em>Hoy, uno esperar\u00eda que estas direcciones estuvieran en manos de alguien con conocimiento, experiencia y una posici\u00f3n en la l\u00ednea de mando lo suficientemente alta como para garantizar la autonom\u00eda de la delegatura<\/em>&#8220;, concluy\u00f3 el analista <strong>Jairo Libreros<\/strong>.\u00a0<\/span><\/p>\n<p><span style=\"font-family: tahoma, arial, helvetica, sans-serif; font-size: 14pt;\">El link de El Tiempo es el siguiente:<\/span><\/p>\n<p><span style=\"font-family: tahoma, arial, helvetica, sans-serif; font-size: 14pt;\"><span style=\"text-decoration: underline;\"><a href=\"https:\/\/www.eltiempo.com\/justicia\/conflicto-y-narcotrafico\/crisis-de-seguridad-jefes-de-inteligencia-del-ejercito-no-son-generales-uno-es-senalado-por-seguimientos-ilegales-3450902\">https:\/\/www.eltiempo.com\/justicia\/conflicto-y-narcotrafico\/crisis-de-seguridad-jefes-de-inteligencia-del-ejercito-no-son-generales-uno-es-senalado-por-seguimientos-ilegales-3450902<\/a><\/span>\u00a0<\/span><\/p>\n<p style=\"text-align: right;\"><span style=\"text-decoration: underline; font-family: tahoma, arial, helvetica, sans-serif; font-size: 14pt;\"><a href=\"https:\/\/jairolibreros.com\/\"><strong>Blog de Jairo Libreros<\/strong><\/a><\/span><\/p>\n","protected":false},"excerpt":{"rendered":"<p>Crisis de seguridad: jefes de inteligencia del Ej\u00e9rcito no son generales; uno es se\u00f1alado por seguimientos ilegales El Tiempo \u00b7 Sara Quevedo y <\/p>\n","protected":false},"author":1,"featured_media":3288,"comment_status":"open","ping_status":"open","sticky":false,"template":"","format":"standard","meta":{"om_disable_all_campaigns":false,"_monsterinsights_skip_tracking":false,"_monsterinsights_sitenote_active":false,"_monsterinsights_sitenote_note":"","_monsterinsights_sitenote_category":0,"footnotes":""},"categories":[95,1],"tags":[54,90,97,53,39],"aioseo_notices":[],"class_list":["post-3932","post","type-post","status-publish","format-standard","has-post-thumbnail","hentry","category-el-tiempo","category-jairo-libreros","tag-comunicacion-politica","tag-seguridad-y-defensa-nacional","tag-inteligencia-estrategica","tag-politicas-publicas","tag-seguridad-ciudadana"],"_links":{"self":[{"href":"https:\/\/jairolibreros.com\/index.php?rest_route=\/wp\/v2\/posts\/3932"}],"collection":[{"href":"https:\/\/jairolibreros.com\/index.php?rest_route=\/wp\/v2\/posts"}],"about":[{"href":"https:\/\/jairolibreros.com\/index.php?rest_route=\/wp\/v2\/types\/post"}],"author":[{"embeddable":true,"href":"https:\/\/jairolibreros.com\/index.php?rest_route=\/wp\/v2\/users\/1"}],"replies":[{"embeddable":true,"href":"https:\/\/jairolibreros.com\/index.php?rest_route=%2Fwp%2Fv2%2Fcomments&post=3932"}],"version-history":[{"count":5,"href":"https:\/\/jairolibreros.com\/index.php?rest_route=\/wp\/v2\/posts\/3932\/revisions"}],"predecessor-version":[{"id":4612,"href":"https:\/\/jairolibreros.com\/index.php?rest_route=\/wp\/v2\/posts\/3932\/revisions\/4612"}],"wp:featuredmedia":[{"embeddable":true,"href":"https:\/\/jairolibreros.com\/index.php?rest_route=\/wp\/v2\/media\/3288"}],"wp:attachment":[{"href":"https:\/\/jairolibreros.com\/index.php?rest_route=%2Fwp%2Fv2%2Fmedia&parent=3932"}],"wp:term":[{"taxonomy":"category","embeddable":true,"href":"https:\/\/jairolibreros.com\/index.php?rest_route=%2Fwp%2Fv2%2Fcategories&post=3932"},{"taxonomy":"post_tag","embeddable":true,"href":"https:\/\/jairolibreros.com\/index.php?rest_route=%2Fwp%2Fv2%2Ftags&post=3932"}],"curies":[{"name":"wp","href":"https:\/\/api.w.org\/{rel}","templated":true}]}}