{"id":3936,"date":"2025-05-06T22:08:47","date_gmt":"2025-05-06T22:08:47","guid":{"rendered":"https:\/\/jairolibreros.com\/?p=3936"},"modified":"2025-09-18T00:51:28","modified_gmt":"2025-09-18T00:51:28","slug":"fast-check-por-que-la-tasa-de-homicidios-no-refleja-por-si-sola-el-panorama-de-violencia-como-dijo-el-presidente","status":"publish","type":"post","link":"https:\/\/jairolibreros.com\/?p=3936","title":{"rendered":"Fast check: \u00bfpor qu\u00e9 la tasa de homicidios no refleja por s\u00ed sola el panorama de violencia como dijo el Presidente?"},"content":{"rendered":"<p><span style=\"font-family: tahoma, arial, helvetica, sans-serif; font-size: 14pt;\"><strong>Fast check: \u00bfpor qu\u00e9 la tasa de homicidios no refleja por s\u00ed sola el panorama de violencia como dijo el Presidente?<\/strong><\/span><\/p>\n<p><span style=\"font-family: tahoma, arial, helvetica, sans-serif; font-size: 14pt;\"><em>El Tiempo \u00b7 Valentina Quevedo \u00b7 06.05.2025<\/em><\/span><\/p>\n<p class=\"p1\" style=\"text-align: center;\"><span style=\"font-family: tahoma, arial, helvetica, sans-serif; font-size: 14pt;\"><strong>Desde 2023, el indicador no contabiliza las bajas en combate<\/strong><\/span><\/p>\n<p class=\"p1\" style=\"text-align: center;\"><span style=\"font-family: tahoma, arial, helvetica, sans-serif; font-size: 14pt;\"><strong>Organismos internacionales alertan sobre una escalada del conflicto a niveles anteriores al acuerdo de paz<\/strong><\/span><\/p>\n<p class=\"p1\" style=\"text-align: center;\"><span style=\"font-family: tahoma, arial, helvetica, sans-serif; font-size: 14pt;\">&#8220;<em>El homicidio es el indicador universal, el que me permite entender cu\u00e1l es la dimensi\u00f3n de la violencia que afronta una ciudad, un barrio, un departamento, un pa\u00eds, una regi\u00f3n. Pero cuando se trata de un pa\u00eds en conflicto,<b> ese indicador no es suficiente, porque la din\u00e1mica de violencia adquiere caracter\u00edsticas, connotaciones y consecuencias distintas<\/b>, <strong>le dijo a este diario el experto en seguridad<\/strong> <b>Jairo Libreros<\/b>.<\/em><\/span><\/p>\n<p class=\"p1\"><span style=\"font-family: tahoma, arial, helvetica, sans-serif; font-size: 14pt;\"><em>En los medidores de violencia, <strong>dijo el acad\u00e9mico<\/strong>, hay que tener en cuenta las bajas en combate, las afectaciones a la vida, los homicidios de polic\u00edas y militares. &#8220;Tambi\u00e9n deben incluirse las cifras de confinamiento, desplazamiento, amenazas, la situaci\u00f3n de control territorial, as\u00ed como la consolidaci\u00f3n, el auge y el fortalecimiento de los actores armados.<b>\u00a0Cuando uno empieza a mirar el panorama completo, se da cuenta, primero, de que la tendencia descendente de la tasa de homicidio se estanc\u00f3.<\/b> Y si a eso se le suman los cambios metodol\u00f3gicos \u2014muy preocupantes\u2014 que comenzaron a mediados de esta administraci\u00f3n, el panorama se vuelve a\u00fan m\u00e1s complejo<\/em>&#8220;: <strong>Jairo Libreros<\/strong>.<\/span><\/p>\n<p><span style=\"font-family: tahoma, arial, helvetica, sans-serif; font-size: 14pt;\">El link de El Tiempo es el siguiente:<\/span><\/p>\n<p><span style=\"font-family: tahoma, arial, helvetica, sans-serif; font-size: 14pt;\"><span style=\"text-decoration: underline;\"><a href=\"https:\/\/www.eltiempo.com\/justicia\/conflicto-y-narcotrafico\/fast-check-por-que-la-tasa-de-homicidios-no-refleja-por-si-sola-el-panorama-de-violencia-como-dijo-el-presidente-3450915\">https:\/\/www.eltiempo.com\/justicia\/conflicto-y-narcotrafico\/fast-check-por-que-la-tasa-de-homicidios-no-refleja-por-si-sola-el-panorama-de-violencia-como-dijo-el-presidente-3450915<\/a><\/span>\u00a0<\/span><\/p>\n<p style=\"text-align: right;\"><span style=\"text-decoration: underline; font-family: tahoma, arial, helvetica, sans-serif; font-size: 14pt;\"><a href=\"https:\/\/jairolibreros.com\/\"><strong>Blog de Jairo Libreros<\/strong><\/a><\/span><\/p>\n","protected":false},"excerpt":{"rendered":"<p>Fast check: \u00bfpor qu\u00e9 la tasa de homicidios no refleja por s\u00ed sola el panorama de violencia como dijo el Presidente? El Tiempo <\/p>\n","protected":false},"author":1,"featured_media":3289,"comment_status":"open","ping_status":"open","sticky":false,"template":"","format":"standard","meta":{"om_disable_all_campaigns":false,"_monsterinsights_skip_tracking":false,"_monsterinsights_sitenote_active":false,"_monsterinsights_sitenote_note":"","_monsterinsights_sitenote_category":0,"footnotes":""},"categories":[95,1],"tags":[54,90,39],"aioseo_notices":[],"class_list":["post-3936","post","type-post","status-publish","format-standard","has-post-thumbnail","hentry","category-el-tiempo","category-jairo-libreros","tag-comunicacion-politica","tag-seguridad-y-defensa-nacional","tag-seguridad-ciudadana"],"_links":{"self":[{"href":"https:\/\/jairolibreros.com\/index.php?rest_route=\/wp\/v2\/posts\/3936"}],"collection":[{"href":"https:\/\/jairolibreros.com\/index.php?rest_route=\/wp\/v2\/posts"}],"about":[{"href":"https:\/\/jairolibreros.com\/index.php?rest_route=\/wp\/v2\/types\/post"}],"author":[{"embeddable":true,"href":"https:\/\/jairolibreros.com\/index.php?rest_route=\/wp\/v2\/users\/1"}],"replies":[{"embeddable":true,"href":"https:\/\/jairolibreros.com\/index.php?rest_route=%2Fwp%2Fv2%2Fcomments&post=3936"}],"version-history":[{"count":2,"href":"https:\/\/jairolibreros.com\/index.php?rest_route=\/wp\/v2\/posts\/3936\/revisions"}],"predecessor-version":[{"id":4613,"href":"https:\/\/jairolibreros.com\/index.php?rest_route=\/wp\/v2\/posts\/3936\/revisions\/4613"}],"wp:featuredmedia":[{"embeddable":true,"href":"https:\/\/jairolibreros.com\/index.php?rest_route=\/wp\/v2\/media\/3289"}],"wp:attachment":[{"href":"https:\/\/jairolibreros.com\/index.php?rest_route=%2Fwp%2Fv2%2Fmedia&parent=3936"}],"wp:term":[{"taxonomy":"category","embeddable":true,"href":"https:\/\/jairolibreros.com\/index.php?rest_route=%2Fwp%2Fv2%2Fcategories&post=3936"},{"taxonomy":"post_tag","embeddable":true,"href":"https:\/\/jairolibreros.com\/index.php?rest_route=%2Fwp%2Fv2%2Ftags&post=3936"}],"curies":[{"name":"wp","href":"https:\/\/api.w.org\/{rel}","templated":true}]}}