{"id":3940,"date":"2025-05-21T15:43:59","date_gmt":"2025-05-21T15:43:59","guid":{"rendered":"https:\/\/jairolibreros.com\/?p=3940"},"modified":"2025-09-18T00:58:36","modified_gmt":"2025-09-18T00:58:36","slug":"eleccion-de-magistrado-de-la-corte-constitucional-y-cabildo-de-petro-en-barranquilla","status":"publish","type":"post","link":"https:\/\/jairolibreros.com\/?p=3940","title":{"rendered":"\u00bfC\u00f3mo entender el momento pol\u00edtico que vive el pa\u00eds?"},"content":{"rendered":"<p><span style=\"font-family: tahoma, arial, helvetica, sans-serif; font-size: 14pt;\"><strong>\u00bfC\u00f3mo entender el momento pol\u00edtico que vive el pa\u00eds?<\/strong><\/span><\/p>\n<p><span style=\"font-family: tahoma, arial, helvetica, sans-serif; font-size: 14pt;\"><em>Hora20 \u00b7 Caracol Radio \u00b7 Nicol\u00e1s Llano \u00b7 21.05.2025<\/em><\/span><\/p>\n<figure id=\"attachment_3942\" aria-describedby=\"caption-attachment-3942\" style=\"width: 240px\" class=\"wp-caption alignright\"><img fetchpriority=\"high\" decoding=\"async\" class=\"size-medium wp-image-3942\" src=\"https:\/\/jairolibreros.com\/wp-content\/uploads\/2025\/05\/Jairo-Libreros.-Hora20.-Caracol-Radio-240x300.jpg\" alt=\"\" width=\"240\" height=\"300\" srcset=\"https:\/\/jairolibreros.com\/wp-content\/uploads\/2025\/05\/Jairo-Libreros.-Hora20.-Caracol-Radio-240x300.jpg 240w, https:\/\/jairolibreros.com\/wp-content\/uploads\/2025\/05\/Jairo-Libreros.-Hora20.-Caracol-Radio-819x1024.jpg 819w, https:\/\/jairolibreros.com\/wp-content\/uploads\/2025\/05\/Jairo-Libreros.-Hora20.-Caracol-Radio-768x960.jpg 768w, https:\/\/jairolibreros.com\/wp-content\/uploads\/2025\/05\/Jairo-Libreros.-Hora20.-Caracol-Radio.jpg 1080w\" sizes=\"(max-width: 240px) 100vw, 240px\" \/><figcaption id=\"caption-attachment-3942\" class=\"wp-caption-text\"><span style=\"font-family: tahoma, arial, helvetica, sans-serif; font-size: 10pt;\">Jairo Libreros. Hora20. Caracol Radio<\/span><\/figcaption><\/figure>\n<p style=\"text-align: center;\"><span style=\"font-family: tahoma, arial, helvetica, sans-serif; font-size: 14pt;\"><strong>Elecci\u00f3n de magistrado de la Corte Constitucional y Cabildo de Petro en Barranquilla<\/strong><\/span><\/p>\n<p class=\"p1\" style=\"text-align: center;\"><span style=\"font-family: tahoma, arial, helvetica, sans-serif; font-size: 14pt;\">Panelistas plantearon lo que implica el discurso del presidente en Barranquilla, las demoras en la elecci\u00f3n de magistrado a la Corte Constitucional y el escenario post-hundimiento de la Consulta Popular<\/span><\/p>\n<p class=\"p1\"><span style=\"font-family: tahoma, arial, helvetica, sans-serif; font-size: 14pt;\">En Hora20 el an\u00e1lisis a lo que se esperaba y no ha ocurrido&#8230; la llegada del presidente Petro a Barranquilla que se espera desde las dos de la tarde para la instalaci\u00f3n del cabildo abierto, tambi\u00e9n el an\u00e1lisis a una elecci\u00f3n que no ha ocurrido, la de magistrado de la Corte Constitucional en la plenaria del Senado en medio de las discusiones y gritos en el Congreso por cuenta del hundimiento de la apelaci\u00f3n de la votaci\u00f3n de la consulta popular&#8230; hablaremos tambi\u00e9n de la nueva consulta y del escenario pol\u00edtico en el que estamos.<\/span><\/p>\n<p class=\"p1\"><span style=\"font-family: tahoma, arial, helvetica, sans-serif; font-size: 14pt;\"><b>Lo que dicen los panelistas<\/b><\/span><\/p>\n<p class=\"p2\"><span style=\"font-family: tahoma, arial, helvetica, sans-serif; font-size: 14pt;\"><b>Jairo Libreros, abogado, profesor universitario y consultor,\u00a0<\/b>destac\u00f3 que hay escenarios como el de la gobernabilidad, \u201cPetro sabe que perdi\u00f3 gobernabilidad con el Congreso y los partidos de oposici\u00f3n son conscientes de eso y por eso no ceden y ceder es abrir la puerta a la consulta popular, algo que le dar\u00eda gobernabilidad a esta administraci\u00f3n; eso no va a ocurrir\u201d. En ese sentido, dijo que el Presidente traslada su gobernabilidad perdida por incompetencia a las calles y, \u201ces donde empieza a jugar la movilizaci\u00f3n social que no busca producir cambios, busca demostrar que se gana gobernabilidad en la calle, independiente a lo que ocurra en el Congreso porque Petro busca que le aprueben la consulta porque saca entre 6 y 8 millones de votos, lo que le garantizar\u00eda tener muchos m\u00e1s senadores en el 2026\u201d.<\/span><\/p>\n<p><span style=\"font-family: tahoma, arial, helvetica, sans-serif; font-size: 14pt;\">El video de Hora20 de Caracol Radio es el siguiente<\/span><\/p>\n<p><iframe hcb-fetch-image-from=\"https:\/\/www.youtube.com\/watch?v=wUVn69lDXhE\" title=\"HORA 20 - Elecci\u00f3n de magistrado y el Cabildo de Petro en Barranquilla\" width=\"640\" height=\"360\" src=\"https:\/\/www.youtube.com\/embed\/wUVn69lDXhE?feature=oembed\" frameborder=\"0\" allow=\"accelerometer; autoplay; clipboard-write; encrypted-media; gyroscope; picture-in-picture; web-share\" referrerpolicy=\"strict-origin-when-cross-origin\" allowfullscreen><\/iframe><\/p>\n<p><span style=\"font-family: tahoma, arial, helvetica, sans-serif; font-size: 14pt;\">El audio de Hora20 de Caracol Radio es el siguiente:<\/span><\/p>\n<!--[if lt IE 9]><script>document.createElement('audio');<\/script><![endif]-->\n<audio class=\"wp-audio-shortcode\" id=\"audio-3940-1\" preload=\"none\" style=\"width: 100%;\" controls=\"controls\"><source type=\"audio\/mpeg\" src=\"https:\/\/jairolibreros.com\/wp-content\/uploads\/2025\/05\/\u00bfComo-entender-el-momento-politico-que-vive-el-pais_.mp3?_=1\" \/><a href=\"https:\/\/jairolibreros.com\/wp-content\/uploads\/2025\/05\/\u00bfComo-entender-el-momento-politico-que-vive-el-pais_.mp3\">https:\/\/jairolibreros.com\/wp-content\/uploads\/2025\/05\/\u00bfComo-entender-el-momento-politico-que-vive-el-pais_.mp3<\/a><\/audio>\n<p>&nbsp;<\/p>\n<p><span style=\"font-family: tahoma, arial, helvetica, sans-serif; font-size: 14pt;\">El link de Hora20 de Caracol Radio con el debate es el siguiente:<\/span><\/p>\n<p><span style=\"font-family: tahoma, arial, helvetica, sans-serif; font-size: 14pt;\"><span style=\"text-decoration: underline;\"><a href=\"https:\/\/caracol.com.co\/2025\/05\/22\/consulta-cabildo-y-eleccion-de-magistrado-como-entender-el-momento-politico-que-vive-el-pais\/\">https:\/\/caracol.com.co\/2025\/05\/22\/consulta-cabildo-y-eleccion-de-magistrado-como-entender-el-momento-politico-que-vive-el-pais\/<\/a><\/span>\u00a0<\/span><\/p>\n<p style=\"text-align: right;\"><span style=\"text-decoration: underline; font-family: tahoma, arial, helvetica, sans-serif; font-size: 14pt;\"><a href=\"https:\/\/jairolibreros.com\/\"><strong>Blog de Jairo Libreros<\/strong><\/a><\/span><\/p>\n","protected":false},"excerpt":{"rendered":"<p>\u00bfC\u00f3mo entender el momento pol\u00edtico que vive el pa\u00eds? Hora20 \u00b7 Caracol Radio \u00b7 Nicol\u00e1s Llano \u00b7 21.05.2025 Elecci\u00f3n de magistrado de la <\/p>\n","protected":false},"author":1,"featured_media":3941,"comment_status":"open","ping_status":"open","sticky":false,"template":"","format":"standard","meta":{"om_disable_all_campaigns":false,"_monsterinsights_skip_tracking":false,"_monsterinsights_sitenote_active":false,"_monsterinsights_sitenote_note":"","_monsterinsights_sitenote_category":0,"footnotes":""},"categories":[94,1],"tags":[44,54,37],"aioseo_notices":[],"class_list":["post-3940","post","type-post","status-publish","format-standard","has-post-thumbnail","hentry","category-caracol-radio","category-jairo-libreros","tag-elecciones","tag-comunicacion-politica","tag-movilizacion-social"],"_links":{"self":[{"href":"https:\/\/jairolibreros.com\/index.php?rest_route=\/wp\/v2\/posts\/3940"}],"collection":[{"href":"https:\/\/jairolibreros.com\/index.php?rest_route=\/wp\/v2\/posts"}],"about":[{"href":"https:\/\/jairolibreros.com\/index.php?rest_route=\/wp\/v2\/types\/post"}],"author":[{"embeddable":true,"href":"https:\/\/jairolibreros.com\/index.php?rest_route=\/wp\/v2\/users\/1"}],"replies":[{"embeddable":true,"href":"https:\/\/jairolibreros.com\/index.php?rest_route=%2Fwp%2Fv2%2Fcomments&post=3940"}],"version-history":[{"count":8,"href":"https:\/\/jairolibreros.com\/index.php?rest_route=\/wp\/v2\/posts\/3940\/revisions"}],"predecessor-version":[{"id":4621,"href":"https:\/\/jairolibreros.com\/index.php?rest_route=\/wp\/v2\/posts\/3940\/revisions\/4621"}],"wp:featuredmedia":[{"embeddable":true,"href":"https:\/\/jairolibreros.com\/index.php?rest_route=\/wp\/v2\/media\/3941"}],"wp:attachment":[{"href":"https:\/\/jairolibreros.com\/index.php?rest_route=%2Fwp%2Fv2%2Fmedia&parent=3940"}],"wp:term":[{"taxonomy":"category","embeddable":true,"href":"https:\/\/jairolibreros.com\/index.php?rest_route=%2Fwp%2Fv2%2Fcategories&post=3940"},{"taxonomy":"post_tag","embeddable":true,"href":"https:\/\/jairolibreros.com\/index.php?rest_route=%2Fwp%2Fv2%2Ftags&post=3940"}],"curies":[{"name":"wp","href":"https:\/\/api.w.org\/{rel}","templated":true}]}}