{"id":3957,"date":"2025-05-27T00:16:13","date_gmt":"2025-05-27T00:16:13","guid":{"rendered":"https:\/\/jairolibreros.com\/?p=3957"},"modified":"2025-09-18T00:59:28","modified_gmt":"2025-09-18T00:59:28","slug":"soy-la-voz-de-quienes-rechazamos-los-dobles-y-triples-raceros-como-referentes-personales-en-la-administracion-publica","status":"publish","type":"post","link":"https:\/\/jairolibreros.com\/?p=3957","title":{"rendered":"Soy  la voz de qui\u00e9nes rechazamos los dobles y triples raceros como referentes personales en la administraci\u00f3n p\u00fablica"},"content":{"rendered":"<p><span style=\"font-family: tahoma, arial, helvetica, sans-serif; font-size: 14pt;\"><strong>Soy la voz de qui\u00e9nes rechazamos los dobles y triples raceros como referentes personales en la administraci\u00f3n p\u00fablica<\/strong><\/span><\/p>\n<p><span style=\"font-family: tahoma, arial, helvetica, sans-serif; font-size: 14pt;\"><em><a class=\"css-4rbku5 css-18t94o4 css-901oao css-16my406 r-1cvl2hr r-1loqt21 r-poiln3 r-bcqeeo r-1ny4l3l r-1ddef8g r-tjvw6i r-qvutc0\" dir=\"ltr\" role=\"link\" href=\"https:\/\/twitter.com\/hashtag\/SoyLaVoz?src=hashtag_click\">#SoyLaVoz<\/a> \u00b7 La Luci\u00e9rnaga \u00b7 Caracol Radio \u00b7 26.05.2025<\/em><\/span><\/p>\n<!--[if lt IE 9]><script>document.createElement('audio');<\/script><![endif]-->\n<audio class=\"wp-audio-shortcode\" id=\"audio-3957-1\" preload=\"none\" style=\"width: 100%;\" controls=\"controls\"><source type=\"audio\/mpeg\" src=\"https:\/\/jairolibreros.com\/wp-content\/uploads\/2025\/05\/AUDIO-2025-05-26-19-03-05.mp3?_=1\" \/><a href=\"https:\/\/jairolibreros.com\/wp-content\/uploads\/2025\/05\/AUDIO-2025-05-26-19-03-05.mp3\">https:\/\/jairolibreros.com\/wp-content\/uploads\/2025\/05\/AUDIO-2025-05-26-19-03-05.mp3<\/a><\/audio>\n<p>&nbsp;<\/p>\n<p class=\"p1\"><span style=\"font-family: tahoma, arial, helvetica, sans-serif; font-size: 14pt;\">Hola, les habla <b>Jairo Libreros<\/b>, profesor de la Universidad Externado de Colombia, y soy la voz de qui\u00e9nes rechazamos los dobles y triples raceros como referentes personales en la administraci\u00f3n p\u00fablica, porque contradicen las pr\u00e1cticas de buen gobierno y del cambio pol\u00edtico nacional.<\/span><\/p>\n<p class=\"p1\"><span style=\"font-family: tahoma, arial, helvetica, sans-serif; font-size: 14pt;\">La consigan petrista denominada el \u201cgobierno del cambio\u201d fracas\u00f3. En el papel, en la pr\u00e1ctica y en el resultado. En el papel, el caso de estudio m\u00e1s emblem\u00e1tico tiene nombre propio: David Racero, un congresista del Pacto Hist\u00f3rico, expresidente de la C\u00e1mara de Representantes y una de las voces oficiales m\u00e1s escuchadas del Gobierno del Cambio.<\/span><\/p>\n<p class=\"p1\"><span style=\"font-family: tahoma, arial, helvetica, sans-serif; font-size: 14pt;\">En la pr\u00e1ctica abogaba por el cambio de las costumbres t\u00f3xicas de la pol\u00edtica. Prometi\u00f3 desterrar el clientelismo, el nepotismo, el tr\u00e1fico de influencias, los porcentajes econ\u00f3micos ilegales a cambio de la entrega\u00a0<\/span><span style=\"font-family: tahoma, arial, helvetica, sans-serif; font-size: 14pt;\">de contratos o puestos, entre otras conductas punibles.<\/span><\/p>\n<p class=\"p1\"><span style=\"font-family: tahoma, arial, helvetica, sans-serif; font-size: 14pt;\">Y el resultado de la gesti\u00f3n de Racero es m\u00e1s de lo mismo. Todo indicar\u00eda que le minti\u00f3 a sus electores, traicion\u00f3 las bases filos\u00f3ficas del cambio petrista y decepcion\u00f3 al resto de la sociedad. Las denuncias period\u00edsticas son contundentes. Y la respuesta de Racero decepcionante.<\/span><\/p>\n<p class=\"p1\"><span style=\"font-family: tahoma, arial, helvetica, sans-serif; font-size: 14pt;\">En conclusi\u00f3n, el Gobierno del Cambio se qued\u00f3 sin oxigeno por cuenta del doble o triple racero expuesto por su alfil de marras, y no se puede deslindar del esc\u00e1ndalo, porque en este caso la responsabilidad pol\u00edtica es total.<\/span><\/p>\n<p style=\"text-align: right;\"><span style=\"text-decoration: underline; font-family: tahoma, arial, helvetica, sans-serif; font-size: 14pt;\"><a href=\"https:\/\/jairolibreros.com\/\"><strong>Blog de Jairo Libreros<\/strong><\/a><\/span><\/p>\n","protected":false},"excerpt":{"rendered":"<p>Soy la voz de qui\u00e9nes rechazamos los dobles y triples raceros como referentes personales en la administraci\u00f3n p\u00fablica #SoyLaVoz \u00b7 La Luci\u00e9rnaga \u00b7 <\/p>\n","protected":false},"author":1,"featured_media":428,"comment_status":"open","ping_status":"open","sticky":false,"template":"","format":"standard","meta":{"om_disable_all_campaigns":false,"_monsterinsights_skip_tracking":false,"_monsterinsights_sitenote_active":false,"_monsterinsights_sitenote_note":"","_monsterinsights_sitenote_category":0,"footnotes":""},"categories":[94,1],"tags":[54],"aioseo_notices":[],"class_list":["post-3957","post","type-post","status-publish","format-standard","has-post-thumbnail","hentry","category-caracol-radio","category-jairo-libreros","tag-comunicacion-politica"],"_links":{"self":[{"href":"https:\/\/jairolibreros.com\/index.php?rest_route=\/wp\/v2\/posts\/3957"}],"collection":[{"href":"https:\/\/jairolibreros.com\/index.php?rest_route=\/wp\/v2\/posts"}],"about":[{"href":"https:\/\/jairolibreros.com\/index.php?rest_route=\/wp\/v2\/types\/post"}],"author":[{"embeddable":true,"href":"https:\/\/jairolibreros.com\/index.php?rest_route=\/wp\/v2\/users\/1"}],"replies":[{"embeddable":true,"href":"https:\/\/jairolibreros.com\/index.php?rest_route=%2Fwp%2Fv2%2Fcomments&post=3957"}],"version-history":[{"count":4,"href":"https:\/\/jairolibreros.com\/index.php?rest_route=\/wp\/v2\/posts\/3957\/revisions"}],"predecessor-version":[{"id":4622,"href":"https:\/\/jairolibreros.com\/index.php?rest_route=\/wp\/v2\/posts\/3957\/revisions\/4622"}],"wp:featuredmedia":[{"embeddable":true,"href":"https:\/\/jairolibreros.com\/index.php?rest_route=\/wp\/v2\/media\/428"}],"wp:attachment":[{"href":"https:\/\/jairolibreros.com\/index.php?rest_route=%2Fwp%2Fv2%2Fmedia&parent=3957"}],"wp:term":[{"taxonomy":"category","embeddable":true,"href":"https:\/\/jairolibreros.com\/index.php?rest_route=%2Fwp%2Fv2%2Fcategories&post=3957"},{"taxonomy":"post_tag","embeddable":true,"href":"https:\/\/jairolibreros.com\/index.php?rest_route=%2Fwp%2Fv2%2Ftags&post=3957"}],"curies":[{"name":"wp","href":"https:\/\/api.w.org\/{rel}","templated":true}]}}