{"id":396,"date":"2022-05-17T02:18:53","date_gmt":"2022-05-17T02:18:53","guid":{"rendered":"https:\/\/jairolibreros.com\/?p=396"},"modified":"2025-10-22T14:20:39","modified_gmt":"2025-10-22T14:20:39","slug":"que-reflejan-los-informes-sobre-violacion-de-derechos-humanos-en-el-pais","status":"publish","type":"post","link":"https:\/\/jairolibreros.com\/?p=396","title":{"rendered":"\u00bfQu\u00e9 reflejan los informes sobre violaci\u00f3n de derechos humanos en el pa\u00eds?"},"content":{"rendered":"<p><span style=\"font-size: 14pt;\"><strong>\u00bfQu\u00e9 reflejan los informes sobre violaci\u00f3n de derechos humanos en el pa\u00eds?<\/strong><\/span><\/p>\n<p><span style=\"font-size: 14pt;\"><strong>Jairo Libreros<\/strong>, panelista Hora20 de Caracol Radio: &#8220;El personaje del a\u00f1o para Colombia son los j\u00f3venes manifestantes. No solo los que salieron a las calles para presentar reclamos sociales, tambi\u00e9n los vinculados con al primera l\u00ednea&#8221;<\/span><\/p>\n<blockquote hcb-fetch-image-from=\"https:\/\/twitter.com\/Hora20\/status\/1471284710731091968?s=20&amp;t=Krpj1LMY55xfRURXvErl6w\" class=\"twitter-tweet\" data-width=\"550\" data-dnt=\"true\">\n<p lang=\"es\" dir=\"ltr\"><a href=\"https:\/\/twitter.com\/hashtag\/Hora20?src=hash&amp;ref_src=twsrc%5Etfw\">#Hora20<\/a> | &quot;El personaje del a\u00f1o para Colombia son los j\u00f3venes manifestantes. No solo los que salieron a las calles para presentar reclamos sociales, tambi\u00e9n los vinculados con al primera l\u00ednea&quot;, <a href=\"https:\/\/twitter.com\/JairoLibreros?ref_src=twsrc%5Etfw\">@JairoLibreros<\/a> \u25b6\ufe0f <a href=\"https:\/\/t.co\/ZQpWTE0YTV\">https:\/\/t.co\/ZQpWTE0YTV<\/a> <a href=\"https:\/\/t.co\/31jWFPWiI6\">pic.twitter.com\/31jWFPWiI6<\/a><\/p>\n<p>&mdash; Hora 20 (@Hora20) <a href=\"https:\/\/twitter.com\/Hora20\/status\/1471284710731091968?ref_src=twsrc%5Etfw\">December 16, 2021<\/a><\/p><\/blockquote>\n<p><script async src=\"https:\/\/platform.twitter.com\/widgets.js\" charset=\"utf-8\"><\/script><\/p>\n<p><span style=\"font-size: 14pt;\"><strong>Jairo Libreros<\/strong>: &#8220;Hay forma perversa de crear \u201cchivos expiatorios\u201d cuando estigmatizamos j\u00f3venes, se produce da\u00f1o irreparable. Los j\u00f3venes en gran mayor\u00eda salieron de manera pac\u00edfica&#8221;<\/span><\/p>\n<blockquote hcb-fetch-image-from=\"https:\/\/twitter.com\/Hora20\/status\/1471284735884333060?s=20&amp;t=Krpj1LMY55xfRURXvErl6w\" class=\"twitter-tweet\" data-width=\"550\" data-dnt=\"true\">\n<p lang=\"es\" dir=\"ltr\"><a href=\"https:\/\/twitter.com\/hashtag\/Hora20?src=hash&amp;ref_src=twsrc%5Etfw\">#Hora20<\/a> | &quot;Hay forma perversa de crear \u201cchivos expiatorios\u201d cuando estigmatizamos j\u00f3venes, se produce da\u00f1o irreparable. Los j\u00f3venes en gran mayor\u00eda salieron de manera pac\u00edfica&quot;, <a href=\"https:\/\/twitter.com\/JairoLibreros?ref_src=twsrc%5Etfw\">@JairoLibreros<\/a> \u25b6\ufe0f <a href=\"https:\/\/t.co\/ZQpWTE0YTV\">https:\/\/t.co\/ZQpWTE0YTV<\/a> <a href=\"https:\/\/t.co\/mYTVtfTniM\">pic.twitter.com\/mYTVtfTniM<\/a><\/p>\n<p>&mdash; Hora 20 (@Hora20) <a href=\"https:\/\/twitter.com\/Hora20\/status\/1471284735884333060?ref_src=twsrc%5Etfw\">December 16, 2021<\/a><\/p><\/blockquote>\n<p><script async src=\"https:\/\/platform.twitter.com\/widgets.js\" charset=\"utf-8\"><\/script><\/p>\n<p><span style=\"font-size: 14pt;\"><strong>Jairo Libreros<\/strong>: &#8220;En muchos casos Fuerza P\u00fablica no actu\u00f3, lo que pas\u00f3 en Buga y Cali fue un desastre, no hubo operaciones para recuperar la normalidad y enviar mensaje de recuperaci\u00f3n institucional&#8221;.<\/span><\/p>\n<blockquote hcb-fetch-image-from=\"https:\/\/twitter.com\/Hora20\/status\/1471294506322608129?s=20&amp;t=Krpj1LMY55xfRURXvErl6w\" class=\"twitter-tweet\" data-width=\"550\" data-dnt=\"true\">\n<p lang=\"es\" dir=\"ltr\"><a href=\"https:\/\/twitter.com\/hashtag\/Hora20?src=hash&amp;ref_src=twsrc%5Etfw\">#Hora20<\/a> | &quot;En muchos casos Fuerza P\u00fablica no actu\u00f3, lo que pas\u00f3 en Buga y Cali fue un desastre, no hubo operaciones para recuperar la normalidad y enviar mensaje de recuperaci\u00f3n institucional&quot;, <a href=\"https:\/\/twitter.com\/JairoLibreros?ref_src=twsrc%5Etfw\">@JairoLibreros<\/a> \u25b6\ufe0f <a href=\"https:\/\/t.co\/ZQpWTE0YTV\">https:\/\/t.co\/ZQpWTE0YTV<\/a> <a href=\"https:\/\/t.co\/tuhEAUhawk\">pic.twitter.com\/tuhEAUhawk<\/a><\/p>\n<p>&mdash; Hora 20 (@Hora20) <a href=\"https:\/\/twitter.com\/Hora20\/status\/1471294506322608129?ref_src=twsrc%5Etfw\">December 16, 2021<\/a><\/p><\/blockquote>\n<p><script async src=\"https:\/\/platform.twitter.com\/widgets.js\" charset=\"utf-8\"><\/script><\/p>\n<p><span style=\"font-size: 14pt;\"><strong>Jairo Libreros<\/strong>: &#8220;Hay que definir la l\u00ednea de mando. Hoy no es clara frente a protesta social, hoy deber\u00eda estar en mano de alcaldes, pero Casa de Nari\u00f1o y ministerio se mete, unidades policiales no saben qu\u00e9 hacer&#8221;.<\/span><\/p>\n<blockquote hcb-fetch-image-from=\"https:\/\/twitter.com\/Hora20\/status\/1471290108330528770?s=20&amp;t=Krpj1LMY55xfRURXvErl6w\" class=\"twitter-tweet\" data-width=\"550\" data-dnt=\"true\">\n<p lang=\"es\" dir=\"ltr\"><a href=\"https:\/\/twitter.com\/hashtag\/Hora20?src=hash&amp;ref_src=twsrc%5Etfw\">#Hora20<\/a> | &quot;Hay que definir la l\u00ednea de mando. Hoy no es clara frente a protesta social, hoy deber\u00eda estar en mano de alcaldes, pero Casa de Nari\u00f1o y ministerio se mete, unidades policiales no saben qu\u00e9 hacer&quot;, <a href=\"https:\/\/twitter.com\/JairoLibreros?ref_src=twsrc%5Etfw\">@JairoLibreros<\/a> \u25b6\ufe0f <a href=\"https:\/\/t.co\/ZQpWTE0YTV\">https:\/\/t.co\/ZQpWTE0YTV<\/a> <a href=\"https:\/\/t.co\/3mSzFGXZPn\">pic.twitter.com\/3mSzFGXZPn<\/a><\/p>\n<p>&mdash; Hora 20 (@Hora20) <a href=\"https:\/\/twitter.com\/Hora20\/status\/1471290108330528770?ref_src=twsrc%5Etfw\">December 16, 2021<\/a><\/p><\/blockquote>\n<p><script async src=\"https:\/\/platform.twitter.com\/widgets.js\" charset=\"utf-8\"><\/script><\/p>\n<blockquote hcb-fetch-image-from=\"https:\/\/twitter.com\/JairoLibreros\/status\/1471670019767652352?s=20&amp;t=Krpj1LMY55xfRURXvErl6w\" class=\"twitter-tweet\" data-width=\"550\" data-dnt=\"true\">\n<p lang=\"es\" dir=\"ltr\">\u00bfQu\u00e9 reflejan los informes sobre violaci\u00f3n de derechos humanos en el pa\u00eds?, an\u00e1lisis <a href=\"https:\/\/twitter.com\/JairoLibreros?ref_src=twsrc%5Etfw\">@JairoLibreros<\/a> <a href=\"https:\/\/t.co\/g1amDs0zSY\">https:\/\/t.co\/g1amDs0zSY<\/a> <a href=\"https:\/\/t.co\/HfdvKkbdK5\">pic.twitter.com\/HfdvKkbdK5<\/a><\/p>\n<p>&mdash; Jairo Libreros (@JairoLibreros) <a href=\"https:\/\/twitter.com\/JairoLibreros\/status\/1471670019767652352?ref_src=twsrc%5Etfw\">December 17, 2021<\/a><\/p><\/blockquote>\n<p><script async src=\"https:\/\/platform.twitter.com\/widgets.js\" charset=\"utf-8\"><\/script><\/p>\n<p><span style=\"font-size: 14pt;\"><strong>Jairo Libreros<\/strong>: &#8220;No podemos olvidar que este informe y declaraciones de alcaldesa de Bogot\u00e1 est\u00e1 clara la responsabilidad del Estado por la p\u00e9rdida de vidas. Hubo 17 declaraciones del fiscal Barbosa estigmatizando la protesta social&#8221;.<\/span><\/p>\n<blockquote hcb-fetch-image-from=\"https:\/\/twitter.com\/Hora20\/status\/1471287359769559040?s=20&amp;t=Krpj1LMY55xfRURXvErl6w\" class=\"twitter-tweet\" data-width=\"550\" data-dnt=\"true\">\n<p lang=\"es\" dir=\"ltr\"><a href=\"https:\/\/twitter.com\/hashtag\/Hora20?src=hash&amp;ref_src=twsrc%5Etfw\">#Hora20<\/a> | &quot;No podemos olvidar que este informe y declaraciones de alcaldesa de Bogot\u00e1 est\u00e1 clara la responsabilidad del Estado por la p\u00e9rdida de vidas. Hubo 17 declaraciones del fiscal Barbosa estigmatizando la protesta social&quot;, <a href=\"https:\/\/twitter.com\/JairoLibreros?ref_src=twsrc%5Etfw\">@JairoLibreros<\/a> <a href=\"https:\/\/t.co\/dshDXkKxNo\">pic.twitter.com\/dshDXkKxNo<\/a><\/p>\n<p>&mdash; Hora 20 (@Hora20) <a href=\"https:\/\/twitter.com\/Hora20\/status\/1471287359769559040?ref_src=twsrc%5Etfw\">December 16, 2021<\/a><\/p><\/blockquote>\n<p><script async src=\"https:\/\/platform.twitter.com\/widgets.js\" charset=\"utf-8\"><\/script><\/p>\n<p><span style=\"font-size: 14pt;\"><strong>Las reflexiones tras los informes sobre abuso policial durante las protestas<\/strong><\/span><\/p>\n<p><span style=\"font-size: 14pt;\">Panelistas consideran que no hay sistematicidad, creen que se desconocen elementos como los efectos de los bloqueos y reacci\u00f3n del gobierno<\/span><\/p>\n<p><span style=\"font-size: 14pt;\"><strong>Jairo Libreros<\/strong>, abogado, profesor universitario y experto en asuntos de seguridad, plante\u00f3 que los hechos son tozudos porque narran el desenlace tr\u00e1gico entre el encuentro de v\u00e1ndalos y la incapacidad de instituciones para enviar mensajes de prevenci\u00f3n cuando hay crisis. Agreg\u00f3 que, si bien la narraci\u00f3n de hechos ya se conoc\u00eda, hay contexto m\u00e1s claro.\u00a0<strong>Afirm\u00f3 que los documentos cumplen con est\u00e1ndares internacionales, de esa forma<\/strong>, cuando no hay precauci\u00f3n en el uso de la forma y no se respetan los est\u00e1ndares, se suele caen en violaci\u00f3n de derechos humanos.<\/span><\/p>\n<p><span style=\"font-size: 14pt;\"><strong>A\u00f1adi\u00f3 que no evidencia sistematicidad en la violencia<\/strong>, pero s\u00ed una serie de errores como una posible cadena de mando rota y con las alcald\u00edas sin control sobre las decisiones en seguridad.<\/span><\/p>\n<p><iframe hcb-fetch-image-from=\"https:\/\/youtu.be\/TQv_TEspHr8\" title=\"Hora 20 - Reflexiones tras los informes sobre abuso policial durante las protestas\" width=\"640\" height=\"360\" src=\"https:\/\/www.youtube.com\/embed\/TQv_TEspHr8?feature=oembed\" frameborder=\"0\" allow=\"accelerometer; autoplay; clipboard-write; encrypted-media; gyroscope; picture-in-picture; web-share\" referrerpolicy=\"strict-origin-when-cross-origin\" allowfullscreen><\/iframe><\/p>\n<p>&nbsp;<\/p>\n","protected":false},"excerpt":{"rendered":"<p>\u00bfQu\u00e9 reflejan los informes sobre violaci\u00f3n de derechos humanos en el pa\u00eds? Jairo Libreros, panelista Hora20 de Caracol Radio: &#8220;El personaje del a\u00f1o <\/p>\n","protected":false},"author":1,"featured_media":428,"comment_status":"open","ping_status":"open","sticky":false,"template":"","format":"standard","meta":{"om_disable_all_campaigns":false,"_monsterinsights_skip_tracking":false,"_monsterinsights_sitenote_active":false,"_monsterinsights_sitenote_note":"","_monsterinsights_sitenote_category":0,"footnotes":""},"categories":[94,1],"tags":[90,98,37,39],"aioseo_notices":[],"class_list":["post-396","post","type-post","status-publish","format-standard","has-post-thumbnail","hentry","category-caracol-radio","category-jairo-libreros","tag-seguridad-y-defensa-nacional","tag-derechos-humanos","tag-movilizacion-social","tag-seguridad-ciudadana"],"_links":{"self":[{"href":"https:\/\/jairolibreros.com\/index.php?rest_route=\/wp\/v2\/posts\/396"}],"collection":[{"href":"https:\/\/jairolibreros.com\/index.php?rest_route=\/wp\/v2\/posts"}],"about":[{"href":"https:\/\/jairolibreros.com\/index.php?rest_route=\/wp\/v2\/types\/post"}],"author":[{"embeddable":true,"href":"https:\/\/jairolibreros.com\/index.php?rest_route=\/wp\/v2\/users\/1"}],"replies":[{"embeddable":true,"href":"https:\/\/jairolibreros.com\/index.php?rest_route=%2Fwp%2Fv2%2Fcomments&post=396"}],"version-history":[{"count":4,"href":"https:\/\/jairolibreros.com\/index.php?rest_route=\/wp\/v2\/posts\/396\/revisions"}],"predecessor-version":[{"id":1966,"href":"https:\/\/jairolibreros.com\/index.php?rest_route=\/wp\/v2\/posts\/396\/revisions\/1966"}],"wp:featuredmedia":[{"embeddable":true,"href":"https:\/\/jairolibreros.com\/index.php?rest_route=\/wp\/v2\/media\/428"}],"wp:attachment":[{"href":"https:\/\/jairolibreros.com\/index.php?rest_route=%2Fwp%2Fv2%2Fmedia&parent=396"}],"wp:term":[{"taxonomy":"category","embeddable":true,"href":"https:\/\/jairolibreros.com\/index.php?rest_route=%2Fwp%2Fv2%2Fcategories&post=396"},{"taxonomy":"post_tag","embeddable":true,"href":"https:\/\/jairolibreros.com\/index.php?rest_route=%2Fwp%2Fv2%2Ftags&post=396"}],"curies":[{"name":"wp","href":"https:\/\/api.w.org\/{rel}","templated":true}]}}