{"id":3971,"date":"2025-05-30T04:57:54","date_gmt":"2025-05-30T04:57:54","guid":{"rendered":"https:\/\/jairolibreros.com\/?p=3971"},"modified":"2025-09-18T01:00:25","modified_gmt":"2025-09-18T01:00:25","slug":"que-paso-con-la-asistencia-a-las-marchas","status":"publish","type":"post","link":"https:\/\/jairolibreros.com\/?p=3971","title":{"rendered":"\u00bfQu\u00e9 pas\u00f3 con la asistencia a las marchas?"},"content":{"rendered":"<p><strong><span style=\"font-family: tahoma, arial, helvetica, sans-serif; font-size: 14pt;\">\u00bfQu\u00e9 pas\u00f3 con la asistencia a las marchas?<\/span><\/strong><\/p>\n<p><span style=\"font-family: tahoma, arial, helvetica, sans-serif; font-size: 14pt;\"><em>El Tiempo \u00b7 Alejandra Gonz\u00e1lez \u00b7 29.05.2025<\/em><\/span><\/p>\n<p class=\"p1\" style=\"text-align: center;\"><span style=\"font-family: tahoma, arial, helvetica, sans-serif; font-size: 14pt;\"><strong><span class=\"s1\">En Bogot\u00e1, Cali y Medell\u00edn se presentaron manifestaciones que avanzaron sin incidentes de orden p\u00fablico<\/span><\/strong><\/span><\/p>\n<p class=\"p1\"><span style=\"font-family: tahoma, arial, helvetica, sans-serif; font-size: 14pt;\"><strong>\u00bfCu\u00e1l fue el balance de estos dos d\u00edas de movilizaciones en Colombia?<\/strong><\/span><\/p>\n<p class=\"p1\"><span style=\"font-family: tahoma, arial, helvetica, sans-serif; font-size: 14pt;\">&#8220;<em>El balance es desalentador para la Casa de Nari\u00f1o, l\u00e1nguido para los movimientos sociales y frustrante para numerosos ciudadanos en las principales ciudades del pa\u00eds.<span class=\"Apple-converted-space\">\u00a0<\/span><\/em><\/span><span style=\"font-family: tahoma, arial, helvetica, sans-serif; font-size: 14pt;\"><em>A\u00fan cuando el presidente Gustavo Petro y su minInterior Armando Benedetti intentaron vergonzantemente de deslindarse del liderazgo que impusieron en la jornada de protesta, es claro que fracasaron en su convocatoria y en la gesti\u00f3n de las marchas en todo el pa\u00eds. Hubo movilizaciones, pero desinfladas en t\u00e9rminos de participaci\u00f3n y sin voltaje pol\u00edtico.<\/em><\/span><\/p>\n<p class=\"p1\"><span style=\"font-family: tahoma, arial, helvetica, sans-serif; font-size: 14pt;\"><em>La falta de log\u00edstica, coordinaci\u00f3n y festividad denotan que la gran mayor\u00eda de movimientos sociales acusan desgaste y fatiga pol\u00edtica. No lograron sintonizar a sus bases con la convocatoria del Gobierno Nacional y la gesti\u00f3n en las calles fue nula. Y lo frustrante corre por cuenta de los colombianos v\u00edctimas de los bloqueos, que se contaron por millares en las v\u00edas, portales y calles de los principales centros urbanos del pa\u00eds<\/em>&#8220;: <strong>Jairo Libreros<\/strong>.<\/span><\/p>\n<p><span style=\"font-family: tahoma, arial, helvetica, sans-serif; font-size: 14pt;\">El link de El Tiempo es el siguiente:<\/span><\/p>\n<p><span style=\"text-decoration: underline;\"><a href=\"https:\/\/www.eltiempo.com\/politica\/gobierno\/se-canso-la-gente-de-las-marchas-expertos-hacen-balance-tras-baja-comvocatoria-en-el-segundo-dia-de-paro-nacional-3458711\">https:\/\/www.eltiempo.com\/politica\/gobierno\/se-canso-la-gente-de-las-marchas-expertos-hacen-balance-tras-baja-comvocatoria-en-el-segundo-dia-de-paro-nacional-3458711<\/a><\/span><\/p>\n<p style=\"text-align: right;\"><span style=\"text-decoration: underline; font-family: tahoma, arial, helvetica, sans-serif; font-size: 14pt;\"><a href=\"https:\/\/jairolibreros.com\/\"><strong>Blog de Jairo Libreros<\/strong><\/a><\/span><\/p>\n","protected":false},"excerpt":{"rendered":"<p>\u00bfQu\u00e9 pas\u00f3 con la asistencia a las marchas? El Tiempo \u00b7 Alejandra Gonz\u00e1lez \u00b7 29.05.2025 En Bogot\u00e1, Cali y Medell\u00edn se presentaron manifestaciones <\/p>\n","protected":false},"author":1,"featured_media":3288,"comment_status":"open","ping_status":"open","sticky":false,"template":"","format":"standard","meta":{"om_disable_all_campaigns":false,"_monsterinsights_skip_tracking":false,"_monsterinsights_sitenote_active":false,"_monsterinsights_sitenote_note":"","_monsterinsights_sitenote_category":0,"footnotes":""},"categories":[95,1],"tags":[44,54,37],"aioseo_notices":[],"class_list":["post-3971","post","type-post","status-publish","format-standard","has-post-thumbnail","hentry","category-el-tiempo","category-jairo-libreros","tag-elecciones","tag-comunicacion-politica","tag-movilizacion-social"],"_links":{"self":[{"href":"https:\/\/jairolibreros.com\/index.php?rest_route=\/wp\/v2\/posts\/3971"}],"collection":[{"href":"https:\/\/jairolibreros.com\/index.php?rest_route=\/wp\/v2\/posts"}],"about":[{"href":"https:\/\/jairolibreros.com\/index.php?rest_route=\/wp\/v2\/types\/post"}],"author":[{"embeddable":true,"href":"https:\/\/jairolibreros.com\/index.php?rest_route=\/wp\/v2\/users\/1"}],"replies":[{"embeddable":true,"href":"https:\/\/jairolibreros.com\/index.php?rest_route=%2Fwp%2Fv2%2Fcomments&post=3971"}],"version-history":[{"count":5,"href":"https:\/\/jairolibreros.com\/index.php?rest_route=\/wp\/v2\/posts\/3971\/revisions"}],"predecessor-version":[{"id":4623,"href":"https:\/\/jairolibreros.com\/index.php?rest_route=\/wp\/v2\/posts\/3971\/revisions\/4623"}],"wp:featuredmedia":[{"embeddable":true,"href":"https:\/\/jairolibreros.com\/index.php?rest_route=\/wp\/v2\/media\/3288"}],"wp:attachment":[{"href":"https:\/\/jairolibreros.com\/index.php?rest_route=%2Fwp%2Fv2%2Fmedia&parent=3971"}],"wp:term":[{"taxonomy":"category","embeddable":true,"href":"https:\/\/jairolibreros.com\/index.php?rest_route=%2Fwp%2Fv2%2Fcategories&post=3971"},{"taxonomy":"post_tag","embeddable":true,"href":"https:\/\/jairolibreros.com\/index.php?rest_route=%2Fwp%2Fv2%2Ftags&post=3971"}],"curies":[{"name":"wp","href":"https:\/\/api.w.org\/{rel}","templated":true}]}}